{"id":5084,"date":"2024-06-19T13:40:42","date_gmt":"2024-06-19T11:40:42","guid":{"rendered":"https:\/\/agora.xtec.cat\/ceip-joma\/?p=5084"},"modified":"2024-06-19T13:41:12","modified_gmt":"2024-06-19T11:41:12","slug":"comiat-de-sise","status":"publish","type":"post","link":"https:\/\/agora.xtec.cat\/ceip-joma\/portada\/comiat-de-sise\/","title":{"rendered":"COMIAT DE SIS\u00c8"},"content":{"rendered":"<p><a href=\"https:\/\/agora.xtec.cat\/ceip-joma\/wp-content\/uploads\/usu1530\/2024\/06\/IMG_0102-copia.jpg\"><img loading=\"lazy\" decoding=\"async\" class=\"alignnone size-large wp-image-5085\" src=\"https:\/\/agora.xtec.cat\/ceip-joma\/wp-content\/uploads\/usu1530\/2024\/06\/IMG_0102-copia-1024x768.jpg\" alt=\"\" width=\"1024\" height=\"768\" srcset=\"https:\/\/agora.xtec.cat\/ceip-joma\/wp-content\/uploads\/usu1530\/2024\/06\/IMG_0102-copia-1024x768.jpg 1024w, https:\/\/agora.xtec.cat\/ceip-joma\/wp-content\/uploads\/usu1530\/2024\/06\/IMG_0102-copia-300x225.jpg 300w, https:\/\/agora.xtec.cat\/ceip-joma\/wp-content\/uploads\/usu1530\/2024\/06\/IMG_0102-copia-768x576.jpg 768w, https:\/\/agora.xtec.cat\/ceip-joma\/wp-content\/uploads\/usu1530\/2024\/06\/IMG_0102-copia-1536x1152.jpg 1536w, https:\/\/agora.xtec.cat\/ceip-joma\/wp-content\/uploads\/usu1530\/2024\/06\/IMG_0102-copia-200x150.jpg 200w, https:\/\/agora.xtec.cat\/ceip-joma\/wp-content\/uploads\/usu1530\/2024\/06\/IMG_0102-copia.jpg 1900w\" sizes=\"auto, (max-width: 1024px) 100vw, 1024px\" \/><\/a><\/p>\n<p><span style=\"font-weight: 400\">Avui, 19 de juny,\u00a0 a l\u2019escola hem celebrat el comiat de l\u2019alumnat de sis\u00e8. Juntament amb les fam\u00edlies d\u2019aquests i aquestes alumnes hem gaudit d\u2019un mat\u00ed molt especial.<\/span><\/p>\n<p><span style=\"font-weight: 400\">Hem pogut veure un v\u00eddeo molt emotiu que recorda el seu pas per l\u2019escola, els companys i companyes de cinqu\u00e8 els han obsequiat amb un petit detall i unes paraules, hem fet entrega de les orles,\u2026<\/span><\/p>\n<p><span style=\"font-weight: 400\">Tamb\u00e9 hem comptat amb la participaci\u00f3 dels estudiants de 4rt d\u2019ESO, que en el seu moment tamb\u00e9 van venir a la nostra escola i que com a conseq\u00fc\u00e8ncia del confinament van tenir un comiat una mica diferent. Amb ells i elles hem recordat diferents an\u00e8cdotes del seu pas per la nostra escola.<\/span><\/p>\n<p><span style=\"font-weight: 400\">Tots plegats hem reviscut moments que segurament, sempre portarem amb nosaltres.<\/span><\/p>\n<p><span style=\"font-weight: 400\">Ara, comenceu una nova etapa! Us desitgem molta sort en aquest nou cam\u00ed!<\/span><\/p>\n<p><span style=\"font-weight: 400\"><a href=\"https:\/\/photos.app.goo.gl\/ETiuJPbYF7X8C1Qv8\">Aqu\u00ed<\/a> us deixem unes fotografies d\u2019aquest dia.<\/span><\/p>\n","protected":false},"excerpt":{"rendered":"<p>Avui, 19 de juny,\u00a0 a l\u2019escola hem celebrat el comiat de l\u2019alumnat de sis\u00e8. Juntament amb les fam\u00edlies d\u2019aquests i aquestes alumnes hem gaudit d\u2019un mat\u00ed molt especial. Hem pogut veure un v\u00eddeo molt emotiu que recorda el seu pas per l\u2019escola, els companys i companyes de cinqu\u00e8 els han obsequiat amb un petit detall [&hellip;]<\/p>\n","protected":false},"author":23,"featured_media":5085,"comment_status":"open","ping_status":"closed","sticky":false,"template":"","format":"standard","meta":{"_bbp_topic_count":0,"_bbp_reply_count":0,"_bbp_total_topic_count":0,"_bbp_total_reply_count":0,"_bbp_voice_count":0,"_bbp_anonymous_reply_count":0,"_bbp_topic_count_hidden":0,"_bbp_reply_count_hidden":0,"_bbp_forum_subforum_count":0,"site-sidebar-layout":"default","site-content-layout":"","ast-site-content-layout":"","site-content-style":"default","site-sidebar-style":"default","ast-global-header-display":"","ast-banner-title-visibility":"","ast-main-header-display":"","ast-hfb-above-header-display":"","ast-hfb-below-header-display":"","ast-hfb-mobile-header-display":"","site-post-title":"","ast-breadcrumbs-content":"","ast-featured-img":"","footer-sml-layout":"","theme-transparent-header-meta":"","adv-header-id-meta":"","stick-header-meta":"","header-above-stick-meta":"","header-main-stick-meta":"","header-below-stick-meta":"","astra-migrate-meta-layouts":"default","ast-page-background-enabled":"default","ast-page-background-meta":{"desktop":{"background-color":"var(--ast-global-color-4)","background-image":"","background-repeat":"repeat","background-position":"center center","background-size":"auto","background-attachment":"scroll","background-type":"","background-media":"","overlay-type":"","overlay-color":"","overlay-opacity":"","overlay-gradient":""},"tablet":{"background-color":"","background-image":"","background-repeat":"repeat","background-position":"center center","background-size":"auto","background-attachment":"scroll","background-type":"","background-media":"","overlay-type":"","overlay-color":"","overlay-opacity":"","overlay-gradient":""},"mobile":{"background-color":"","background-image":"","background-repeat":"repeat","background-position":"center center","background-size":"auto","background-attachment":"scroll","background-type":"","background-media":"","overlay-type":"","overlay-color":"","overlay-opacity":"","overlay-gradient":""}},"ast-content-background-meta":{"desktop":{"background-color":"var(--ast-global-color-5)","background-image":"","background-repeat":"repeat","background-position":"center center","background-size":"auto","background-attachment":"scroll","background-type":"","background-media":"","overlay-type":"","overlay-color":"","overlay-opacity":"","overlay-gradient":""},"tablet":{"background-color":"var(--ast-global-color-5)","background-image":"","background-repeat":"repeat","background-position":"center center","background-size":"auto","background-attachment":"scroll","background-type":"","background-media":"","overlay-type":"","overlay-color":"","overlay-opacity":"","overlay-gradient":""},"mobile":{"background-color":"var(--ast-global-color-5)","background-image":"","background-repeat":"repeat","background-position":"center center","background-size":"auto","background-attachment":"scroll","background-type":"","background-media":"","overlay-type":"","overlay-color":"","overlay-opacity":"","overlay-gradient":""}},"footnotes":""},"categories":[4],"tags":[160],"class_list":["post-5084","post","type-post","status-publish","format-standard","has-post-thumbnail","hentry","category-portada","tag-comiat-sise"],"post_mailing_queue_ids":[],"_links":{"self":[{"href":"https:\/\/agora.xtec.cat\/ceip-joma\/wp-json\/wp\/v2\/posts\/5084","targetHints":{"allow":["GET"]}}],"collection":[{"href":"https:\/\/agora.xtec.cat\/ceip-joma\/wp-json\/wp\/v2\/posts"}],"about":[{"href":"https:\/\/agora.xtec.cat\/ceip-joma\/wp-json\/wp\/v2\/types\/post"}],"author":[{"embeddable":true,"href":"https:\/\/agora.xtec.cat\/ceip-joma\/wp-json\/wp\/v2\/users\/23"}],"replies":[{"embeddable":true,"href":"https:\/\/agora.xtec.cat\/ceip-joma\/wp-json\/wp\/v2\/comments?post=5084"}],"version-history":[{"count":1,"href":"https:\/\/agora.xtec.cat\/ceip-joma\/wp-json\/wp\/v2\/posts\/5084\/revisions"}],"predecessor-version":[{"id":5086,"href":"https:\/\/agora.xtec.cat\/ceip-joma\/wp-json\/wp\/v2\/posts\/5084\/revisions\/5086"}],"wp:featuredmedia":[{"embeddable":true,"href":"https:\/\/agora.xtec.cat\/ceip-joma\/wp-json\/wp\/v2\/media\/5085"}],"wp:attachment":[{"href":"https:\/\/agora.xtec.cat\/ceip-joma\/wp-json\/wp\/v2\/media?parent=5084"}],"wp:term":[{"taxonomy":"category","embeddable":true,"href":"https:\/\/agora.xtec.cat\/ceip-joma\/wp-json\/wp\/v2\/categories?post=5084"},{"taxonomy":"post_tag","embeddable":true,"href":"https:\/\/agora.xtec.cat\/ceip-joma\/wp-json\/wp\/v2\/tags?post=5084"}],"curies":[{"name":"wp","href":"https:\/\/api.w.org\/{rel}","templated":true}]}}