{"id":5017,"date":"2024-06-20T21:31:26","date_gmt":"2024-06-20T19:31:26","guid":{"rendered":"https:\/\/agora.xtec.cat\/ceip-joma\/?p=5017"},"modified":"2024-06-20T21:39:19","modified_gmt":"2024-06-20T19:39:19","slug":"vallbona-danoia-el-nostre-municipi","status":"publish","type":"post","link":"https:\/\/agora.xtec.cat\/ceip-joma\/portada\/vallbona-danoia-el-nostre-municipi\/","title":{"rendered":"VALLBONA D&#8217;ANOIA, EL NOSTRE MUNICIPI"},"content":{"rendered":"<p>Durant aquest \u00faltim trimestre la classe dels Matem\u00e0tics hem estat informant-nos sobre el nostre municipi, Vallbona d&#8217;Anoia. Per fer-ho hem fet servir mapes, incl\u00f2s Google Maps, hem busca informaci\u00f3 sobre quins carrers, serveis i llocs hi trobem, tan visitant diferents indrets del poble, com a trav\u00e9s d&#8217;Internet. Tamb\u00e9 hem treballat la manera com s&#8217;organitza el municipi visitant l&#8217;Ajuntament i fent entrevistes a diferents persones relacionades amb ell.<\/p>\n<p>Per completar-ho, fins i tot hem creat un joc sobre Vallbona d&#8217;Anoia &#8220;MATECOPOLIS&#8221; molt entretingut i divertit.<\/p>\n<p>Ha estat un projecte molt interessant!!! \ud83d\ude42 \ud83d\ude0e<\/p>\n<p>Per acabar, volem agrair a totes les persones que han col\u00b7laborat amb nosaltres en aquest projecte, sobretot als entrevistats. <strong>GR\u00c0CIES!!! \ud83d\ude00\u00a0<\/strong><\/p>\n<p>Us deixem els diferents enlla\u00e7os, en ells trobareu les imatges dels diferents moments i els v\u00eddeos de les entrevistes realitzades.<\/p>\n<p>&nbsp;<\/p>\n<h5 style=\"text-align: center;\"><em><strong><a href=\"https:\/\/photos.app.goo.gl\/NSfo3jQ9DLqiFggx6\" target=\"_blank\" rel=\"noopener\">ENLLA\u00c7 A LES FOTOGRAFIES\u00a0<\/a><\/strong><\/em><\/h5>\n<p>&nbsp;<\/p>\n<h5 style=\"text-align: center;\"><em><strong><a href=\"https:\/\/www.canva.com\/design\/DAGGosvdLvY\/72-WVIwJ1otJ33NJJsqm0A\/watch?utm_content=DAGGosvdLvY&amp;utm_campaign=designshare&amp;utm_medium=link&amp;utm_source=editor\" target=\"_blank\" rel=\"noopener\">ENTREVISTA A MERITXELL BAQU\u00c9, ALCALDESSA <\/a><\/strong><\/em><\/h5>\n<p>&nbsp;<\/p>\n<h5 style=\"text-align: center;\"><em><strong><a href=\"https:\/\/www.canva.com\/design\/DAGGozLSaaY\/qNswfjJJMzJ8ZQUD93eqlg\/watch?utm_content=DAGGozLSaaY&amp;utm_campaign=designshare&amp;utm_medium=link&amp;utm_source=editor\" target=\"_blank\" rel=\"noopener\">ENTREVISTA A DELF\u00cd FARR\u00c9S, JUTGE DE PAU<\/a><\/strong><\/em><\/h5>\n<p>&nbsp;<\/p>\n<h5 style=\"text-align: center;\"><em><strong><a href=\"https:\/\/www.canva.com\/design\/DAGGvbekEGY\/9shYYwicvWBepCtlTJE5Ng\/watch?utm_content=DAGGvbekEGY&amp;utm_campaign=designshare&amp;utm_medium=link&amp;utm_source=editor\" target=\"_blank\" rel=\"noopener\">ENTREVISTA A TOM\u00c0S P\u00c9REZ, TINENT D&#8217;ALCALDE<\/a><\/strong><\/em><\/h5>\n<p>&nbsp;<\/p>\n<h5 style=\"text-align: center;\"><em><strong><a href=\"https:\/\/www.canva.com\/design\/DAGHNAQ4tiQ\/IDq0Lgd71_VQ5_2xu7_ynQ\/watch?utm_content=DAGHNAQ4tiQ&amp;utm_campaign=designshare&amp;utm_medium=link&amp;utm_source=editor\" target=\"_blank\" rel=\"noopener\">ENTREVISTA A ROC FARRERAS, REGIDOR<\/a><\/strong><\/em><\/h5>\n<p>&nbsp;<\/p>\n<h5 style=\"text-align: center;\"><em><strong><a href=\"https:\/\/www.canva.com\/design\/DAGGvf4GnMk\/mmWSuzwutZOBPaCb3W6FnA\/watch?utm_content=DAGGvf4GnMk&amp;utm_campaign=designshare&amp;utm_medium=link&amp;utm_source=editor\" target=\"_blank\" rel=\"noopener\">ENTREVISTA A SIRA MU\u00d1OZ, TREBALLADORA MUNICIPAL<\/a><\/strong><\/em><\/h5>\n<p>&nbsp;<\/p>\n<h5 style=\"text-align: center;\"><em><strong><a href=\"https:\/\/www.canva.com\/design\/DAGHNGBGya0\/56aeOIWjyXZE2pcQrIbJPQ\/watch?utm_content=DAGHNGBGya0&amp;utm_campaign=designshare&amp;utm_medium=link&amp;utm_source=editor\" target=\"_blank\" rel=\"noopener\">ENTREVISTA A ROGELI GALIMANY, DELINEANT I CREADOR DEL MAPA DEL TERME MUNICIPAL DE VALLBONA D&#8217;ANOIA<\/a><\/strong><\/em><\/h5>\n<p>&nbsp;<\/p>\n<p>&nbsp;<\/p>\n","protected":false},"excerpt":{"rendered":"<p>Durant aquest \u00faltim trimestre la classe dels Matem\u00e0tics hem estat informant-nos sobre el nostre municipi, Vallbona d&#8217;Anoia. Per fer-ho hem fet servir mapes, incl\u00f2s Google Maps, hem busca informaci\u00f3 sobre quins carrers, serveis i llocs hi trobem, tan visitant diferents indrets del poble, com a trav\u00e9s d&#8217;Internet. Tamb\u00e9 hem treballat la manera com s&#8217;organitza el [&hellip;]<\/p>\n","protected":false},"author":22,"featured_media":5096,"comment_status":"open","ping_status":"closed","sticky":false,"template":"","format":"standard","meta":{"_bbp_topic_count":0,"_bbp_reply_count":0,"_bbp_total_topic_count":0,"_bbp_total_reply_count":0,"_bbp_voice_count":0,"_bbp_anonymous_reply_count":0,"_bbp_topic_count_hidden":0,"_bbp_reply_count_hidden":0,"_bbp_forum_subforum_count":0,"site-sidebar-layout":"default","site-content-layout":"","ast-site-content-layout":"","site-content-style":"default","site-sidebar-style":"default","ast-global-header-display":"","ast-banner-title-visibility":"","ast-main-header-display":"","ast-hfb-above-header-display":"","ast-hfb-below-header-display":"","ast-hfb-mobile-header-display":"","site-post-title":"","ast-breadcrumbs-content":"","ast-featured-img":"","footer-sml-layout":"","theme-transparent-header-meta":"","adv-header-id-meta":"","stick-header-meta":"","header-above-stick-meta":"","header-main-stick-meta":"","header-below-stick-meta":"","astra-migrate-meta-layouts":"default","ast-page-background-enabled":"default","ast-page-background-meta":{"desktop":{"background-color":"var(--ast-global-color-4)","background-image":"","background-repeat":"repeat","background-position":"center center","background-size":"auto","background-attachment":"scroll","background-type":"","background-media":"","overlay-type":"","overlay-color":"","overlay-opacity":"","overlay-gradient":""},"tablet":{"background-color":"","background-image":"","background-repeat":"repeat","background-position":"center center","background-size":"auto","background-attachment":"scroll","background-type":"","background-media":"","overlay-type":"","overlay-color":"","overlay-opacity":"","overlay-gradient":""},"mobile":{"background-color":"","background-image":"","background-repeat":"repeat","background-position":"center center","background-size":"auto","background-attachment":"scroll","background-type":"","background-media":"","overlay-type":"","overlay-color":"","overlay-opacity":"","overlay-gradient":""}},"ast-content-background-meta":{"desktop":{"background-color":"var(--ast-global-color-5)","background-image":"","background-repeat":"repeat","background-position":"center center","background-size":"auto","background-attachment":"scroll","background-type":"","background-media":"","overlay-type":"","overlay-color":"","overlay-opacity":"","overlay-gradient":""},"tablet":{"background-color":"var(--ast-global-color-5)","background-image":"","background-repeat":"repeat","background-position":"center center","background-size":"auto","background-attachment":"scroll","background-type":"","background-media":"","overlay-type":"","overlay-color":"","overlay-opacity":"","overlay-gradient":""},"mobile":{"background-color":"var(--ast-global-color-5)","background-image":"","background-repeat":"repeat","background-position":"center center","background-size":"auto","background-attachment":"scroll","background-type":"","background-media":"","overlay-type":"","overlay-color":"","overlay-opacity":"","overlay-gradient":""}},"footnotes":""},"categories":[98,4],"tags":[118,154,69],"class_list":["post-5017","post","type-post","status-publish","format-standard","has-post-thumbnail","hentry","category-cg","category-portada","tag-3r-4t","tag-els-matematics","tag-projecte"],"post_mailing_queue_ids":[],"_links":{"self":[{"href":"https:\/\/agora.xtec.cat\/ceip-joma\/wp-json\/wp\/v2\/posts\/5017","targetHints":{"allow":["GET"]}}],"collection":[{"href":"https:\/\/agora.xtec.cat\/ceip-joma\/wp-json\/wp\/v2\/posts"}],"about":[{"href":"https:\/\/agora.xtec.cat\/ceip-joma\/wp-json\/wp\/v2\/types\/post"}],"author":[{"embeddable":true,"href":"https:\/\/agora.xtec.cat\/ceip-joma\/wp-json\/wp\/v2\/users\/22"}],"replies":[{"embeddable":true,"href":"https:\/\/agora.xtec.cat\/ceip-joma\/wp-json\/wp\/v2\/comments?post=5017"}],"version-history":[{"count":6,"href":"https:\/\/agora.xtec.cat\/ceip-joma\/wp-json\/wp\/v2\/posts\/5017\/revisions"}],"predecessor-version":[{"id":5103,"href":"https:\/\/agora.xtec.cat\/ceip-joma\/wp-json\/wp\/v2\/posts\/5017\/revisions\/5103"}],"wp:featuredmedia":[{"embeddable":true,"href":"https:\/\/agora.xtec.cat\/ceip-joma\/wp-json\/wp\/v2\/media\/5096"}],"wp:attachment":[{"href":"https:\/\/agora.xtec.cat\/ceip-joma\/wp-json\/wp\/v2\/media?parent=5017"}],"wp:term":[{"taxonomy":"category","embeddable":true,"href":"https:\/\/agora.xtec.cat\/ceip-joma\/wp-json\/wp\/v2\/categories?post=5017"},{"taxonomy":"post_tag","embeddable":true,"href":"https:\/\/agora.xtec.cat\/ceip-joma\/wp-json\/wp\/v2\/tags?post=5017"}],"curies":[{"name":"wp","href":"https:\/\/api.w.org\/{rel}","templated":true}]}}