{"id":4962,"date":"2024-05-14T14:54:47","date_gmt":"2024-05-14T12:54:47","guid":{"rendered":"https:\/\/agora.xtec.cat\/ceip-joma\/?p=4962"},"modified":"2024-05-14T15:00:52","modified_gmt":"2024-05-14T13:00:52","slug":"celebrem-el-play-green-i-el-clean-up-day","status":"publish","type":"post","link":"https:\/\/agora.xtec.cat\/ceip-joma\/portada\/celebrem-el-play-green-i-el-clean-up-day\/","title":{"rendered":"CELEBREM EL &#8221; PLAY GREEN &#8220;I EL &#8220;CLEAN UP DAY&#8221;"},"content":{"rendered":"<p align=\"justify\"><a href=\"https:\/\/agora.xtec.cat\/ceip-joma\/wp-content\/uploads\/usu1530\/2024\/05\/reduit-scaled.jpg\"><img loading=\"lazy\" decoding=\"async\" class=\"size-medium wp-image-4964 aligncenter\" src=\"https:\/\/agora.xtec.cat\/ceip-joma\/wp-content\/uploads\/usu1530\/2024\/05\/reduit-300x225.jpg\" alt=\"\" width=\"300\" height=\"225\" srcset=\"https:\/\/agora.xtec.cat\/ceip-joma\/wp-content\/uploads\/usu1530\/2024\/05\/reduit-300x225.jpg 300w, https:\/\/agora.xtec.cat\/ceip-joma\/wp-content\/uploads\/usu1530\/2024\/05\/reduit-1024x768.jpg 1024w, https:\/\/agora.xtec.cat\/ceip-joma\/wp-content\/uploads\/usu1530\/2024\/05\/reduit-768x576.jpg 768w, https:\/\/agora.xtec.cat\/ceip-joma\/wp-content\/uploads\/usu1530\/2024\/05\/reduit-1536x1152.jpg 1536w, https:\/\/agora.xtec.cat\/ceip-joma\/wp-content\/uploads\/usu1530\/2024\/05\/reduit-2048x1536.jpg 2048w, https:\/\/agora.xtec.cat\/ceip-joma\/wp-content\/uploads\/usu1530\/2024\/05\/reduit-200x150.jpg 200w\" sizes=\"auto, (max-width: 300px) 100vw, 300px\" \/><\/a><\/p>\n<p align=\"justify\"><span style=\"font-family: Comic Sans MS, cursive;\">El passat divendres 10 de maig l&#8217;escola va participar un cop m\u00e9s en l&#8217;activitat &#8220;Clean Up Day &#8220;, una acci\u00f3 que es realitza a nivell europeu per sensibilitzar les persones sobre la necessitat de la cura del medi ambient i la bona gesti\u00f3 dels residus.<\/span><\/p>\n<p align=\"justify\"><span style=\"font-family: Comic Sans MS, cursive;\">Durant el mat\u00ed, el grup de 6\u00e8 va participar amb el grup de 1r d&#8217;ESO en la celebraci\u00f3 del PLAY GREEN amb activitats conjuntes com la recollida de residus i relacionades amb la sostenibilidad a les nostres escoles i al poble. A m\u00e9s d&#8217;esmorzar plegats amb productes de proximitat, l&#8217;alumnat de 1r d&#8217;ESO va respondre a les preguntes que l&#8217;alumnat de 6\u00e8 els va fer sobre el funcionament de l&#8217;institut. Aqu\u00ed us deixem unes <a href=\"https:\/\/photos.app.goo.gl\/NYMFFiuYxnj3r5iX9\">imatges<\/a>.<\/span><\/p>\n<p align=\"justify\"><span style=\"font-family: Comic Sans MS, cursive;\">A la tarda, els grups de 1r a 6\u00e8 de l&#8217;escola van sortir pel poble a recollir residus que van trobar al llarg del cam\u00ed del Pitxar\u00f3 i al cam\u00ed del Carol fins a la depuradora. Altres anys havien participat tamb\u00e9 l&#8217;alumnat d&#8217;educaci\u00f3 infantil per\u00f2 aquest curs va coincidir que estaven de col\u00f2nies.<\/span><\/p>\n<p align=\"justify\"><span style=\"font-family: Comic Sans MS, cursive;\">Es van recollir els residus seg\u00fcents:<\/span><\/p>\n<table width=\"100%\" cellspacing=\"0\" cellpadding=\"3\">\n<tbody>\n<tr>\n<td width=\"17%\"><\/td>\n<td width=\"17%\">\n<p align=\"center\"><span style=\"font-family: Comic Sans MS, cursive;\"><b>Pl\u00e0stic i llaunes<\/b><\/span><\/p>\n<\/td>\n<td width=\"17%\">\n<p align=\"center\"><span style=\"font-family: Comic Sans MS, cursive;\"><b>Paper i cartr\u00f3<\/b><\/span><\/p>\n<\/td>\n<td width=\"17%\">\n<p align=\"center\"><span style=\"font-family: Comic Sans MS, cursive;\"><b>Vidre<\/b><\/span><\/p>\n<\/td>\n<td width=\"17%\">\n<p align=\"center\"><span style=\"font-family: Comic Sans MS, cursive;\"><b>Rebuig<\/b><\/span><\/p>\n<\/td>\n<td width=\"17%\">\n<p align=\"center\"><span style=\"font-family: Comic Sans MS, cursive;\"><b>TOTAL<\/b><\/span><\/p>\n<\/td>\n<\/tr>\n<tr>\n<td width=\"17%\">\n<p align=\"justify\"><span style=\"font-family: Comic Sans MS, cursive;\"><b>MAT\u00cd<\/b><\/span><\/p>\n<\/td>\n<td width=\"17%\">\n<p align=\"center\"><span style=\"font-family: Comic Sans MS, cursive;\">2,250 Kg<\/span><\/p>\n<\/td>\n<td width=\"17%\">\n<p align=\"center\"><span style=\"font-family: Comic Sans MS, cursive;\">0,810 kg<\/span><\/p>\n<\/td>\n<td width=\"17%\">\n<p align=\"center\"><span style=\"font-family: Comic Sans MS, cursive;\">4 kg<\/span><\/p>\n<\/td>\n<td width=\"17%\">\n<p align=\"center\"><span style=\"font-family: Comic Sans MS, cursive;\">3,300 kg<\/span><\/p>\n<\/td>\n<td width=\"17%\">\n<p align=\"center\"><span style=\"color: #c9211e;\"><span style=\"font-family: Comic Sans MS, cursive;\">10,360 kg<\/span><\/span><\/p>\n<\/td>\n<\/tr>\n<tr>\n<td width=\"17%\">\n<p align=\"justify\"><span style=\"font-family: Comic Sans MS, cursive;\"><b>TARDA<\/b><\/span><\/p>\n<\/td>\n<td width=\"17%\">\n<p align=\"center\"><span style=\"font-family: Comic Sans MS, cursive;\">2,25 sacs<\/span><\/p>\n<\/td>\n<td width=\"17%\">\n<p align=\"center\"><span style=\"font-family: Comic Sans MS, cursive;\">0&#8217;5 sacs<\/span><\/p>\n<\/td>\n<td width=\"17%\">\n<p align=\"center\"><span style=\"font-family: Comic Sans MS, cursive;\">0&#8217;25 sacs<\/span><\/p>\n<\/td>\n<td width=\"17%\">\n<p align=\"center\"><span style=\"font-family: Comic Sans MS, cursive;\">0&#8217;5 sacs<\/span><\/p>\n<p align=\"center\"><span style=\"font-family: Comic Sans MS, cursive;\">+<\/span><\/p>\n<p align=\"center\"><span style=\"font-family: Comic Sans MS, cursive;\">1 carcassa met\u00e0l.lica de moto.<\/span><\/p>\n<\/td>\n<td width=\"17%\">\n<p align=\"center\"><span style=\"color: #c9211e;\"><span style=\"font-family: Comic Sans MS, cursive;\">3&#8217;5 sacs<\/span><\/span><\/p>\n<p align=\"center\"><span style=\"color: #c9211e;\"><span style=\"font-family: Comic Sans MS, cursive;\">+<\/span><\/span><\/p>\n<p align=\"center\"><span style=\"color: #c9211e;\"><span style=\"font-family: Comic Sans MS, cursive;\">1 carcassa met\u00e0l.lica de moto.<\/span><\/span><\/p>\n<\/td>\n<\/tr>\n<\/tbody>\n<\/table>\n<p align=\"justify\"><span style=\"font-family: Comic Sans MS, cursive;\">Va ser una activitat molt enriquidora i de conscienciaci\u00f3 sobre la necessitat del reciclatge i la cura del medi ambient . Aqu\u00ed us deixem unes<a href=\"https:\/\/photos.app.goo.gl\/y6pLkpHc8EQFySKK7\"> imatges<\/a>.<\/span><\/p>\n","protected":false},"excerpt":{"rendered":"<p>El passat divendres 10 de maig l&#8217;escola va participar un cop m\u00e9s en l&#8217;activitat &#8220;Clean Up Day &#8220;, una acci\u00f3 que es realitza a nivell europeu per sensibilitzar les persones sobre la necessitat de la cura del medi ambient i la bona gesti\u00f3 dels residus. Durant el mat\u00ed, el grup de 6\u00e8 va participar amb [&hellip;]<\/p>\n","protected":false},"author":9,"featured_media":4964,"comment_status":"open","ping_status":"closed","sticky":false,"template":"","format":"standard","meta":{"_bbp_topic_count":0,"_bbp_reply_count":0,"_bbp_total_topic_count":0,"_bbp_total_reply_count":0,"_bbp_voice_count":0,"_bbp_anonymous_reply_count":0,"_bbp_topic_count_hidden":0,"_bbp_reply_count_hidden":0,"_bbp_forum_subforum_count":0,"site-sidebar-layout":"default","site-content-layout":"","ast-site-content-layout":"","site-content-style":"default","site-sidebar-style":"default","ast-global-header-display":"","ast-banner-title-visibility":"","ast-main-header-display":"","ast-hfb-above-header-display":"","ast-hfb-below-header-display":"","ast-hfb-mobile-header-display":"","site-post-title":"","ast-breadcrumbs-content":"","ast-featured-img":"","footer-sml-layout":"","theme-transparent-header-meta":"","adv-header-id-meta":"","stick-header-meta":"","header-above-stick-meta":"","header-main-stick-meta":"","header-below-stick-meta":"","astra-migrate-meta-layouts":"default","ast-page-background-enabled":"default","ast-page-background-meta":{"desktop":{"background-color":"var(--ast-global-color-4)","background-image":"","background-repeat":"repeat","background-position":"center center","background-size":"auto","background-attachment":"scroll","background-type":"","background-media":"","overlay-type":"","overlay-color":"","overlay-opacity":"","overlay-gradient":""},"tablet":{"background-color":"","background-image":"","background-repeat":"repeat","background-position":"center center","background-size":"auto","background-attachment":"scroll","background-type":"","background-media":"","overlay-type":"","overlay-color":"","overlay-opacity":"","overlay-gradient":""},"mobile":{"background-color":"","background-image":"","background-repeat":"repeat","background-position":"center center","background-size":"auto","background-attachment":"scroll","background-type":"","background-media":"","overlay-type":"","overlay-color":"","overlay-opacity":"","overlay-gradient":""}},"ast-content-background-meta":{"desktop":{"background-color":"var(--ast-global-color-5)","background-image":"","background-repeat":"repeat","background-position":"center center","background-size":"auto","background-attachment":"scroll","background-type":"","background-media":"","overlay-type":"","overlay-color":"","overlay-opacity":"","overlay-gradient":""},"tablet":{"background-color":"var(--ast-global-color-5)","background-image":"","background-repeat":"repeat","background-position":"center center","background-size":"auto","background-attachment":"scroll","background-type":"","background-media":"","overlay-type":"","overlay-color":"","overlay-opacity":"","overlay-gradient":""},"mobile":{"background-color":"var(--ast-global-color-5)","background-image":"","background-repeat":"repeat","background-position":"center center","background-size":"auto","background-attachment":"scroll","background-type":"","background-media":"","overlay-type":"","overlay-color":"","overlay-opacity":"","overlay-gradient":""}},"footnotes":""},"categories":[98,97,4],"tags":[],"class_list":["post-4962","post","type-post","status-publish","format-standard","has-post-thumbnail","hentry","category-cg","category-cm-portada","category-portada"],"post_mailing_queue_ids":[],"_links":{"self":[{"href":"https:\/\/agora.xtec.cat\/ceip-joma\/wp-json\/wp\/v2\/posts\/4962","targetHints":{"allow":["GET"]}}],"collection":[{"href":"https:\/\/agora.xtec.cat\/ceip-joma\/wp-json\/wp\/v2\/posts"}],"about":[{"href":"https:\/\/agora.xtec.cat\/ceip-joma\/wp-json\/wp\/v2\/types\/post"}],"author":[{"embeddable":true,"href":"https:\/\/agora.xtec.cat\/ceip-joma\/wp-json\/wp\/v2\/users\/9"}],"replies":[{"embeddable":true,"href":"https:\/\/agora.xtec.cat\/ceip-joma\/wp-json\/wp\/v2\/comments?post=4962"}],"version-history":[{"count":3,"href":"https:\/\/agora.xtec.cat\/ceip-joma\/wp-json\/wp\/v2\/posts\/4962\/revisions"}],"predecessor-version":[{"id":4965,"href":"https:\/\/agora.xtec.cat\/ceip-joma\/wp-json\/wp\/v2\/posts\/4962\/revisions\/4965"}],"wp:featuredmedia":[{"embeddable":true,"href":"https:\/\/agora.xtec.cat\/ceip-joma\/wp-json\/wp\/v2\/media\/4964"}],"wp:attachment":[{"href":"https:\/\/agora.xtec.cat\/ceip-joma\/wp-json\/wp\/v2\/media?parent=4962"}],"wp:term":[{"taxonomy":"category","embeddable":true,"href":"https:\/\/agora.xtec.cat\/ceip-joma\/wp-json\/wp\/v2\/categories?post=4962"},{"taxonomy":"post_tag","embeddable":true,"href":"https:\/\/agora.xtec.cat\/ceip-joma\/wp-json\/wp\/v2\/tags?post=4962"}],"curies":[{"name":"wp","href":"https:\/\/api.w.org\/{rel}","templated":true}]}}