{"id":4879,"date":"2024-04-22T23:05:29","date_gmt":"2024-04-22T21:05:29","guid":{"rendered":"https:\/\/agora.xtec.cat\/ceip-joma\/?p=4879"},"modified":"2024-04-22T23:16:59","modified_gmt":"2024-04-22T21:16:59","slug":"els-matematics-treballem-lalimentacio","status":"publish","type":"post","link":"https:\/\/agora.xtec.cat\/ceip-joma\/portada\/els-matematics-treballem-lalimentacio\/","title":{"rendered":"ELS MATEM\u00c0TICS TREBALLEM L&#8217;ALIMENTACI\u00d3"},"content":{"rendered":"<p>&nbsp;<\/p>\n<p style=\"text-align: center;\"><iframe loading=\"lazy\" src=\"\/\/www.youtube.com\/embed\/c6gP5D9Y1t4\" width=\"560\" height=\"314\" allowfullscreen=\"allowfullscreen\"><\/iframe><\/p>\n<p>Durant el 1r i 2n trimestre, a Medi, els Matem\u00e0tics hem fet diferents activitats relacionades amb l&#8217;alimentaci\u00f3. L&#8217;alumnat de 3r hem plantat, cuidat i recollit els fruits plantats a l&#8217;octubre al nostre l&#8217;hort i hem apr\u00e8s a classificar els aliments en funci\u00f3 dels nutrients que ens aporten. A m\u00e9s, hem fet jocs online, jocs en paper, fitxes i un recull de receptes diverses.<\/p>\n<p>A 4t el que hem fet ha estat crear la nostra pr\u00f2pia pir\u00e0mide dels aliments amb cartr\u00f3 i elements de la botiga de l&#8217;escola. Tamb\u00e9 hem treballat els nutrients que ens aporten els aliments i els \u00f2rgans relacionats amb tot aquest proc\u00e9s.<\/p>\n<p>Ara tots i totes ja sabem diferenciar els aliments saludables que hem de prendre cada dia i sovint dels que cal consumir de tant en tant, encara que ens agradin MOLT\u00cdSSIM&#8230; \ud83d\ude00<\/p>\n<p>Us deixem aquest v\u00eddeo amb un recull d&#8217;all\u00f2 que hem estat fent i a m\u00e9s, l&#8217;enlla\u00e7 a les <a href=\"https:\/\/photos.app.goo.gl\/JpTvc3HhjtLLQiwW7\" target=\"_blank\" rel=\"noopener\">FOTOS<\/a> de les activitats. \ud83d\ude09<\/p>\n<p>&nbsp;<\/p>\n","protected":false},"excerpt":{"rendered":"<p>&nbsp; Durant el 1r i 2n trimestre, a Medi, els Matem\u00e0tics hem fet diferents activitats relacionades amb l&#8217;alimentaci\u00f3. L&#8217;alumnat de 3r hem plantat, cuidat i recollit els fruits plantats a l&#8217;octubre al nostre l&#8217;hort i hem apr\u00e8s a classificar els aliments en funci\u00f3 dels nutrients que ens aporten. A m\u00e9s, hem fet jocs online, jocs [&hellip;]<\/p>\n","protected":false},"author":22,"featured_media":4933,"comment_status":"open","ping_status":"closed","sticky":false,"template":"","format":"standard","meta":{"_bbp_topic_count":0,"_bbp_reply_count":0,"_bbp_total_topic_count":0,"_bbp_total_reply_count":0,"_bbp_voice_count":0,"_bbp_anonymous_reply_count":0,"_bbp_topic_count_hidden":0,"_bbp_reply_count_hidden":0,"_bbp_forum_subforum_count":0,"site-sidebar-layout":"default","site-content-layout":"","ast-site-content-layout":"","site-content-style":"default","site-sidebar-style":"default","ast-global-header-display":"","ast-banner-title-visibility":"","ast-main-header-display":"","ast-hfb-above-header-display":"","ast-hfb-below-header-display":"","ast-hfb-mobile-header-display":"","site-post-title":"","ast-breadcrumbs-content":"","ast-featured-img":"","footer-sml-layout":"","theme-transparent-header-meta":"","adv-header-id-meta":"","stick-header-meta":"","header-above-stick-meta":"","header-main-stick-meta":"","header-below-stick-meta":"","astra-migrate-meta-layouts":"default","ast-page-background-enabled":"default","ast-page-background-meta":{"desktop":{"background-color":"var(--ast-global-color-4)","background-image":"","background-repeat":"repeat","background-position":"center center","background-size":"auto","background-attachment":"scroll","background-type":"","background-media":"","overlay-type":"","overlay-color":"","overlay-opacity":"","overlay-gradient":""},"tablet":{"background-color":"","background-image":"","background-repeat":"repeat","background-position":"center center","background-size":"auto","background-attachment":"scroll","background-type":"","background-media":"","overlay-type":"","overlay-color":"","overlay-opacity":"","overlay-gradient":""},"mobile":{"background-color":"","background-image":"","background-repeat":"repeat","background-position":"center center","background-size":"auto","background-attachment":"scroll","background-type":"","background-media":"","overlay-type":"","overlay-color":"","overlay-opacity":"","overlay-gradient":""}},"ast-content-background-meta":{"desktop":{"background-color":"var(--ast-global-color-5)","background-image":"","background-repeat":"repeat","background-position":"center center","background-size":"auto","background-attachment":"scroll","background-type":"","background-media":"","overlay-type":"","overlay-color":"","overlay-opacity":"","overlay-gradient":""},"tablet":{"background-color":"var(--ast-global-color-5)","background-image":"","background-repeat":"repeat","background-position":"center center","background-size":"auto","background-attachment":"scroll","background-type":"","background-media":"","overlay-type":"","overlay-color":"","overlay-opacity":"","overlay-gradient":""},"mobile":{"background-color":"var(--ast-global-color-5)","background-image":"","background-repeat":"repeat","background-position":"center center","background-size":"auto","background-attachment":"scroll","background-type":"","background-media":"","overlay-type":"","overlay-color":"","overlay-opacity":"","overlay-gradient":""}},"footnotes":""},"categories":[98,4],"tags":[118,101,154,105],"class_list":["post-4879","post","type-post","status-publish","format-standard","has-post-thumbnail","hentry","category-cg","category-portada","tag-3r-4t","tag-comunitat-de-grans","tag-els-matematics","tag-medi"],"post_mailing_queue_ids":[],"_links":{"self":[{"href":"https:\/\/agora.xtec.cat\/ceip-joma\/wp-json\/wp\/v2\/posts\/4879","targetHints":{"allow":["GET"]}}],"collection":[{"href":"https:\/\/agora.xtec.cat\/ceip-joma\/wp-json\/wp\/v2\/posts"}],"about":[{"href":"https:\/\/agora.xtec.cat\/ceip-joma\/wp-json\/wp\/v2\/types\/post"}],"author":[{"embeddable":true,"href":"https:\/\/agora.xtec.cat\/ceip-joma\/wp-json\/wp\/v2\/users\/22"}],"replies":[{"embeddable":true,"href":"https:\/\/agora.xtec.cat\/ceip-joma\/wp-json\/wp\/v2\/comments?post=4879"}],"version-history":[{"count":6,"href":"https:\/\/agora.xtec.cat\/ceip-joma\/wp-json\/wp\/v2\/posts\/4879\/revisions"}],"predecessor-version":[{"id":4936,"href":"https:\/\/agora.xtec.cat\/ceip-joma\/wp-json\/wp\/v2\/posts\/4879\/revisions\/4936"}],"wp:featuredmedia":[{"embeddable":true,"href":"https:\/\/agora.xtec.cat\/ceip-joma\/wp-json\/wp\/v2\/media\/4933"}],"wp:attachment":[{"href":"https:\/\/agora.xtec.cat\/ceip-joma\/wp-json\/wp\/v2\/media?parent=4879"}],"wp:term":[{"taxonomy":"category","embeddable":true,"href":"https:\/\/agora.xtec.cat\/ceip-joma\/wp-json\/wp\/v2\/categories?post=4879"},{"taxonomy":"post_tag","embeddable":true,"href":"https:\/\/agora.xtec.cat\/ceip-joma\/wp-json\/wp\/v2\/tags?post=4879"}],"curies":[{"name":"wp","href":"https:\/\/api.w.org\/{rel}","templated":true}]}}