{"id":4840,"date":"2024-03-19T12:59:54","date_gmt":"2024-03-19T11:59:54","guid":{"rendered":"https:\/\/agora.xtec.cat\/ceip-joma\/?p=4840"},"modified":"2024-03-20T14:05:14","modified_gmt":"2024-03-20T13:05:14","slug":"servei-comunitari-dalumnes-de-4t-deso-a-lescola","status":"publish","type":"post","link":"https:\/\/agora.xtec.cat\/ceip-joma\/portada\/servei-comunitari-dalumnes-de-4t-deso-a-lescola\/","title":{"rendered":"SERVEI COMUNITARI D&#8217;ALUMNES DE 4t D&#8217;ESO A L&#8217;ESCOLA"},"content":{"rendered":"<p>Durant el mes de febrer i mar\u00e7 a l&#8217;escola hem pogut compartir estones setmanals amb alumnes de l&#8217;institut de Vallbona, molts d&#8217;ells exalumnes del nostre centre.<\/p>\n<p>Aix\u00ed durant 4 setmanes ens han vingut a ajudar les diferents comunitats a fer diferents tasques. Aix\u00ed la Marta i Sheila han ajudat a les mestres d&#8217;Infantil a fer PL\u00c0STICA.<\/p>\n<p>En Pere i l&#8217;\u00c0lex han ajudat durant les sessions de PL\u00c0STICA\u00a0 i, fins i tot, han\u00a0 preparat i dirigit una activitat adre\u00e7ada\u00a0 alumnes de la comunitat de Mitjans.<\/p>\n<p>A la comunitat de Grans ens han acompanyat en David i l&#8217;Ainoa al taller de ROB\u00d2TICA i, la Noa i la Laura, al taller de PL\u00c0STICA.\u00a0 Tots ells ens han preparat i realitzat una de les sessions pels alumnes d&#8217;aquesta comunitat.<\/p>\n<p>Ha estat una experi\u00e8ncia gratificant poder compartir aquestes estones amb antics alumnes de l&#8217;escola i veure com encaren el seu pr\u00f2xim futur un cop finalitzin l&#8217;ESO.<\/p>\n<p>Esperen que els vagi molt b\u00e9! \ud83d\ude42<\/p>\n<h6><span style=\"color: #000000;\">Aqu\u00ed teniu<\/span> <span style=\"color: #ff00ff;\"><a href=\"https:\/\/photos.app.goo.gl\/keBiFJLw4F91qATGA\" target=\"_blank\" rel=\"noopener\">L&#8217;ENLLA\u00c7<\/a>\u00a0<\/span> <span style=\"color: #000000;\">a\u00a0 les fotografies.<\/span><\/h6>\n","protected":false},"excerpt":{"rendered":"<p>Durant el mes de febrer i mar\u00e7 a l&#8217;escola hem pogut compartir estones setmanals amb alumnes de l&#8217;institut de Vallbona, molts d&#8217;ells exalumnes del nostre centre. Aix\u00ed durant 4 setmanes ens han vingut a ajudar les diferents comunitats a fer diferents tasques. Aix\u00ed la Marta i Sheila han ajudat a les mestres d&#8217;Infantil a fer [&hellip;]<\/p>\n","protected":false},"author":22,"featured_media":4883,"comment_status":"open","ping_status":"closed","sticky":false,"template":"","format":"standard","meta":{"_bbp_topic_count":0,"_bbp_reply_count":0,"_bbp_total_topic_count":0,"_bbp_total_reply_count":0,"_bbp_voice_count":0,"_bbp_anonymous_reply_count":0,"_bbp_topic_count_hidden":0,"_bbp_reply_count_hidden":0,"_bbp_forum_subforum_count":0,"site-sidebar-layout":"default","site-content-layout":"","ast-site-content-layout":"","site-content-style":"default","site-sidebar-style":"default","ast-global-header-display":"","ast-banner-title-visibility":"","ast-main-header-display":"","ast-hfb-above-header-display":"","ast-hfb-below-header-display":"","ast-hfb-mobile-header-display":"","site-post-title":"","ast-breadcrumbs-content":"","ast-featured-img":"","footer-sml-layout":"","theme-transparent-header-meta":"","adv-header-id-meta":"","stick-header-meta":"","header-above-stick-meta":"","header-main-stick-meta":"","header-below-stick-meta":"","astra-migrate-meta-layouts":"default","ast-page-background-enabled":"default","ast-page-background-meta":{"desktop":{"background-color":"var(--ast-global-color-4)","background-image":"","background-repeat":"repeat","background-position":"center center","background-size":"auto","background-attachment":"scroll","background-type":"","background-media":"","overlay-type":"","overlay-color":"","overlay-opacity":"","overlay-gradient":""},"tablet":{"background-color":"","background-image":"","background-repeat":"repeat","background-position":"center center","background-size":"auto","background-attachment":"scroll","background-type":"","background-media":"","overlay-type":"","overlay-color":"","overlay-opacity":"","overlay-gradient":""},"mobile":{"background-color":"","background-image":"","background-repeat":"repeat","background-position":"center center","background-size":"auto","background-attachment":"scroll","background-type":"","background-media":"","overlay-type":"","overlay-color":"","overlay-opacity":"","overlay-gradient":""}},"ast-content-background-meta":{"desktop":{"background-color":"var(--ast-global-color-5)","background-image":"","background-repeat":"repeat","background-position":"center center","background-size":"auto","background-attachment":"scroll","background-type":"","background-media":"","overlay-type":"","overlay-color":"","overlay-opacity":"","overlay-gradient":""},"tablet":{"background-color":"var(--ast-global-color-5)","background-image":"","background-repeat":"repeat","background-position":"center center","background-size":"auto","background-attachment":"scroll","background-type":"","background-media":"","overlay-type":"","overlay-color":"","overlay-opacity":"","overlay-gradient":""},"mobile":{"background-color":"var(--ast-global-color-5)","background-image":"","background-repeat":"repeat","background-position":"center center","background-size":"auto","background-attachment":"scroll","background-type":"","background-media":"","overlay-type":"","overlay-color":"","overlay-opacity":"","overlay-gradient":""}},"footnotes":""},"categories":[98,97,4],"tags":[101,157,120,17,125,103],"class_list":["post-4840","post","type-post","status-publish","format-standard","has-post-thumbnail","hentry","category-cg","category-cm-portada","category-portada","tag-comunitat-de-grans","tag-comunitat-de-petits","tag-comunitat-mitjans","tag-plastica","tag-robotica","tag-tallers"],"post_mailing_queue_ids":[],"_links":{"self":[{"href":"https:\/\/agora.xtec.cat\/ceip-joma\/wp-json\/wp\/v2\/posts\/4840","targetHints":{"allow":["GET"]}}],"collection":[{"href":"https:\/\/agora.xtec.cat\/ceip-joma\/wp-json\/wp\/v2\/posts"}],"about":[{"href":"https:\/\/agora.xtec.cat\/ceip-joma\/wp-json\/wp\/v2\/types\/post"}],"author":[{"embeddable":true,"href":"https:\/\/agora.xtec.cat\/ceip-joma\/wp-json\/wp\/v2\/users\/22"}],"replies":[{"embeddable":true,"href":"https:\/\/agora.xtec.cat\/ceip-joma\/wp-json\/wp\/v2\/comments?post=4840"}],"version-history":[{"count":6,"href":"https:\/\/agora.xtec.cat\/ceip-joma\/wp-json\/wp\/v2\/posts\/4840\/revisions"}],"predecessor-version":[{"id":4899,"href":"https:\/\/agora.xtec.cat\/ceip-joma\/wp-json\/wp\/v2\/posts\/4840\/revisions\/4899"}],"wp:featuredmedia":[{"embeddable":true,"href":"https:\/\/agora.xtec.cat\/ceip-joma\/wp-json\/wp\/v2\/media\/4883"}],"wp:attachment":[{"href":"https:\/\/agora.xtec.cat\/ceip-joma\/wp-json\/wp\/v2\/media?parent=4840"}],"wp:term":[{"taxonomy":"category","embeddable":true,"href":"https:\/\/agora.xtec.cat\/ceip-joma\/wp-json\/wp\/v2\/categories?post=4840"},{"taxonomy":"post_tag","embeddable":true,"href":"https:\/\/agora.xtec.cat\/ceip-joma\/wp-json\/wp\/v2\/tags?post=4840"}],"curies":[{"name":"wp","href":"https:\/\/api.w.org\/{rel}","templated":true}]}}