{"id":4763,"date":"2024-02-08T13:51:33","date_gmt":"2024-02-08T12:51:33","guid":{"rendered":"https:\/\/agora.xtec.cat\/ceip-joma\/?p=4763"},"modified":"2024-02-08T13:54:57","modified_gmt":"2024-02-08T12:54:57","slug":"celebrem-el-dia-internacional-de-la-pau","status":"publish","type":"post","link":"https:\/\/agora.xtec.cat\/ceip-joma\/antiga-general\/celebrem-el-dia-internacional-de-la-pau\/","title":{"rendered":"CELEBREM EL DIA INTERNACIONAL DE LA PAU"},"content":{"rendered":"<p><a href=\"https:\/\/agora.xtec.cat\/ceip-joma\/wp-content\/uploads\/usu1530\/2024\/02\/IMG_7673-scaled.jpg\"><img loading=\"lazy\" decoding=\"async\" class=\"wp-image-4767 aligncenter\" src=\"https:\/\/agora.xtec.cat\/ceip-joma\/wp-content\/uploads\/usu1530\/2024\/02\/IMG_7673-1024x760.jpg\" alt=\"\" width=\"456\" height=\"339\" srcset=\"https:\/\/agora.xtec.cat\/ceip-joma\/wp-content\/uploads\/usu1530\/2024\/02\/IMG_7673-1024x760.jpg 1024w, https:\/\/agora.xtec.cat\/ceip-joma\/wp-content\/uploads\/usu1530\/2024\/02\/IMG_7673-300x223.jpg 300w, https:\/\/agora.xtec.cat\/ceip-joma\/wp-content\/uploads\/usu1530\/2024\/02\/IMG_7673-768x570.jpg 768w, https:\/\/agora.xtec.cat\/ceip-joma\/wp-content\/uploads\/usu1530\/2024\/02\/IMG_7673-1536x1140.jpg 1536w, https:\/\/agora.xtec.cat\/ceip-joma\/wp-content\/uploads\/usu1530\/2024\/02\/IMG_7673-2048x1520.jpg 2048w, https:\/\/agora.xtec.cat\/ceip-joma\/wp-content\/uploads\/usu1530\/2024\/02\/IMG_7673-200x150.jpg 200w\" sizes=\"auto, (max-width: 456px) 100vw, 456px\" \/><\/a><\/p>\n<p>El dia 30 de gener vam celebrar a l&#8217;escola el dia de la Pau. Aquest any hem agafat com a refer\u00e8ncia el llibre de &#8220;El viatge de Samira&#8221; de l&#8217;autora Helena Portella Berg\u00e9s, que explica les realitats paral\u00b7leles de dues nenes, una d&#8217;elles ciutadana d&#8217;un pa\u00eds en guerra i l&#8217;altra habitant d&#8217;un pa\u00eds en estat de pau.<\/p>\n<p>Una vegada interpretades les il\u00b7lustracions del llibre, i tenint present la realitat que s&#8217;est\u00e0 visquen en alguns paisos del m\u00f3n, a l&#8217;escola ens hem animat a reinterpretar la hist\u00f2ria, en aquest cas essent les protagonistes l&#8217;Erika i la Maia.<\/p>\n<p>La Comunitat de grans han estat els redactors i redactores d&#8217;ambdues hist\u00f2ries i, la comunitat de Mitjans i Petits han estat els il\u00b7lustracions i il\u00b7lustradores.<\/p>\n<p>Per acabar, a la tarda, ens hem trobat totes les comunitats. Els m\u00e9s grans han explicat ambdues hist\u00f2ries i de manera paral\u00b7lela es podien anar observant les il\u00b7lustracions.<\/p>\n<p>Ha estat un treball cooperatiu molt enriquidor que ens ha apropat a ser m\u00e9s conscients de la realitat que ens envolta.<\/p>\n<p><strong><a href=\"https:\/\/photos.app.goo.gl\/YgyqSabijxfp7GUC9\">Aqu\u00ed<\/a><\/strong> us deixem un recull d&#8217;aquesta jornada.<\/p>\n","protected":false},"excerpt":{"rendered":"<p>El dia 30 de gener vam celebrar a l&#8217;escola el dia de la Pau. Aquest any hem agafat com a refer\u00e8ncia el llibre de &#8220;El viatge de Samira&#8221; de l&#8217;autora Helena Portella Berg\u00e9s, que explica les realitats paral\u00b7leles de dues nenes, una d&#8217;elles ciutadana d&#8217;un pa\u00eds en guerra i l&#8217;altra habitant d&#8217;un pa\u00eds en estat [&hellip;]<\/p>\n","protected":false},"author":8,"featured_media":4767,"comment_status":"open","ping_status":"closed","sticky":false,"template":"","format":"standard","meta":{"_bbp_topic_count":0,"_bbp_reply_count":0,"_bbp_total_topic_count":0,"_bbp_total_reply_count":0,"_bbp_voice_count":0,"_bbp_anonymous_reply_count":0,"_bbp_topic_count_hidden":0,"_bbp_reply_count_hidden":0,"_bbp_forum_subforum_count":0,"site-sidebar-layout":"default","site-content-layout":"","ast-site-content-layout":"","site-content-style":"default","site-sidebar-style":"default","ast-global-header-display":"","ast-banner-title-visibility":"","ast-main-header-display":"","ast-hfb-above-header-display":"","ast-hfb-below-header-display":"","ast-hfb-mobile-header-display":"","site-post-title":"","ast-breadcrumbs-content":"","ast-featured-img":"","footer-sml-layout":"","theme-transparent-header-meta":"","adv-header-id-meta":"","stick-header-meta":"","header-above-stick-meta":"","header-main-stick-meta":"","header-below-stick-meta":"","astra-migrate-meta-layouts":"default","ast-page-background-enabled":"default","ast-page-background-meta":{"desktop":{"background-color":"var(--ast-global-color-4)","background-image":"","background-repeat":"repeat","background-position":"center center","background-size":"auto","background-attachment":"scroll","background-type":"","background-media":"","overlay-type":"","overlay-color":"","overlay-opacity":"","overlay-gradient":""},"tablet":{"background-color":"","background-image":"","background-repeat":"repeat","background-position":"center center","background-size":"auto","background-attachment":"scroll","background-type":"","background-media":"","overlay-type":"","overlay-color":"","overlay-opacity":"","overlay-gradient":""},"mobile":{"background-color":"","background-image":"","background-repeat":"repeat","background-position":"center center","background-size":"auto","background-attachment":"scroll","background-type":"","background-media":"","overlay-type":"","overlay-color":"","overlay-opacity":"","overlay-gradient":""}},"ast-content-background-meta":{"desktop":{"background-color":"var(--ast-global-color-5)","background-image":"","background-repeat":"repeat","background-position":"center center","background-size":"auto","background-attachment":"scroll","background-type":"","background-media":"","overlay-type":"","overlay-color":"","overlay-opacity":"","overlay-gradient":""},"tablet":{"background-color":"var(--ast-global-color-5)","background-image":"","background-repeat":"repeat","background-position":"center center","background-size":"auto","background-attachment":"scroll","background-type":"","background-media":"","overlay-type":"","overlay-color":"","overlay-opacity":"","overlay-gradient":""},"mobile":{"background-color":"var(--ast-global-color-5)","background-image":"","background-repeat":"repeat","background-position":"center center","background-size":"auto","background-attachment":"scroll","background-type":"","background-media":"","overlay-type":"","overlay-color":"","overlay-opacity":"","overlay-gradient":""}},"footnotes":""},"categories":[63,1,98,97],"tags":[],"class_list":["post-4763","post","type-post","status-publish","format-standard","has-post-thumbnail","hentry","category-activescola","category-antiga-general","category-cg","category-cm-portada"],"post_mailing_queue_ids":[],"_links":{"self":[{"href":"https:\/\/agora.xtec.cat\/ceip-joma\/wp-json\/wp\/v2\/posts\/4763","targetHints":{"allow":["GET"]}}],"collection":[{"href":"https:\/\/agora.xtec.cat\/ceip-joma\/wp-json\/wp\/v2\/posts"}],"about":[{"href":"https:\/\/agora.xtec.cat\/ceip-joma\/wp-json\/wp\/v2\/types\/post"}],"author":[{"embeddable":true,"href":"https:\/\/agora.xtec.cat\/ceip-joma\/wp-json\/wp\/v2\/users\/8"}],"replies":[{"embeddable":true,"href":"https:\/\/agora.xtec.cat\/ceip-joma\/wp-json\/wp\/v2\/comments?post=4763"}],"version-history":[{"count":5,"href":"https:\/\/agora.xtec.cat\/ceip-joma\/wp-json\/wp\/v2\/posts\/4763\/revisions"}],"predecessor-version":[{"id":4770,"href":"https:\/\/agora.xtec.cat\/ceip-joma\/wp-json\/wp\/v2\/posts\/4763\/revisions\/4770"}],"wp:featuredmedia":[{"embeddable":true,"href":"https:\/\/agora.xtec.cat\/ceip-joma\/wp-json\/wp\/v2\/media\/4767"}],"wp:attachment":[{"href":"https:\/\/agora.xtec.cat\/ceip-joma\/wp-json\/wp\/v2\/media?parent=4763"}],"wp:term":[{"taxonomy":"category","embeddable":true,"href":"https:\/\/agora.xtec.cat\/ceip-joma\/wp-json\/wp\/v2\/categories?post=4763"},{"taxonomy":"post_tag","embeddable":true,"href":"https:\/\/agora.xtec.cat\/ceip-joma\/wp-json\/wp\/v2\/tags?post=4763"}],"curies":[{"name":"wp","href":"https:\/\/api.w.org\/{rel}","templated":true}]}}