{"id":4715,"date":"2023-12-21T01:12:48","date_gmt":"2023-12-21T00:12:48","guid":{"rendered":"https:\/\/agora.xtec.cat\/ceip-joma\/?p=4715"},"modified":"2023-12-21T01:14:22","modified_gmt":"2023-12-21T00:14:22","slug":"el-nadal-torna-a-ser-amb-nosaltres","status":"publish","type":"post","link":"https:\/\/agora.xtec.cat\/ceip-joma\/portada\/el-nadal-torna-a-ser-amb-nosaltres\/","title":{"rendered":"EL NADAL TORNA A SER AMB NOSALTRES"},"content":{"rendered":"<blockquote><p>El passat 5 de desembre els nens i nenes de la comunitat de petits i mitjans vam sortir pels voltants<br \/>\nde l&#8217;escola a la recerca de l&#8217;anhelat Ti\u00f3. I Sorpresa!!!! Ja ens estaven esperant a les oliveres del<br \/>\ncostat. I l&#8217;hem estat alimentant durant tots aquests dies. Ja hem notat les panxes ben plenes!<\/p>\n<p>I com cada any, la tarda abans d&#8217;acabar l&#8217;escola, ens hem passejat per diferents indrets del poble<br \/>\noferint a les fam\u00edlies unes boniques nadales assajades durant molts dies. Ens han sortit d&#8217;all\u00f2 m\u00e9s b\u00e9. <a href=\"https:\/\/photos.app.goo.gl\/S6D4VFcTxHsQ3gHy6\">Fotos<\/a>.<\/p>\n<p>I per fi avui dia 20 hem fet cagar el Ti\u00f3 amb molta il\u00b7lusi\u00f3. Ha cagat moltes coses boniques!!!<br \/>\nL&#8217;alumnat m\u00e9s gran ha celebrat l&#8217;amic invisible amb els companys i tots plegats han fet un pica-pica<br \/>\na les aules. <a href=\"https:\/\/photos.app.goo.gl\/qXn1VQNRRwoTNdTQ6\">Fotos<\/a>.<\/p>\n<p>Ara continuarem les festes en fam\u00edlia, gaudint de l&#8217;ambient nadalenc i de la bona companyia de<br \/>\nsempre.\u00a0Molt bones festes a tothom!<\/p>\n<p><iframe loading=\"lazy\" title=\"YouTube video player\" src=\"\/\/www.youtube.com\/embed\/nfO4uivwdzU?si=jO2tsLT0tbDMgIQe\" width=\"560\" height=\"315\" frameborder=\"0\" allowfullscreen=\"allowfullscreen\"><\/iframe><\/p><\/blockquote>\n","protected":false},"excerpt":{"rendered":"<p>El passat 5 de desembre els nens i nenes de la comunitat de petits i mitjans vam sortir pels voltants de l&#8217;escola a la recerca de l&#8217;anhelat Ti\u00f3. I Sorpresa!!!! Ja ens estaven esperant a les oliveres del costat. I l&#8217;hem estat alimentant durant tots aquests dies. Ja hem notat les panxes ben plenes! I [&hellip;]<\/p>\n","protected":false},"author":8,"featured_media":4716,"comment_status":"open","ping_status":"closed","sticky":false,"template":"","format":"standard","meta":{"_bbp_topic_count":0,"_bbp_reply_count":0,"_bbp_total_topic_count":0,"_bbp_total_reply_count":0,"_bbp_voice_count":0,"_bbp_anonymous_reply_count":0,"_bbp_topic_count_hidden":0,"_bbp_reply_count_hidden":0,"_bbp_forum_subforum_count":0,"site-sidebar-layout":"default","site-content-layout":"","ast-site-content-layout":"","site-content-style":"default","site-sidebar-style":"default","ast-global-header-display":"","ast-banner-title-visibility":"","ast-main-header-display":"","ast-hfb-above-header-display":"","ast-hfb-below-header-display":"","ast-hfb-mobile-header-display":"","site-post-title":"","ast-breadcrumbs-content":"","ast-featured-img":"","footer-sml-layout":"","theme-transparent-header-meta":"","adv-header-id-meta":"","stick-header-meta":"","header-above-stick-meta":"","header-main-stick-meta":"","header-below-stick-meta":"","astra-migrate-meta-layouts":"default","ast-page-background-enabled":"default","ast-page-background-meta":{"desktop":{"background-color":"var(--ast-global-color-4)","background-image":"","background-repeat":"repeat","background-position":"center center","background-size":"auto","background-attachment":"scroll","background-type":"","background-media":"","overlay-type":"","overlay-color":"","overlay-opacity":"","overlay-gradient":""},"tablet":{"background-color":"","background-image":"","background-repeat":"repeat","background-position":"center center","background-size":"auto","background-attachment":"scroll","background-type":"","background-media":"","overlay-type":"","overlay-color":"","overlay-opacity":"","overlay-gradient":""},"mobile":{"background-color":"","background-image":"","background-repeat":"repeat","background-position":"center center","background-size":"auto","background-attachment":"scroll","background-type":"","background-media":"","overlay-type":"","overlay-color":"","overlay-opacity":"","overlay-gradient":""}},"ast-content-background-meta":{"desktop":{"background-color":"var(--ast-global-color-5)","background-image":"","background-repeat":"repeat","background-position":"center center","background-size":"auto","background-attachment":"scroll","background-type":"","background-media":"","overlay-type":"","overlay-color":"","overlay-opacity":"","overlay-gradient":""},"tablet":{"background-color":"var(--ast-global-color-5)","background-image":"","background-repeat":"repeat","background-position":"center center","background-size":"auto","background-attachment":"scroll","background-type":"","background-media":"","overlay-type":"","overlay-color":"","overlay-opacity":"","overlay-gradient":""},"mobile":{"background-color":"var(--ast-global-color-5)","background-image":"","background-repeat":"repeat","background-position":"center center","background-size":"auto","background-attachment":"scroll","background-type":"","background-media":"","overlay-type":"","overlay-color":"","overlay-opacity":"","overlay-gradient":""}},"footnotes":""},"categories":[63,98,97,99,4],"tags":[],"class_list":["post-4715","post","type-post","status-publish","format-standard","has-post-thumbnail","hentry","category-activescola","category-cg","category-cm-portada","category-musica","category-portada"],"post_mailing_queue_ids":[],"_links":{"self":[{"href":"https:\/\/agora.xtec.cat\/ceip-joma\/wp-json\/wp\/v2\/posts\/4715","targetHints":{"allow":["GET"]}}],"collection":[{"href":"https:\/\/agora.xtec.cat\/ceip-joma\/wp-json\/wp\/v2\/posts"}],"about":[{"href":"https:\/\/agora.xtec.cat\/ceip-joma\/wp-json\/wp\/v2\/types\/post"}],"author":[{"embeddable":true,"href":"https:\/\/agora.xtec.cat\/ceip-joma\/wp-json\/wp\/v2\/users\/8"}],"replies":[{"embeddable":true,"href":"https:\/\/agora.xtec.cat\/ceip-joma\/wp-json\/wp\/v2\/comments?post=4715"}],"version-history":[{"count":3,"href":"https:\/\/agora.xtec.cat\/ceip-joma\/wp-json\/wp\/v2\/posts\/4715\/revisions"}],"predecessor-version":[{"id":4719,"href":"https:\/\/agora.xtec.cat\/ceip-joma\/wp-json\/wp\/v2\/posts\/4715\/revisions\/4719"}],"wp:featuredmedia":[{"embeddable":true,"href":"https:\/\/agora.xtec.cat\/ceip-joma\/wp-json\/wp\/v2\/media\/4716"}],"wp:attachment":[{"href":"https:\/\/agora.xtec.cat\/ceip-joma\/wp-json\/wp\/v2\/media?parent=4715"}],"wp:term":[{"taxonomy":"category","embeddable":true,"href":"https:\/\/agora.xtec.cat\/ceip-joma\/wp-json\/wp\/v2\/categories?post=4715"},{"taxonomy":"post_tag","embeddable":true,"href":"https:\/\/agora.xtec.cat\/ceip-joma\/wp-json\/wp\/v2\/tags?post=4715"}],"curies":[{"name":"wp","href":"https:\/\/api.w.org\/{rel}","templated":true}]}}