{"id":4680,"date":"2023-12-13T17:12:13","date_gmt":"2023-12-13T16:12:13","guid":{"rendered":"https:\/\/agora.xtec.cat\/ceip-joma\/?p=4680"},"modified":"2023-12-13T17:12:13","modified_gmt":"2023-12-13T16:12:13","slug":"tota-la-primaria-anem-a-la-fageda","status":"publish","type":"post","link":"https:\/\/agora.xtec.cat\/ceip-joma\/portada\/tota-la-primaria-anem-a-la-fageda\/","title":{"rendered":"TOTA LA PRIM\u00c0RIA ANEM A LA FAGEDA"},"content":{"rendered":"<p><a href=\"https:\/\/agora.xtec.cat\/ceip-joma\/wp-content\/uploads\/usu1530\/2023\/12\/IMG_4029.jpg\"><img loading=\"lazy\" decoding=\"async\" class=\" wp-image-4686 aligncenter\" src=\"https:\/\/agora.xtec.cat\/ceip-joma\/wp-content\/uploads\/usu1530\/2023\/12\/IMG_4029-1024x768.jpg\" alt=\"\" width=\"677\" height=\"508\" srcset=\"https:\/\/agora.xtec.cat\/ceip-joma\/wp-content\/uploads\/usu1530\/2023\/12\/IMG_4029-1024x768.jpg 1024w, https:\/\/agora.xtec.cat\/ceip-joma\/wp-content\/uploads\/usu1530\/2023\/12\/IMG_4029-300x225.jpg 300w, https:\/\/agora.xtec.cat\/ceip-joma\/wp-content\/uploads\/usu1530\/2023\/12\/IMG_4029-768x576.jpg 768w, https:\/\/agora.xtec.cat\/ceip-joma\/wp-content\/uploads\/usu1530\/2023\/12\/IMG_4029-1536x1152.jpg 1536w, https:\/\/agora.xtec.cat\/ceip-joma\/wp-content\/uploads\/usu1530\/2023\/12\/IMG_4029-200x150.jpg 200w, https:\/\/agora.xtec.cat\/ceip-joma\/wp-content\/uploads\/usu1530\/2023\/12\/IMG_4029.jpg 1814w\" sizes=\"auto, (max-width: 677px) 100vw, 677px\" \/><\/a><\/p>\n<p>&nbsp;<\/p>\n<p style=\"text-align: center;\">El dilluns dia 11 tot l&#8217;alumnat de prim\u00e0ria vam gaudir d&#8217;un dia a la Fageda d&#8217;en Jord\u00e0 i a la f\u00e0brica de iogurts.<\/p>\n<p style=\"text-align: center;\">Separat en dos grups vam fer una passejada amb el Miguel \u00c0ngel i en Quim que ens han explicat com \u00e9s aquest ecosistema i tot el que podem trobar en ell. Tamb\u00e9 vam fer una visita a la f\u00e0brica &#8220;La fageda&#8221; on ens van explicar tot el proc\u00e9s, des de la granja amb les vaques que tenen all\u00e0 fins al proc\u00e9s de elaboraci\u00f3 i producci\u00f3 dels diferents productes l\u00e0ctics i melmelades que es fan all\u00e0.<\/p>\n<p>&nbsp;<\/p>\n<p style=\"text-align: center;\">En acabar la visita ens van obsequiar amb iogurt que, per cert, estava BON\u00cdSSIMMMM!!!! \ud83d\ude42 \ud83d\ude42<\/p>\n<p><a href=\"https:\/\/agora.xtec.cat\/ceip-joma\/wp-content\/uploads\/usu1530\/2023\/12\/IMG_6269.jpg\"><img loading=\"lazy\" decoding=\"async\" class=\"wp-image-4685 aligncenter\" src=\"https:\/\/agora.xtec.cat\/ceip-joma\/wp-content\/uploads\/usu1530\/2023\/12\/IMG_6269-1024x768.jpg\" alt=\"\" width=\"675\" height=\"506\" srcset=\"https:\/\/agora.xtec.cat\/ceip-joma\/wp-content\/uploads\/usu1530\/2023\/12\/IMG_6269-1024x768.jpg 1024w, https:\/\/agora.xtec.cat\/ceip-joma\/wp-content\/uploads\/usu1530\/2023\/12\/IMG_6269-300x225.jpg 300w, https:\/\/agora.xtec.cat\/ceip-joma\/wp-content\/uploads\/usu1530\/2023\/12\/IMG_6269-768x576.jpg 768w, https:\/\/agora.xtec.cat\/ceip-joma\/wp-content\/uploads\/usu1530\/2023\/12\/IMG_6269-1536x1152.jpg 1536w, https:\/\/agora.xtec.cat\/ceip-joma\/wp-content\/uploads\/usu1530\/2023\/12\/IMG_6269-200x150.jpg 200w, https:\/\/agora.xtec.cat\/ceip-joma\/wp-content\/uploads\/usu1530\/2023\/12\/IMG_6269.jpg 1613w\" sizes=\"auto, (max-width: 675px) 100vw, 675px\" \/><\/a><\/p>\n<p><a href=\"https:\/\/agora.xtec.cat\/ceip-joma\/wp-content\/uploads\/usu1530\/2023\/12\/IMG_6272.jpg\"><img loading=\"lazy\" decoding=\"async\" class=\" wp-image-4684 aligncenter\" src=\"https:\/\/agora.xtec.cat\/ceip-joma\/wp-content\/uploads\/usu1530\/2023\/12\/IMG_6272-1024x768.jpg\" alt=\"\" width=\"671\" height=\"503\" srcset=\"https:\/\/agora.xtec.cat\/ceip-joma\/wp-content\/uploads\/usu1530\/2023\/12\/IMG_6272-1024x768.jpg 1024w, https:\/\/agora.xtec.cat\/ceip-joma\/wp-content\/uploads\/usu1530\/2023\/12\/IMG_6272-300x225.jpg 300w, https:\/\/agora.xtec.cat\/ceip-joma\/wp-content\/uploads\/usu1530\/2023\/12\/IMG_6272-768x576.jpg 768w, https:\/\/agora.xtec.cat\/ceip-joma\/wp-content\/uploads\/usu1530\/2023\/12\/IMG_6272-1536x1152.jpg 1536w, https:\/\/agora.xtec.cat\/ceip-joma\/wp-content\/uploads\/usu1530\/2023\/12\/IMG_6272-200x150.jpg 200w, https:\/\/agora.xtec.cat\/ceip-joma\/wp-content\/uploads\/usu1530\/2023\/12\/IMG_6272.jpg 1613w\" sizes=\"auto, (max-width: 671px) 100vw, 671px\" \/><\/a><\/p>\n<p style=\"text-align: center;\">A m\u00e9s d&#8217;aquestes fotografies en aquest <a href=\"https:\/\/photos.app.goo.gl\/TnjFAaEFFUCdYHjt6\" target=\"_blank\" rel=\"noopener\">ENLLA\u00c7<\/a> teniu moltes m\u00e9s de tot all\u00f2 que vam fer, veure i apr\u00e8s amb aquesta sortida.<\/p>\n<p>&nbsp;<\/p>\n<p>&nbsp;<\/p>\n","protected":false},"excerpt":{"rendered":"<p>&nbsp; El dilluns dia 11 tot l&#8217;alumnat de prim\u00e0ria vam gaudir d&#8217;un dia a la Fageda d&#8217;en Jord\u00e0 i a la f\u00e0brica de iogurts. Separat en dos grups vam fer una passejada amb el Miguel \u00c0ngel i en Quim que ens han explicat com \u00e9s aquest ecosistema i tot el que podem trobar en ell. [&hellip;]<\/p>\n","protected":false},"author":22,"featured_media":4681,"comment_status":"open","ping_status":"closed","sticky":false,"template":"","format":"standard","meta":{"_bbp_topic_count":0,"_bbp_reply_count":0,"_bbp_total_topic_count":0,"_bbp_total_reply_count":0,"_bbp_voice_count":0,"_bbp_anonymous_reply_count":0,"_bbp_topic_count_hidden":0,"_bbp_reply_count_hidden":0,"_bbp_forum_subforum_count":0,"site-sidebar-layout":"default","site-content-layout":"","ast-site-content-layout":"","site-content-style":"default","site-sidebar-style":"default","ast-global-header-display":"","ast-banner-title-visibility":"","ast-main-header-display":"","ast-hfb-above-header-display":"","ast-hfb-below-header-display":"","ast-hfb-mobile-header-display":"","site-post-title":"","ast-breadcrumbs-content":"","ast-featured-img":"","footer-sml-layout":"","theme-transparent-header-meta":"","adv-header-id-meta":"","stick-header-meta":"","header-above-stick-meta":"","header-main-stick-meta":"","header-below-stick-meta":"","astra-migrate-meta-layouts":"default","ast-page-background-enabled":"default","ast-page-background-meta":{"desktop":{"background-color":"var(--ast-global-color-4)","background-image":"","background-repeat":"repeat","background-position":"center center","background-size":"auto","background-attachment":"scroll","background-type":"","background-media":"","overlay-type":"","overlay-color":"","overlay-opacity":"","overlay-gradient":""},"tablet":{"background-color":"","background-image":"","background-repeat":"repeat","background-position":"center center","background-size":"auto","background-attachment":"scroll","background-type":"","background-media":"","overlay-type":"","overlay-color":"","overlay-opacity":"","overlay-gradient":""},"mobile":{"background-color":"","background-image":"","background-repeat":"repeat","background-position":"center center","background-size":"auto","background-attachment":"scroll","background-type":"","background-media":"","overlay-type":"","overlay-color":"","overlay-opacity":"","overlay-gradient":""}},"ast-content-background-meta":{"desktop":{"background-color":"var(--ast-global-color-5)","background-image":"","background-repeat":"repeat","background-position":"center center","background-size":"auto","background-attachment":"scroll","background-type":"","background-media":"","overlay-type":"","overlay-color":"","overlay-opacity":"","overlay-gradient":""},"tablet":{"background-color":"var(--ast-global-color-5)","background-image":"","background-repeat":"repeat","background-position":"center center","background-size":"auto","background-attachment":"scroll","background-type":"","background-media":"","overlay-type":"","overlay-color":"","overlay-opacity":"","overlay-gradient":""},"mobile":{"background-color":"var(--ast-global-color-5)","background-image":"","background-repeat":"repeat","background-position":"center center","background-size":"auto","background-attachment":"scroll","background-type":"","background-media":"","overlay-type":"","overlay-color":"","overlay-opacity":"","overlay-gradient":""}},"footnotes":""},"categories":[98,97,4],"tags":[105,138,16],"class_list":["post-4680","post","type-post","status-publish","format-standard","has-post-thumbnail","hentry","category-cg","category-cm-portada","category-portada","tag-medi","tag-primaria","tag-sortides"],"post_mailing_queue_ids":[],"_links":{"self":[{"href":"https:\/\/agora.xtec.cat\/ceip-joma\/wp-json\/wp\/v2\/posts\/4680","targetHints":{"allow":["GET"]}}],"collection":[{"href":"https:\/\/agora.xtec.cat\/ceip-joma\/wp-json\/wp\/v2\/posts"}],"about":[{"href":"https:\/\/agora.xtec.cat\/ceip-joma\/wp-json\/wp\/v2\/types\/post"}],"author":[{"embeddable":true,"href":"https:\/\/agora.xtec.cat\/ceip-joma\/wp-json\/wp\/v2\/users\/22"}],"replies":[{"embeddable":true,"href":"https:\/\/agora.xtec.cat\/ceip-joma\/wp-json\/wp\/v2\/comments?post=4680"}],"version-history":[{"count":6,"href":"https:\/\/agora.xtec.cat\/ceip-joma\/wp-json\/wp\/v2\/posts\/4680\/revisions"}],"predecessor-version":[{"id":4693,"href":"https:\/\/agora.xtec.cat\/ceip-joma\/wp-json\/wp\/v2\/posts\/4680\/revisions\/4693"}],"wp:featuredmedia":[{"embeddable":true,"href":"https:\/\/agora.xtec.cat\/ceip-joma\/wp-json\/wp\/v2\/media\/4681"}],"wp:attachment":[{"href":"https:\/\/agora.xtec.cat\/ceip-joma\/wp-json\/wp\/v2\/media?parent=4680"}],"wp:term":[{"taxonomy":"category","embeddable":true,"href":"https:\/\/agora.xtec.cat\/ceip-joma\/wp-json\/wp\/v2\/categories?post=4680"},{"taxonomy":"post_tag","embeddable":true,"href":"https:\/\/agora.xtec.cat\/ceip-joma\/wp-json\/wp\/v2\/tags?post=4680"}],"curies":[{"name":"wp","href":"https:\/\/api.w.org\/{rel}","templated":true}]}}