{"id":4458,"date":"2023-06-02T16:46:59","date_gmt":"2023-06-02T14:46:59","guid":{"rendered":"https:\/\/agora.xtec.cat\/ceip-joma\/?p=4458"},"modified":"2023-06-02T16:49:02","modified_gmt":"2023-06-02T14:49:02","slug":"teatre-bibliobus","status":"publish","type":"post","link":"https:\/\/agora.xtec.cat\/ceip-joma\/portada\/teatre-bibliobus\/","title":{"rendered":"TEATRE BIBLIOB\u00daS"},"content":{"rendered":"<p>Aquest mat\u00ed els i les alumnes des d&#8217;infantil fins a sis\u00e8 de l&#8217;escola hem anat a la sala d&#8217;actes de l&#8217;ajuntament a veure l&#8217;obra de teatre <strong>&#8220;Un circ de contes&#8221;<\/strong> a c\u00e0rrec de la companyia<strong> Fes-t&#8217;ho com vulguis<\/strong>.<\/p>\n<p>En aquesta obra ens han explicat S\u00daPERB\u00c9 3 contes d&#8217;un llibre que parla del Circ que est\u00e0 escrit per la mateixa companyia que ens ha fet la representaci\u00f3.<\/p>\n<p>A m\u00e9s de passar-ho molt b\u00e9 veiem la funci\u00f3, ens han regalat el conte. Aix\u00ed el podrem llegir a l&#8217;escola i veure quines hist\u00f2ries m\u00e9s ens explica.<\/p>\n<p><a href=\"https:\/\/agora.xtec.cat\/ceip-joma\/wp-content\/uploads\/usu1530\/2023\/06\/20230602_155031.jpg\"><img loading=\"lazy\" decoding=\"async\" class=\"wp-image-4463 alignleft\" src=\"https:\/\/agora.xtec.cat\/ceip-joma\/wp-content\/uploads\/usu1530\/2023\/06\/20230602_155031-698x1024.jpg\" alt=\"\" width=\"180\" height=\"264\" srcset=\"https:\/\/agora.xtec.cat\/ceip-joma\/wp-content\/uploads\/usu1530\/2023\/06\/20230602_155031-698x1024.jpg 698w, https:\/\/agora.xtec.cat\/ceip-joma\/wp-content\/uploads\/usu1530\/2023\/06\/20230602_155031-204x300.jpg 204w, https:\/\/agora.xtec.cat\/ceip-joma\/wp-content\/uploads\/usu1530\/2023\/06\/20230602_155031-768x1127.jpg 768w, https:\/\/agora.xtec.cat\/ceip-joma\/wp-content\/uploads\/usu1530\/2023\/06\/20230602_155031.jpg 777w\" sizes=\"auto, (max-width: 180px) 100vw, 180px\" \/><\/a><\/p>\n<p>&nbsp;<\/p>\n<p>&nbsp;<\/p>\n<p>Us deixem l&#8217;<a href=\"https:\/\/photos.app.goo.gl\/BoLTgg93er3SDv6PA\" target=\"_blank\" rel=\"noopener\">ENLLA\u00c7<\/a>\u00a0de la funci\u00f3.<\/p>\n<p>&nbsp;<\/p>\n<p>&nbsp;<\/p>\n","protected":false},"excerpt":{"rendered":"<p>Aquest mat\u00ed els i les alumnes des d&#8217;infantil fins a sis\u00e8 de l&#8217;escola hem anat a la sala d&#8217;actes de l&#8217;ajuntament a veure l&#8217;obra de teatre &#8220;Un circ de contes&#8221; a c\u00e0rrec de la companyia Fes-t&#8217;ho com vulguis. En aquesta obra ens han explicat S\u00daPERB\u00c9 3 contes d&#8217;un llibre que parla del Circ que est\u00e0 [&hellip;]<\/p>\n","protected":false},"author":22,"featured_media":4462,"comment_status":"open","ping_status":"closed","sticky":false,"template":"","format":"standard","meta":{"_bbp_topic_count":0,"_bbp_reply_count":0,"_bbp_total_topic_count":0,"_bbp_total_reply_count":0,"_bbp_voice_count":0,"_bbp_anonymous_reply_count":0,"_bbp_topic_count_hidden":0,"_bbp_reply_count_hidden":0,"_bbp_forum_subforum_count":0,"site-sidebar-layout":"default","site-content-layout":"","ast-site-content-layout":"","site-content-style":"default","site-sidebar-style":"default","ast-global-header-display":"","ast-banner-title-visibility":"","ast-main-header-display":"","ast-hfb-above-header-display":"","ast-hfb-below-header-display":"","ast-hfb-mobile-header-display":"","site-post-title":"","ast-breadcrumbs-content":"","ast-featured-img":"","footer-sml-layout":"","theme-transparent-header-meta":"","adv-header-id-meta":"","stick-header-meta":"","header-above-stick-meta":"","header-main-stick-meta":"","header-below-stick-meta":"","astra-migrate-meta-layouts":"default","ast-page-background-enabled":"default","ast-page-background-meta":{"desktop":{"background-color":"var(--ast-global-color-4)","background-image":"","background-repeat":"repeat","background-position":"center center","background-size":"auto","background-attachment":"scroll","background-type":"","background-media":"","overlay-type":"","overlay-color":"","overlay-opacity":"","overlay-gradient":""},"tablet":{"background-color":"","background-image":"","background-repeat":"repeat","background-position":"center center","background-size":"auto","background-attachment":"scroll","background-type":"","background-media":"","overlay-type":"","overlay-color":"","overlay-opacity":"","overlay-gradient":""},"mobile":{"background-color":"","background-image":"","background-repeat":"repeat","background-position":"center center","background-size":"auto","background-attachment":"scroll","background-type":"","background-media":"","overlay-type":"","overlay-color":"","overlay-opacity":"","overlay-gradient":""}},"ast-content-background-meta":{"desktop":{"background-color":"var(--ast-global-color-5)","background-image":"","background-repeat":"repeat","background-position":"center center","background-size":"auto","background-attachment":"scroll","background-type":"","background-media":"","overlay-type":"","overlay-color":"","overlay-opacity":"","overlay-gradient":""},"tablet":{"background-color":"var(--ast-global-color-5)","background-image":"","background-repeat":"repeat","background-position":"center center","background-size":"auto","background-attachment":"scroll","background-type":"","background-media":"","overlay-type":"","overlay-color":"","overlay-opacity":"","overlay-gradient":""},"mobile":{"background-color":"var(--ast-global-color-5)","background-image":"","background-repeat":"repeat","background-position":"center center","background-size":"auto","background-attachment":"scroll","background-type":"","background-media":"","overlay-type":"","overlay-color":"","overlay-opacity":"","overlay-gradient":""}},"footnotes":""},"categories":[98,97,4],"tags":[148,140,73],"class_list":["post-4458","post","type-post","status-publish","format-standard","has-post-thumbnail","hentry","category-cg","category-cm-portada","category-portada","tag-bibliobus","tag-escola","tag-teatre"],"post_mailing_queue_ids":[],"_links":{"self":[{"href":"https:\/\/agora.xtec.cat\/ceip-joma\/wp-json\/wp\/v2\/posts\/4458","targetHints":{"allow":["GET"]}}],"collection":[{"href":"https:\/\/agora.xtec.cat\/ceip-joma\/wp-json\/wp\/v2\/posts"}],"about":[{"href":"https:\/\/agora.xtec.cat\/ceip-joma\/wp-json\/wp\/v2\/types\/post"}],"author":[{"embeddable":true,"href":"https:\/\/agora.xtec.cat\/ceip-joma\/wp-json\/wp\/v2\/users\/22"}],"replies":[{"embeddable":true,"href":"https:\/\/agora.xtec.cat\/ceip-joma\/wp-json\/wp\/v2\/comments?post=4458"}],"version-history":[{"count":3,"href":"https:\/\/agora.xtec.cat\/ceip-joma\/wp-json\/wp\/v2\/posts\/4458\/revisions"}],"predecessor-version":[{"id":4467,"href":"https:\/\/agora.xtec.cat\/ceip-joma\/wp-json\/wp\/v2\/posts\/4458\/revisions\/4467"}],"wp:featuredmedia":[{"embeddable":true,"href":"https:\/\/agora.xtec.cat\/ceip-joma\/wp-json\/wp\/v2\/media\/4462"}],"wp:attachment":[{"href":"https:\/\/agora.xtec.cat\/ceip-joma\/wp-json\/wp\/v2\/media?parent=4458"}],"wp:term":[{"taxonomy":"category","embeddable":true,"href":"https:\/\/agora.xtec.cat\/ceip-joma\/wp-json\/wp\/v2\/categories?post=4458"},{"taxonomy":"post_tag","embeddable":true,"href":"https:\/\/agora.xtec.cat\/ceip-joma\/wp-json\/wp\/v2\/tags?post=4458"}],"curies":[{"name":"wp","href":"https:\/\/api.w.org\/{rel}","templated":true}]}}