{"id":4428,"date":"2023-06-06T14:36:48","date_gmt":"2023-06-06T12:36:48","guid":{"rendered":"https:\/\/agora.xtec.cat\/ceip-joma\/?p=4428"},"modified":"2023-06-06T14:39:17","modified_gmt":"2023-06-06T12:39:17","slug":"les-joguines-reciclades-de-3r-i-4t","status":"publish","type":"post","link":"https:\/\/agora.xtec.cat\/ceip-joma\/portada\/les-joguines-reciclades-de-3r-i-4t\/","title":{"rendered":"LES JOGUINES RECICLADES DE 3r I 4t"},"content":{"rendered":"<p>A classe hem participat a la proposta feta des de la Fundaci\u00f3 de les Antigues Caixes Catalanes sobre la sostenibilitat i el medi ambient per tal de convertir-nos en GUARDES DEL CLIMA.<\/p>\n<p>La activitat consisteix en superar, treballant en equip, tota una s\u00e8rie de reptes a trav\u00e9s d&#8217;una GAMIFICACI\u00d3\u00a0 online. En la proposta hav\u00edem de superar 3 missions i realitzar unes activitats a classe i a casa. Aix\u00ed hem apr\u00e8s que consumeix m\u00e9s electricitat o aigua i com estalviar-ne. Hem investigat a casa quin \u00e9s el consum dels nostres aparells el\u00e8ctrics i si aquests s\u00f3n m\u00e9s o menys eficients. Hem controlat durant uns dies quin s\u00f3n els residus que generem i hem reflexionat sobre com reduir-los.<\/p>\n<p>Finalment, hem creat tota una s\u00e8rie de joguines amb material reciclat que hem explicat i ensenyat a la resta de companys i companyes de l&#8217;escola. Un cop feta l&#8217;exposici\u00f3, hem agafat les nostres joguines i hem dedicat una bona estona a compatir-les\u00a0 i jugar\u00a0 amb elles. Ens ho hem passat d&#8217;all\u00f2 m\u00e9s b\u00e9!!!<\/p>\n<p><a href=\"https:\/\/agora.xtec.cat\/ceip-joma\/wp-content\/uploads\/usu1530\/2023\/06\/20230510_105157.jpg\"><img loading=\"lazy\" decoding=\"async\" class=\"alignnone size-large wp-image-4469\" src=\"https:\/\/agora.xtec.cat\/ceip-joma\/wp-content\/uploads\/usu1530\/2023\/06\/20230510_105157-1024x576.jpg\" alt=\"\" width=\"1024\" height=\"576\" srcset=\"https:\/\/agora.xtec.cat\/ceip-joma\/wp-content\/uploads\/usu1530\/2023\/06\/20230510_105157-1024x576.jpg 1024w, https:\/\/agora.xtec.cat\/ceip-joma\/wp-content\/uploads\/usu1530\/2023\/06\/20230510_105157-300x169.jpg 300w, https:\/\/agora.xtec.cat\/ceip-joma\/wp-content\/uploads\/usu1530\/2023\/06\/20230510_105157-768x432.jpg 768w, https:\/\/agora.xtec.cat\/ceip-joma\/wp-content\/uploads\/usu1530\/2023\/06\/20230510_105157-1536x864.jpg 1536w, https:\/\/agora.xtec.cat\/ceip-joma\/wp-content\/uploads\/usu1530\/2023\/06\/20230510_105157.jpg 1815w\" sizes=\"auto, (max-width: 1024px) 100vw, 1024px\" \/><\/a><\/p>\n<p>Per tot plegat, HEM ACONSEGUIT EL DIPLOMA que ens acredita com a GUARDES DEL CLIMA. B\u00e9 per nosaltres!!!!\ud83d\udcaa\ud83d\udcaa\ud83d\udcaa<\/p>\n<p>Ara nom\u00e9s cal que continuem conscienciant-nos i ajudar a entendre als dem\u00e9s que aix\u00f2 del CLIMA \u00c9S COSA DE TOTS I TOTES!!!!<\/p>\n<p>Aqu\u00ed us deixem l&#8217;enlla\u00e7 de la proposta i tamb\u00e9 de les <a href=\"https:\/\/photos.app.goo.gl\/Rq6m7SjAMF45D9gAA\" target=\"_blank\" rel=\"noopener\">IMATGES<\/a> de les nostres joguines. Us animen a fer una ullada i participar-hi.<\/p>\n<blockquote class=\"wp-embedded-content\" data-secret=\"n6teNGzxSF\"><p><a href=\"https:\/\/www.fcaixescatalanes.cat\/es\/guardas-del-clima\/recurso-pedagogico-genially\/\">Recurso pedag\u00f3gico Genially<\/a><\/p><\/blockquote>\n<p><iframe loading=\"lazy\" class=\"wp-embedded-content\" sandbox=\"allow-scripts\" security=\"restricted\" style=\"position: absolute; clip: rect(1px, 1px, 1px, 1px);\" title=\"&#8220;Recurso pedag\u00f3gico Genially&#8221; &#8212; FACC\" src=\"https:\/\/www.fcaixescatalanes.cat\/es\/guardas-del-clima\/recurso-pedagogico-genially\/embed\/#?secret=Ej4uAklFv6#?secret=n6teNGzxSF\" data-secret=\"n6teNGzxSF\" width=\"500\" height=\"282\" frameborder=\"0\" marginwidth=\"0\" marginheight=\"0\" scrolling=\"no\"><\/iframe><\/p>\n","protected":false},"excerpt":{"rendered":"<p>A classe hem participat a la proposta feta des de la Fundaci\u00f3 de les Antigues Caixes Catalanes sobre la sostenibilitat i el medi ambient per tal de convertir-nos en GUARDES DEL CLIMA. La activitat consisteix en superar, treballant en equip, tota una s\u00e8rie de reptes a trav\u00e9s d&#8217;una GAMIFICACI\u00d3\u00a0 online. En la proposta hav\u00edem de [&hellip;]<\/p>\n","protected":false},"author":22,"featured_media":4429,"comment_status":"open","ping_status":"closed","sticky":false,"template":"","format":"standard","meta":{"_bbp_topic_count":0,"_bbp_reply_count":0,"_bbp_total_topic_count":0,"_bbp_total_reply_count":0,"_bbp_voice_count":0,"_bbp_anonymous_reply_count":0,"_bbp_topic_count_hidden":0,"_bbp_reply_count_hidden":0,"_bbp_forum_subforum_count":0,"site-sidebar-layout":"default","site-content-layout":"","ast-site-content-layout":"","site-content-style":"default","site-sidebar-style":"default","ast-global-header-display":"","ast-banner-title-visibility":"","ast-main-header-display":"","ast-hfb-above-header-display":"","ast-hfb-below-header-display":"","ast-hfb-mobile-header-display":"","site-post-title":"","ast-breadcrumbs-content":"","ast-featured-img":"","footer-sml-layout":"","theme-transparent-header-meta":"","adv-header-id-meta":"","stick-header-meta":"","header-above-stick-meta":"","header-main-stick-meta":"","header-below-stick-meta":"","astra-migrate-meta-layouts":"default","ast-page-background-enabled":"default","ast-page-background-meta":{"desktop":{"background-color":"var(--ast-global-color-4)","background-image":"","background-repeat":"repeat","background-position":"center center","background-size":"auto","background-attachment":"scroll","background-type":"","background-media":"","overlay-type":"","overlay-color":"","overlay-opacity":"","overlay-gradient":""},"tablet":{"background-color":"","background-image":"","background-repeat":"repeat","background-position":"center center","background-size":"auto","background-attachment":"scroll","background-type":"","background-media":"","overlay-type":"","overlay-color":"","overlay-opacity":"","overlay-gradient":""},"mobile":{"background-color":"","background-image":"","background-repeat":"repeat","background-position":"center center","background-size":"auto","background-attachment":"scroll","background-type":"","background-media":"","overlay-type":"","overlay-color":"","overlay-opacity":"","overlay-gradient":""}},"ast-content-background-meta":{"desktop":{"background-color":"var(--ast-global-color-5)","background-image":"","background-repeat":"repeat","background-position":"center center","background-size":"auto","background-attachment":"scroll","background-type":"","background-media":"","overlay-type":"","overlay-color":"","overlay-opacity":"","overlay-gradient":""},"tablet":{"background-color":"var(--ast-global-color-5)","background-image":"","background-repeat":"repeat","background-position":"center center","background-size":"auto","background-attachment":"scroll","background-type":"","background-media":"","overlay-type":"","overlay-color":"","overlay-opacity":"","overlay-gradient":""},"mobile":{"background-color":"var(--ast-global-color-5)","background-image":"","background-repeat":"repeat","background-position":"center center","background-size":"auto","background-attachment":"scroll","background-type":"","background-media":"","overlay-type":"","overlay-color":"","overlay-opacity":"","overlay-gradient":""}},"footnotes":""},"categories":[98,4],"tags":[118,101,114],"class_list":["post-4428","post","type-post","status-publish","format-standard","has-post-thumbnail","hentry","category-cg","category-portada","tag-3r-4t","tag-comunitat-de-grans","tag-exposicio"],"post_mailing_queue_ids":[],"_links":{"self":[{"href":"https:\/\/agora.xtec.cat\/ceip-joma\/wp-json\/wp\/v2\/posts\/4428","targetHints":{"allow":["GET"]}}],"collection":[{"href":"https:\/\/agora.xtec.cat\/ceip-joma\/wp-json\/wp\/v2\/posts"}],"about":[{"href":"https:\/\/agora.xtec.cat\/ceip-joma\/wp-json\/wp\/v2\/types\/post"}],"author":[{"embeddable":true,"href":"https:\/\/agora.xtec.cat\/ceip-joma\/wp-json\/wp\/v2\/users\/22"}],"replies":[{"embeddable":true,"href":"https:\/\/agora.xtec.cat\/ceip-joma\/wp-json\/wp\/v2\/comments?post=4428"}],"version-history":[{"count":3,"href":"https:\/\/agora.xtec.cat\/ceip-joma\/wp-json\/wp\/v2\/posts\/4428\/revisions"}],"predecessor-version":[{"id":4470,"href":"https:\/\/agora.xtec.cat\/ceip-joma\/wp-json\/wp\/v2\/posts\/4428\/revisions\/4470"}],"wp:featuredmedia":[{"embeddable":true,"href":"https:\/\/agora.xtec.cat\/ceip-joma\/wp-json\/wp\/v2\/media\/4429"}],"wp:attachment":[{"href":"https:\/\/agora.xtec.cat\/ceip-joma\/wp-json\/wp\/v2\/media?parent=4428"}],"wp:term":[{"taxonomy":"category","embeddable":true,"href":"https:\/\/agora.xtec.cat\/ceip-joma\/wp-json\/wp\/v2\/categories?post=4428"},{"taxonomy":"post_tag","embeddable":true,"href":"https:\/\/agora.xtec.cat\/ceip-joma\/wp-json\/wp\/v2\/tags?post=4428"}],"curies":[{"name":"wp","href":"https:\/\/api.w.org\/{rel}","templated":true}]}}