{"id":4315,"date":"2023-04-11T19:32:17","date_gmt":"2023-04-11T17:32:17","guid":{"rendered":"https:\/\/agora.xtec.cat\/ceip-joma\/?p=4315"},"modified":"2023-04-11T19:32:17","modified_gmt":"2023-04-11T17:32:17","slug":"i-cursa-escolar","status":"publish","type":"post","link":"https:\/\/agora.xtec.cat\/ceip-joma\/portada\/i-cursa-escolar\/","title":{"rendered":"I CURSA ESCOLAR"},"content":{"rendered":"<p>Per concloure el segon trimestre i despr\u00e9s de menjar-nos les mones al mat\u00ed, el passat divendres 31 de mar\u00e7 vam celebrar la I Cursa Escola Josep Masclans.<\/p>\n<p>Animats i animades pels nostres companys i companyes, pels mestres i pels familiars, vam gaudir d&#8217;una fant\u00e0stica tarda esportiva.\u00a0Vam anar d&#8217;all\u00f2 m\u00e9s equipats: dorsals, samarretes, aig\u00fces, fruites, bosses, medalles&#8230; cal donar les gr\u00e0cies a tots els col\u00b7laboradors per fer-ho possible.<\/p>\n<p>En aquest <a href=\"https:\/\/photos.app.goo.gl\/dizz8FNURVhGVPnu6\">enlla\u00e7<\/a> us deixem les imatges del dia.<\/p>\n<p><a href=\"https:\/\/agora.xtec.cat\/ceip-joma\/wp-content\/uploads\/usu1530\/2023\/04\/5B59AFC5-DDEA-41AC-ACBD-C7EA783659B5.jpeg\"><img loading=\"lazy\" decoding=\"async\" class=\" wp-image-4316 aligncenter\" src=\"https:\/\/agora.xtec.cat\/ceip-joma\/wp-content\/uploads\/usu1530\/2023\/04\/5B59AFC5-DDEA-41AC-ACBD-C7EA783659B5-1024x768.jpeg\" alt=\"\" width=\"527\" height=\"395\" srcset=\"https:\/\/agora.xtec.cat\/ceip-joma\/wp-content\/uploads\/usu1530\/2023\/04\/5B59AFC5-DDEA-41AC-ACBD-C7EA783659B5-1024x768.jpeg 1024w, https:\/\/agora.xtec.cat\/ceip-joma\/wp-content\/uploads\/usu1530\/2023\/04\/5B59AFC5-DDEA-41AC-ACBD-C7EA783659B5-300x225.jpeg 300w, https:\/\/agora.xtec.cat\/ceip-joma\/wp-content\/uploads\/usu1530\/2023\/04\/5B59AFC5-DDEA-41AC-ACBD-C7EA783659B5-768x576.jpeg 768w, https:\/\/agora.xtec.cat\/ceip-joma\/wp-content\/uploads\/usu1530\/2023\/04\/5B59AFC5-DDEA-41AC-ACBD-C7EA783659B5-1536x1152.jpeg 1536w, https:\/\/agora.xtec.cat\/ceip-joma\/wp-content\/uploads\/usu1530\/2023\/04\/5B59AFC5-DDEA-41AC-ACBD-C7EA783659B5-200x150.jpeg 200w, https:\/\/agora.xtec.cat\/ceip-joma\/wp-content\/uploads\/usu1530\/2023\/04\/5B59AFC5-DDEA-41AC-ACBD-C7EA783659B5.jpeg 2000w\" sizes=\"auto, (max-width: 527px) 100vw, 527px\" \/><\/a><\/p>\n<p>&nbsp;<\/p>\n","protected":false},"excerpt":{"rendered":"<p>Per concloure el segon trimestre i despr\u00e9s de menjar-nos les mones al mat\u00ed, el passat divendres 31 de mar\u00e7 vam celebrar la I Cursa Escola Josep Masclans. Animats i animades pels nostres companys i companyes, pels mestres i pels familiars, vam gaudir d&#8217;una fant\u00e0stica tarda esportiva.\u00a0Vam anar d&#8217;all\u00f2 m\u00e9s equipats: dorsals, samarretes, aig\u00fces, fruites, bosses, [&hellip;]<\/p>\n","protected":false},"author":8,"featured_media":4316,"comment_status":"open","ping_status":"closed","sticky":false,"template":"","format":"standard","meta":{"_bbp_topic_count":0,"_bbp_reply_count":0,"_bbp_total_topic_count":0,"_bbp_total_reply_count":0,"_bbp_voice_count":0,"_bbp_anonymous_reply_count":0,"_bbp_topic_count_hidden":0,"_bbp_reply_count_hidden":0,"_bbp_forum_subforum_count":0,"site-sidebar-layout":"default","site-content-layout":"","ast-site-content-layout":"","site-content-style":"default","site-sidebar-style":"default","ast-global-header-display":"","ast-banner-title-visibility":"","ast-main-header-display":"","ast-hfb-above-header-display":"","ast-hfb-below-header-display":"","ast-hfb-mobile-header-display":"","site-post-title":"","ast-breadcrumbs-content":"","ast-featured-img":"","footer-sml-layout":"","theme-transparent-header-meta":"","adv-header-id-meta":"","stick-header-meta":"","header-above-stick-meta":"","header-main-stick-meta":"","header-below-stick-meta":"","astra-migrate-meta-layouts":"default","ast-page-background-enabled":"default","ast-page-background-meta":{"desktop":{"background-color":"var(--ast-global-color-4)","background-image":"","background-repeat":"repeat","background-position":"center center","background-size":"auto","background-attachment":"scroll","background-type":"","background-media":"","overlay-type":"","overlay-color":"","overlay-opacity":"","overlay-gradient":""},"tablet":{"background-color":"","background-image":"","background-repeat":"repeat","background-position":"center center","background-size":"auto","background-attachment":"scroll","background-type":"","background-media":"","overlay-type":"","overlay-color":"","overlay-opacity":"","overlay-gradient":""},"mobile":{"background-color":"","background-image":"","background-repeat":"repeat","background-position":"center center","background-size":"auto","background-attachment":"scroll","background-type":"","background-media":"","overlay-type":"","overlay-color":"","overlay-opacity":"","overlay-gradient":""}},"ast-content-background-meta":{"desktop":{"background-color":"var(--ast-global-color-5)","background-image":"","background-repeat":"repeat","background-position":"center center","background-size":"auto","background-attachment":"scroll","background-type":"","background-media":"","overlay-type":"","overlay-color":"","overlay-opacity":"","overlay-gradient":""},"tablet":{"background-color":"var(--ast-global-color-5)","background-image":"","background-repeat":"repeat","background-position":"center center","background-size":"auto","background-attachment":"scroll","background-type":"","background-media":"","overlay-type":"","overlay-color":"","overlay-opacity":"","overlay-gradient":""},"mobile":{"background-color":"var(--ast-global-color-5)","background-image":"","background-repeat":"repeat","background-position":"center center","background-size":"auto","background-attachment":"scroll","background-type":"","background-media":"","overlay-type":"","overlay-color":"","overlay-opacity":"","overlay-gradient":""}},"footnotes":""},"categories":[63,4],"tags":[],"class_list":["post-4315","post","type-post","status-publish","format-standard","has-post-thumbnail","hentry","category-activescola","category-portada"],"post_mailing_queue_ids":[],"_links":{"self":[{"href":"https:\/\/agora.xtec.cat\/ceip-joma\/wp-json\/wp\/v2\/posts\/4315","targetHints":{"allow":["GET"]}}],"collection":[{"href":"https:\/\/agora.xtec.cat\/ceip-joma\/wp-json\/wp\/v2\/posts"}],"about":[{"href":"https:\/\/agora.xtec.cat\/ceip-joma\/wp-json\/wp\/v2\/types\/post"}],"author":[{"embeddable":true,"href":"https:\/\/agora.xtec.cat\/ceip-joma\/wp-json\/wp\/v2\/users\/8"}],"replies":[{"embeddable":true,"href":"https:\/\/agora.xtec.cat\/ceip-joma\/wp-json\/wp\/v2\/comments?post=4315"}],"version-history":[{"count":3,"href":"https:\/\/agora.xtec.cat\/ceip-joma\/wp-json\/wp\/v2\/posts\/4315\/revisions"}],"predecessor-version":[{"id":4321,"href":"https:\/\/agora.xtec.cat\/ceip-joma\/wp-json\/wp\/v2\/posts\/4315\/revisions\/4321"}],"wp:featuredmedia":[{"embeddable":true,"href":"https:\/\/agora.xtec.cat\/ceip-joma\/wp-json\/wp\/v2\/media\/4316"}],"wp:attachment":[{"href":"https:\/\/agora.xtec.cat\/ceip-joma\/wp-json\/wp\/v2\/media?parent=4315"}],"wp:term":[{"taxonomy":"category","embeddable":true,"href":"https:\/\/agora.xtec.cat\/ceip-joma\/wp-json\/wp\/v2\/categories?post=4315"},{"taxonomy":"post_tag","embeddable":true,"href":"https:\/\/agora.xtec.cat\/ceip-joma\/wp-json\/wp\/v2\/tags?post=4315"}],"curies":[{"name":"wp","href":"https:\/\/api.w.org\/{rel}","templated":true}]}}