{"id":4167,"date":"2023-01-31T18:26:06","date_gmt":"2023-01-31T17:26:06","guid":{"rendered":"https:\/\/agora.xtec.cat\/ceip-joma\/?p=4167"},"modified":"2023-01-31T18:27:18","modified_gmt":"2023-01-31T17:27:18","slug":"i-cursa-escolar-2023","status":"publish","type":"post","link":"https:\/\/agora.xtec.cat\/ceip-joma\/portada\/i-cursa-escolar-2023\/","title":{"rendered":"I CURSA ESCOLAR 2023"},"content":{"rendered":"<p style=\"text-align: justify;\">Divendres 31 de mar\u00e7 a la tarda, tindr\u00e0 lloc la I Cursa Escolar on participaran tots els nens i nenes de l&#8217;escola, per categories. Les curses s&#8217;iniciaran a les 15:15h aprox. comen\u00e7ant pels petits i petites de l&#8217;escola.<\/p>\n<p style=\"text-align: justify;\">La cursa tindr\u00e0 lloc dins del camp de futbol de Vallbona, la categoria de 6\u00e8 i S\u00e8nior completaran el circuit per l&#8217;exterior d&#8217;aquest. \u00c9s una cursa pensada perqu\u00e8 tothom hi pugui participar i passeu una bona tarda acompanyant als vostres fills i filles.<\/p>\n<p style=\"text-align: justify;\">L&#8217;AFA proporcionar\u00e0 les samarretes t\u00e8cniques per a tots els infants, els familiars tamb\u00e9 teniu l&#8217;opci\u00f3 de demanar la samarreta, la qual t\u00e9 un cost de 10 \u20ac (no \u00e9s obligatori l&#8217;\u00fas d&#8217;aquesta per participar en la cursa).<\/p>\n<p>\u00c9s necessari que contesteu el <a href=\"https:\/\/forms.gle\/ChP2v1EB2exewvyE9\">formulari<\/a>\u00a0<b>abans del 17 de febrer<\/b>, tant si \u00e9s s\u00ed com no.<\/p>\n<div style=\"text-align: justify;\">Us esperem!<\/div>\n<div><\/div>\n<div><\/div>\n<div><\/div>\n<div><a href=\"https:\/\/agora.xtec.cat\/ceip-joma\/wp-content\/uploads\/usu1530\/2023\/01\/Copia-de-Cartell-cursa.png\"><img loading=\"lazy\" decoding=\"async\" class=\"alignnone size-large wp-image-4169\" src=\"https:\/\/agora.xtec.cat\/ceip-joma\/wp-content\/uploads\/usu1530\/2023\/01\/Copia-de-Cartell-cursa-724x1024.png\" alt=\"\" width=\"724\" height=\"1024\" srcset=\"https:\/\/agora.xtec.cat\/ceip-joma\/wp-content\/uploads\/usu1530\/2023\/01\/Copia-de-Cartell-cursa-724x1024.png 724w, https:\/\/agora.xtec.cat\/ceip-joma\/wp-content\/uploads\/usu1530\/2023\/01\/Copia-de-Cartell-cursa-212x300.png 212w, https:\/\/agora.xtec.cat\/ceip-joma\/wp-content\/uploads\/usu1530\/2023\/01\/Copia-de-Cartell-cursa-768x1086.png 768w, https:\/\/agora.xtec.cat\/ceip-joma\/wp-content\/uploads\/usu1530\/2023\/01\/Copia-de-Cartell-cursa-1086x1536.png 1086w, https:\/\/agora.xtec.cat\/ceip-joma\/wp-content\/uploads\/usu1530\/2023\/01\/Copia-de-Cartell-cursa-1448x2048.png 1448w, https:\/\/agora.xtec.cat\/ceip-joma\/wp-content\/uploads\/usu1530\/2023\/01\/Copia-de-Cartell-cursa.png 1587w\" sizes=\"auto, (max-width: 724px) 100vw, 724px\" \/><\/a><\/div>\n","protected":false},"excerpt":{"rendered":"<p>Divendres 31 de mar\u00e7 a la tarda, tindr\u00e0 lloc la I Cursa Escolar on participaran tots els nens i nenes de l&#8217;escola, per categories. Les curses s&#8217;iniciaran a les 15:15h aprox. comen\u00e7ant pels petits i petites de l&#8217;escola. La cursa tindr\u00e0 lloc dins del camp de futbol de Vallbona, la categoria de 6\u00e8 i S\u00e8nior [&hellip;]<\/p>\n","protected":false},"author":8,"featured_media":4169,"comment_status":"open","ping_status":"closed","sticky":false,"template":"","format":"standard","meta":{"_bbp_topic_count":0,"_bbp_reply_count":0,"_bbp_total_topic_count":0,"_bbp_total_reply_count":0,"_bbp_voice_count":0,"_bbp_anonymous_reply_count":0,"_bbp_topic_count_hidden":0,"_bbp_reply_count_hidden":0,"_bbp_forum_subforum_count":0,"site-sidebar-layout":"default","site-content-layout":"","ast-site-content-layout":"","site-content-style":"default","site-sidebar-style":"default","ast-global-header-display":"","ast-banner-title-visibility":"","ast-main-header-display":"","ast-hfb-above-header-display":"","ast-hfb-below-header-display":"","ast-hfb-mobile-header-display":"","site-post-title":"","ast-breadcrumbs-content":"","ast-featured-img":"","footer-sml-layout":"","theme-transparent-header-meta":"","adv-header-id-meta":"","stick-header-meta":"","header-above-stick-meta":"","header-main-stick-meta":"","header-below-stick-meta":"","astra-migrate-meta-layouts":"default","ast-page-background-enabled":"default","ast-page-background-meta":{"desktop":{"background-color":"var(--ast-global-color-4)","background-image":"","background-repeat":"repeat","background-position":"center center","background-size":"auto","background-attachment":"scroll","background-type":"","background-media":"","overlay-type":"","overlay-color":"","overlay-opacity":"","overlay-gradient":""},"tablet":{"background-color":"","background-image":"","background-repeat":"repeat","background-position":"center center","background-size":"auto","background-attachment":"scroll","background-type":"","background-media":"","overlay-type":"","overlay-color":"","overlay-opacity":"","overlay-gradient":""},"mobile":{"background-color":"","background-image":"","background-repeat":"repeat","background-position":"center center","background-size":"auto","background-attachment":"scroll","background-type":"","background-media":"","overlay-type":"","overlay-color":"","overlay-opacity":"","overlay-gradient":""}},"ast-content-background-meta":{"desktop":{"background-color":"var(--ast-global-color-5)","background-image":"","background-repeat":"repeat","background-position":"center center","background-size":"auto","background-attachment":"scroll","background-type":"","background-media":"","overlay-type":"","overlay-color":"","overlay-opacity":"","overlay-gradient":""},"tablet":{"background-color":"var(--ast-global-color-5)","background-image":"","background-repeat":"repeat","background-position":"center center","background-size":"auto","background-attachment":"scroll","background-type":"","background-media":"","overlay-type":"","overlay-color":"","overlay-opacity":"","overlay-gradient":""},"mobile":{"background-color":"var(--ast-global-color-5)","background-image":"","background-repeat":"repeat","background-position":"center center","background-size":"auto","background-attachment":"scroll","background-type":"","background-media":"","overlay-type":"","overlay-color":"","overlay-opacity":"","overlay-gradient":""}},"footnotes":""},"categories":[63,145,4],"tags":[131,143,144],"class_list":["post-4167","post","type-post","status-publish","format-standard","has-post-thumbnail","hentry","category-activescola","category-educacio-fisica","category-portada","tag-educacio-fisica","tag-esport","tag-salut"],"post_mailing_queue_ids":[],"_links":{"self":[{"href":"https:\/\/agora.xtec.cat\/ceip-joma\/wp-json\/wp\/v2\/posts\/4167","targetHints":{"allow":["GET"]}}],"collection":[{"href":"https:\/\/agora.xtec.cat\/ceip-joma\/wp-json\/wp\/v2\/posts"}],"about":[{"href":"https:\/\/agora.xtec.cat\/ceip-joma\/wp-json\/wp\/v2\/types\/post"}],"author":[{"embeddable":true,"href":"https:\/\/agora.xtec.cat\/ceip-joma\/wp-json\/wp\/v2\/users\/8"}],"replies":[{"embeddable":true,"href":"https:\/\/agora.xtec.cat\/ceip-joma\/wp-json\/wp\/v2\/comments?post=4167"}],"version-history":[{"count":2,"href":"https:\/\/agora.xtec.cat\/ceip-joma\/wp-json\/wp\/v2\/posts\/4167\/revisions"}],"predecessor-version":[{"id":4171,"href":"https:\/\/agora.xtec.cat\/ceip-joma\/wp-json\/wp\/v2\/posts\/4167\/revisions\/4171"}],"wp:featuredmedia":[{"embeddable":true,"href":"https:\/\/agora.xtec.cat\/ceip-joma\/wp-json\/wp\/v2\/media\/4169"}],"wp:attachment":[{"href":"https:\/\/agora.xtec.cat\/ceip-joma\/wp-json\/wp\/v2\/media?parent=4167"}],"wp:term":[{"taxonomy":"category","embeddable":true,"href":"https:\/\/agora.xtec.cat\/ceip-joma\/wp-json\/wp\/v2\/categories?post=4167"},{"taxonomy":"post_tag","embeddable":true,"href":"https:\/\/agora.xtec.cat\/ceip-joma\/wp-json\/wp\/v2\/tags?post=4167"}],"curies":[{"name":"wp","href":"https:\/\/api.w.org\/{rel}","templated":true}]}}