{"id":4101,"date":"2022-12-12T13:07:06","date_gmt":"2022-12-12T12:07:06","guid":{"rendered":"https:\/\/agora.xtec.cat\/ceip-joma\/?p=4101"},"modified":"2022-12-12T13:07:06","modified_gmt":"2022-12-12T12:07:06","slug":"els-picapedra-anem-a-lespluga-de-francoli","status":"publish","type":"post","link":"https:\/\/agora.xtec.cat\/ceip-joma\/portada\/els-picapedra-anem-a-lespluga-de-francoli\/","title":{"rendered":"ELS PICAPEDRA ANEM A L&#8217;ESPLUGA DE FRANCOL\u00cd"},"content":{"rendered":"<p><a href=\"https:\/\/agora.xtec.cat\/ceip-joma\/wp-content\/uploads\/usu1530\/2022\/12\/dd2b6efa-3b5e-4f45-b541-aa08c19544db_16-9-aspect-ratio_default_0.jpg\"><img loading=\"lazy\" decoding=\"async\" class=\"alignnone size-large wp-image-4105\" src=\"https:\/\/agora.xtec.cat\/ceip-joma\/wp-content\/uploads\/usu1530\/2022\/12\/dd2b6efa-3b5e-4f45-b541-aa08c19544db_16-9-aspect-ratio_default_0-1024x576.jpg\" alt=\"\" width=\"1024\" height=\"576\" srcset=\"https:\/\/agora.xtec.cat\/ceip-joma\/wp-content\/uploads\/usu1530\/2022\/12\/dd2b6efa-3b5e-4f45-b541-aa08c19544db_16-9-aspect-ratio_default_0-1024x576.jpg 1024w, https:\/\/agora.xtec.cat\/ceip-joma\/wp-content\/uploads\/usu1530\/2022\/12\/dd2b6efa-3b5e-4f45-b541-aa08c19544db_16-9-aspect-ratio_default_0-300x169.jpg 300w, https:\/\/agora.xtec.cat\/ceip-joma\/wp-content\/uploads\/usu1530\/2022\/12\/dd2b6efa-3b5e-4f45-b541-aa08c19544db_16-9-aspect-ratio_default_0-768x432.jpg 768w, https:\/\/agora.xtec.cat\/ceip-joma\/wp-content\/uploads\/usu1530\/2022\/12\/dd2b6efa-3b5e-4f45-b541-aa08c19544db_16-9-aspect-ratio_default_0-1536x864.jpg 1536w, https:\/\/agora.xtec.cat\/ceip-joma\/wp-content\/uploads\/usu1530\/2022\/12\/dd2b6efa-3b5e-4f45-b541-aa08c19544db_16-9-aspect-ratio_default_0.jpg 1600w\" sizes=\"auto, (max-width: 1024px) 100vw, 1024px\" \/><\/a><\/p>\n<p>La classe dels Picapedra (3r i 4t) vam visitar el passat dimecres les Coves prehist\u00f2riques de l&#8217;Espluga de Francol\u00ed dins del projecte que hem dut a terme durant aquest trimestre.<\/p>\n<p>Primer de tot, vam fer una visita a l&#8217;interior de la cova per endinsar-nos en la manera de viure dels primers \u00e9ssers humans al Paleol\u00edtic. Aquesta cova t\u00e9 m\u00e9s de 3 km de llargada coneguda, per\u00f2 nosaltres nom\u00e9s vam poder veure la primera part, uns 900 metres, ja que hi ha parts inundades per aig\u00fces subterr\u00e0nies. Seguidament, vam veure com era un poblat del Neol\u00edtic amb les eines i materials feien servir.<\/p>\n<p>Despr\u00e9s de la visita vam realitzar un taller de prehist\u00f2ria on ens van explicar les difer\u00e8ncies entre els primers hom\u00ednids i el nom que reben, tamb\u00e9 ens van ensenyar a fer una cabana amb pals i pells, tal com ho feien en aquella \u00e8poca per protegir-se i, fins i tot, vam poder pintar una pedra amb pintura feta amb pols de roca i clara d&#8217;ou tal com ho feien\u00a0 al Paleol\u00edtic.<\/p>\n<p>Despr\u00e9s d&#8217;aquesta sortida i tot el que hem treballat al llarg del projecte, hem de dir que ja som UNS EXPERTS!!!\ud83d\udcaa\ud83d\udcaa\ud83d\udcaa<\/p>\n<p>Aqu\u00ed us deixem l&#8217;enlla\u00e7\u00a0 a les <a href=\"https:\/\/photos.app.goo.gl\/uK3Ajn6RmSZKo1eU9\" target=\"_blank\" rel=\"noopener\">FOTOGRAFIES<\/a> de l&#8217;excursi\u00f3 i aviat us explicarem tot el que hem fet durant el trimestre sobre la PREHIST\u00d2RIA.<\/p>\n<p>Fins aviat!<\/p>\n","protected":false},"excerpt":{"rendered":"<p>La classe dels Picapedra (3r i 4t) vam visitar el passat dimecres les Coves prehist\u00f2riques de l&#8217;Espluga de Francol\u00ed dins del projecte que hem dut a terme durant aquest trimestre. Primer de tot, vam fer una visita a l&#8217;interior de la cova per endinsar-nos en la manera de viure dels primers \u00e9ssers humans al Paleol\u00edtic. [&hellip;]<\/p>\n","protected":false},"author":22,"featured_media":4102,"comment_status":"open","ping_status":"closed","sticky":false,"template":"","format":"standard","meta":{"_bbp_topic_count":0,"_bbp_reply_count":0,"_bbp_total_topic_count":0,"_bbp_total_reply_count":0,"_bbp_voice_count":0,"_bbp_anonymous_reply_count":0,"_bbp_topic_count_hidden":0,"_bbp_reply_count_hidden":0,"_bbp_forum_subforum_count":0,"site-sidebar-layout":"default","site-content-layout":"","ast-site-content-layout":"","site-content-style":"default","site-sidebar-style":"default","ast-global-header-display":"","ast-banner-title-visibility":"","ast-main-header-display":"","ast-hfb-above-header-display":"","ast-hfb-below-header-display":"","ast-hfb-mobile-header-display":"","site-post-title":"","ast-breadcrumbs-content":"","ast-featured-img":"","footer-sml-layout":"","theme-transparent-header-meta":"","adv-header-id-meta":"","stick-header-meta":"","header-above-stick-meta":"","header-main-stick-meta":"","header-below-stick-meta":"","astra-migrate-meta-layouts":"default","ast-page-background-enabled":"default","ast-page-background-meta":{"desktop":{"background-color":"var(--ast-global-color-4)","background-image":"","background-repeat":"repeat","background-position":"center center","background-size":"auto","background-attachment":"scroll","background-type":"","background-media":"","overlay-type":"","overlay-color":"","overlay-opacity":"","overlay-gradient":""},"tablet":{"background-color":"","background-image":"","background-repeat":"repeat","background-position":"center center","background-size":"auto","background-attachment":"scroll","background-type":"","background-media":"","overlay-type":"","overlay-color":"","overlay-opacity":"","overlay-gradient":""},"mobile":{"background-color":"","background-image":"","background-repeat":"repeat","background-position":"center center","background-size":"auto","background-attachment":"scroll","background-type":"","background-media":"","overlay-type":"","overlay-color":"","overlay-opacity":"","overlay-gradient":""}},"ast-content-background-meta":{"desktop":{"background-color":"var(--ast-global-color-5)","background-image":"","background-repeat":"repeat","background-position":"center center","background-size":"auto","background-attachment":"scroll","background-type":"","background-media":"","overlay-type":"","overlay-color":"","overlay-opacity":"","overlay-gradient":""},"tablet":{"background-color":"var(--ast-global-color-5)","background-image":"","background-repeat":"repeat","background-position":"center center","background-size":"auto","background-attachment":"scroll","background-type":"","background-media":"","overlay-type":"","overlay-color":"","overlay-opacity":"","overlay-gradient":""},"mobile":{"background-color":"var(--ast-global-color-5)","background-image":"","background-repeat":"repeat","background-position":"center center","background-size":"auto","background-attachment":"scroll","background-type":"","background-media":"","overlay-type":"","overlay-color":"","overlay-opacity":"","overlay-gradient":""}},"footnotes":""},"categories":[98,4],"tags":[101,69,16],"class_list":["post-4101","post","type-post","status-publish","format-standard","has-post-thumbnail","hentry","category-cg","category-portada","tag-comunitat-de-grans","tag-projecte","tag-sortides"],"post_mailing_queue_ids":[],"_links":{"self":[{"href":"https:\/\/agora.xtec.cat\/ceip-joma\/wp-json\/wp\/v2\/posts\/4101","targetHints":{"allow":["GET"]}}],"collection":[{"href":"https:\/\/agora.xtec.cat\/ceip-joma\/wp-json\/wp\/v2\/posts"}],"about":[{"href":"https:\/\/agora.xtec.cat\/ceip-joma\/wp-json\/wp\/v2\/types\/post"}],"author":[{"embeddable":true,"href":"https:\/\/agora.xtec.cat\/ceip-joma\/wp-json\/wp\/v2\/users\/22"}],"replies":[{"embeddable":true,"href":"https:\/\/agora.xtec.cat\/ceip-joma\/wp-json\/wp\/v2\/comments?post=4101"}],"version-history":[{"count":2,"href":"https:\/\/agora.xtec.cat\/ceip-joma\/wp-json\/wp\/v2\/posts\/4101\/revisions"}],"predecessor-version":[{"id":4106,"href":"https:\/\/agora.xtec.cat\/ceip-joma\/wp-json\/wp\/v2\/posts\/4101\/revisions\/4106"}],"wp:featuredmedia":[{"embeddable":true,"href":"https:\/\/agora.xtec.cat\/ceip-joma\/wp-json\/wp\/v2\/media\/4102"}],"wp:attachment":[{"href":"https:\/\/agora.xtec.cat\/ceip-joma\/wp-json\/wp\/v2\/media?parent=4101"}],"wp:term":[{"taxonomy":"category","embeddable":true,"href":"https:\/\/agora.xtec.cat\/ceip-joma\/wp-json\/wp\/v2\/categories?post=4101"},{"taxonomy":"post_tag","embeddable":true,"href":"https:\/\/agora.xtec.cat\/ceip-joma\/wp-json\/wp\/v2\/tags?post=4101"}],"curies":[{"name":"wp","href":"https:\/\/api.w.org\/{rel}","templated":true}]}}