{"id":3989,"date":"2022-11-02T16:16:10","date_gmt":"2022-11-02T15:16:10","guid":{"rendered":"https:\/\/agora.xtec.cat\/ceip-joma\/?p=3989"},"modified":"2022-11-02T16:19:12","modified_gmt":"2022-11-02T15:19:12","slug":"celebrem-la-castanyada-2","status":"publish","type":"post","link":"https:\/\/agora.xtec.cat\/ceip-joma\/portada\/celebrem-la-castanyada-2\/","title":{"rendered":"CELEBREM LA CASTANYADA A L&#8217;ESCOLA"},"content":{"rendered":"<p style=\"text-align: center;\"><a href=\"https:\/\/agora.xtec.cat\/ceip-joma\/wp-content\/uploads\/usu1530\/2022\/11\/castanyada_joan-turu.jpg\"><img loading=\"lazy\" decoding=\"async\" class=\"alignnone wp-image-4007\" src=\"https:\/\/agora.xtec.cat\/ceip-joma\/wp-content\/uploads\/usu1530\/2022\/11\/castanyada_joan-turu.jpg\" alt=\"\" width=\"424\" height=\"369\" srcset=\"https:\/\/agora.xtec.cat\/ceip-joma\/wp-content\/uploads\/usu1530\/2022\/11\/castanyada_joan-turu.jpg 584w, https:\/\/agora.xtec.cat\/ceip-joma\/wp-content\/uploads\/usu1530\/2022\/11\/castanyada_joan-turu-300x261.jpg 300w\" sizes=\"auto, (max-width: 424px) 100vw, 424px\" \/><\/a><\/p>\n<p style=\"text-align: left;\">Aquest curs, per fi, hem pogut celebrar junts la Castanyada a l&#8217;escola.\ud83d\udcaa\ud83d\udcaa\ud83d\udcaa<\/p>\n<p>Durant la setmana, totes les Comunitats, hem realitzat un munt d&#8217;activitats relacionades amb aquesta celebraci\u00f3. Ens hem implicat a decorar els espais comuns i\u00a0 les classes, hem apr\u00e8s can\u00e7ons t\u00edpiques de la castanyada, hem anat a comprar els ingredients per fer panellets, els hem elaborat, hem fet les paperines i, fins i tot, hem tallat castanyes!!!\ud83c\udf30\ud83c\udf41<\/p>\n<p>Per acabar amb la celebraci\u00f3, el divendres a la tarda ens vam reunir al pati amb les fam\u00edlies i junts vam compartir les can\u00e7ons que les i els alumnes havien assajat amb l&#8217;ajuda de l&#8217;Arnau. Despr\u00e9s de l&#8217;audici\u00f3 vam menjar les castanyes i finalment vam gaudir dels panellets fets pels nens i nenes amb begudes incloses.<\/p>\n<p>Ara nom\u00e9s ens queda que el pr\u00f2xim curs ho puguem repetir.\ud83d\udc4f\ud83d\udc4f\ud83d\udc4f<\/p>\n<p>En aquest <a href=\"https:\/\/photos.app.goo.gl\/1MCBZC9iUGboqn8m6\" target=\"_blank\" rel=\"noopener\">ENLLA\u00c7<\/a> trobareu totes les fotografies i v\u00eddeos de les activitats pr\u00e8vies i les actuacions dels infants.<\/p>\n","protected":false},"excerpt":{"rendered":"<p>Aquest curs, per fi, hem pogut celebrar junts la Castanyada a l&#8217;escola.\ud83d\udcaa\ud83d\udcaa\ud83d\udcaa Durant la setmana, totes les Comunitats, hem realitzat un munt d&#8217;activitats relacionades amb aquesta celebraci\u00f3. Ens hem implicat a decorar els espais comuns i\u00a0 les classes, hem apr\u00e8s can\u00e7ons t\u00edpiques de la castanyada, hem anat a comprar els ingredients per fer panellets, els [&hellip;]<\/p>\n","protected":false},"author":22,"featured_media":4004,"comment_status":"open","ping_status":"closed","sticky":false,"template":"","format":"standard","meta":{"_bbp_topic_count":0,"_bbp_reply_count":0,"_bbp_total_topic_count":0,"_bbp_total_reply_count":0,"_bbp_voice_count":0,"_bbp_anonymous_reply_count":0,"_bbp_topic_count_hidden":0,"_bbp_reply_count_hidden":0,"_bbp_forum_subforum_count":0,"site-sidebar-layout":"default","site-content-layout":"","ast-site-content-layout":"","site-content-style":"default","site-sidebar-style":"default","ast-global-header-display":"","ast-banner-title-visibility":"","ast-main-header-display":"","ast-hfb-above-header-display":"","ast-hfb-below-header-display":"","ast-hfb-mobile-header-display":"","site-post-title":"","ast-breadcrumbs-content":"","ast-featured-img":"","footer-sml-layout":"","theme-transparent-header-meta":"","adv-header-id-meta":"","stick-header-meta":"","header-above-stick-meta":"","header-main-stick-meta":"","header-below-stick-meta":"","astra-migrate-meta-layouts":"default","ast-page-background-enabled":"default","ast-page-background-meta":{"desktop":{"background-color":"var(--ast-global-color-4)","background-image":"","background-repeat":"repeat","background-position":"center center","background-size":"auto","background-attachment":"scroll","background-type":"","background-media":"","overlay-type":"","overlay-color":"","overlay-opacity":"","overlay-gradient":""},"tablet":{"background-color":"","background-image":"","background-repeat":"repeat","background-position":"center center","background-size":"auto","background-attachment":"scroll","background-type":"","background-media":"","overlay-type":"","overlay-color":"","overlay-opacity":"","overlay-gradient":""},"mobile":{"background-color":"","background-image":"","background-repeat":"repeat","background-position":"center center","background-size":"auto","background-attachment":"scroll","background-type":"","background-media":"","overlay-type":"","overlay-color":"","overlay-opacity":"","overlay-gradient":""}},"ast-content-background-meta":{"desktop":{"background-color":"var(--ast-global-color-5)","background-image":"","background-repeat":"repeat","background-position":"center center","background-size":"auto","background-attachment":"scroll","background-type":"","background-media":"","overlay-type":"","overlay-color":"","overlay-opacity":"","overlay-gradient":""},"tablet":{"background-color":"var(--ast-global-color-5)","background-image":"","background-repeat":"repeat","background-position":"center center","background-size":"auto","background-attachment":"scroll","background-type":"","background-media":"","overlay-type":"","overlay-color":"","overlay-opacity":"","overlay-gradient":""},"mobile":{"background-color":"var(--ast-global-color-5)","background-image":"","background-repeat":"repeat","background-position":"center center","background-size":"auto","background-attachment":"scroll","background-type":"","background-media":"","overlay-type":"","overlay-color":"","overlay-opacity":"","overlay-gradient":""}},"footnotes":""},"categories":[98,97,4],"tags":[139,140,141],"class_list":["post-3989","post","type-post","status-publish","format-standard","has-post-thumbnail","hentry","category-cg","category-cm-portada","category-portada","tag-castanyada","tag-escola","tag-festes"],"post_mailing_queue_ids":[],"_links":{"self":[{"href":"https:\/\/agora.xtec.cat\/ceip-joma\/wp-json\/wp\/v2\/posts\/3989","targetHints":{"allow":["GET"]}}],"collection":[{"href":"https:\/\/agora.xtec.cat\/ceip-joma\/wp-json\/wp\/v2\/posts"}],"about":[{"href":"https:\/\/agora.xtec.cat\/ceip-joma\/wp-json\/wp\/v2\/types\/post"}],"author":[{"embeddable":true,"href":"https:\/\/agora.xtec.cat\/ceip-joma\/wp-json\/wp\/v2\/users\/22"}],"replies":[{"embeddable":true,"href":"https:\/\/agora.xtec.cat\/ceip-joma\/wp-json\/wp\/v2\/comments?post=3989"}],"version-history":[{"count":3,"href":"https:\/\/agora.xtec.cat\/ceip-joma\/wp-json\/wp\/v2\/posts\/3989\/revisions"}],"predecessor-version":[{"id":4011,"href":"https:\/\/agora.xtec.cat\/ceip-joma\/wp-json\/wp\/v2\/posts\/3989\/revisions\/4011"}],"wp:featuredmedia":[{"embeddable":true,"href":"https:\/\/agora.xtec.cat\/ceip-joma\/wp-json\/wp\/v2\/media\/4004"}],"wp:attachment":[{"href":"https:\/\/agora.xtec.cat\/ceip-joma\/wp-json\/wp\/v2\/media?parent=3989"}],"wp:term":[{"taxonomy":"category","embeddable":true,"href":"https:\/\/agora.xtec.cat\/ceip-joma\/wp-json\/wp\/v2\/categories?post=3989"},{"taxonomy":"post_tag","embeddable":true,"href":"https:\/\/agora.xtec.cat\/ceip-joma\/wp-json\/wp\/v2\/tags?post=3989"}],"curies":[{"name":"wp","href":"https:\/\/api.w.org\/{rel}","templated":true}]}}