{"id":3773,"date":"2022-05-09T13:17:53","date_gmt":"2022-05-09T11:17:53","guid":{"rendered":"https:\/\/agora.xtec.cat\/ceip-joma\/?p=3773"},"modified":"2022-05-09T13:17:53","modified_gmt":"2022-05-09T11:17:53","slug":"setmana-cultural-2022","status":"publish","type":"post","link":"https:\/\/agora.xtec.cat\/ceip-joma\/portada\/setmana-cultural-2022\/","title":{"rendered":"SETMANA CULTURAL 2022"},"content":{"rendered":"<p>Enguany hem pogut tornar a gaudir de la Setmana Cultural tots junts i juntes. La tem\u00e0tica d&#8217;aquest any ha estat la Pau. \u262e<\/p>\n<p>Durant aquests dies hem realitzat tot un seguit d&#8217;activitats com:<\/p>\n<ul>\n<li>Ambients de Pau i Guerra: on hem pogut sentir les emocions que provoquen les situacions de Pau i Guerra.<\/li>\n<li>Visualitzaci\u00f3 de curts i pel\u00b7l\u00edcules per tal de reflexionar i establir un debat sobre el tema.\ud83c\udfa5<\/li>\n<li>Jocs Florals: les Comunitats han elaborat diferents escrits: vers, cal\u00b7ligrama i poemes, sobre la tem\u00e0tica d&#8217;aquesta setmana. \ud83c\udf39<\/li>\n<li>Can\u00e7ons per la Pau: tots i totes hem treballat una can\u00e7\u00f3 relacionada amb la Pau que hem compartit amb la resta de l&#8217;escola. \ud83c\udfbc<\/li>\n<li>Teatre en angl\u00e8s: hem pogut gaudir de diferents obres de teatre en angl\u00e8s: &#8221; Jack and the magic beans&#8221; i &#8220;Dracula&#8221;.\ud83c\udfa6<\/li>\n<li>Clean up Day: i per acabar la setmana hem participat en la recollida de brossa pel nostre entorn.\ud83c\udf04<\/li>\n<\/ul>\n<p>Aqu\u00ed us deixen les <a href=\"https:\/\/photos.app.goo.gl\/1CWN3Tw4uMnoW6GQ9\" target=\"_blank\" rel=\"noopener\">FOTOGRAFIES<\/a> i a sota el V\u00cdDEO de les can\u00e7ons.<\/p>\n<p style=\"text-align: center\"><iframe loading=\"lazy\" title=\"YouTube video player\" src=\"\/\/www.youtube.com\/embed\/NeuApb7l2jY\" width=\"560\" height=\"315\" frameborder=\"0\"><\/iframe><\/p>\n","protected":false},"excerpt":{"rendered":"<p>Enguany hem pogut tornar a gaudir de la Setmana Cultural tots junts i juntes. La tem\u00e0tica d&#8217;aquest any ha estat la Pau. \u262e Durant aquests dies hem realitzat tot un seguit d&#8217;activitats com: Ambients de Pau i Guerra: on hem pogut sentir les emocions que provoquen les situacions de Pau i Guerra. Visualitzaci\u00f3 de curts [&hellip;]<\/p>\n","protected":false},"author":23,"featured_media":3775,"comment_status":"open","ping_status":"closed","sticky":false,"template":"","format":"standard","meta":{"_bbp_topic_count":0,"_bbp_reply_count":0,"_bbp_total_topic_count":0,"_bbp_total_reply_count":0,"_bbp_voice_count":0,"_bbp_anonymous_reply_count":0,"_bbp_topic_count_hidden":0,"_bbp_reply_count_hidden":0,"_bbp_forum_subforum_count":0,"site-sidebar-layout":"default","site-content-layout":"","ast-site-content-layout":"","site-content-style":"default","site-sidebar-style":"default","ast-global-header-display":"","ast-banner-title-visibility":"","ast-main-header-display":"","ast-hfb-above-header-display":"","ast-hfb-below-header-display":"","ast-hfb-mobile-header-display":"","site-post-title":"","ast-breadcrumbs-content":"","ast-featured-img":"","footer-sml-layout":"","theme-transparent-header-meta":"","adv-header-id-meta":"","stick-header-meta":"","header-above-stick-meta":"","header-main-stick-meta":"","header-below-stick-meta":"","astra-migrate-meta-layouts":"default","ast-page-background-enabled":"default","ast-page-background-meta":{"desktop":{"background-color":"var(--ast-global-color-4)","background-image":"","background-repeat":"repeat","background-position":"center center","background-size":"auto","background-attachment":"scroll","background-type":"","background-media":"","overlay-type":"","overlay-color":"","overlay-opacity":"","overlay-gradient":""},"tablet":{"background-color":"","background-image":"","background-repeat":"repeat","background-position":"center center","background-size":"auto","background-attachment":"scroll","background-type":"","background-media":"","overlay-type":"","overlay-color":"","overlay-opacity":"","overlay-gradient":""},"mobile":{"background-color":"","background-image":"","background-repeat":"repeat","background-position":"center center","background-size":"auto","background-attachment":"scroll","background-type":"","background-media":"","overlay-type":"","overlay-color":"","overlay-opacity":"","overlay-gradient":""}},"ast-content-background-meta":{"desktop":{"background-color":"var(--ast-global-color-5)","background-image":"","background-repeat":"repeat","background-position":"center center","background-size":"auto","background-attachment":"scroll","background-type":"","background-media":"","overlay-type":"","overlay-color":"","overlay-opacity":"","overlay-gradient":""},"tablet":{"background-color":"var(--ast-global-color-5)","background-image":"","background-repeat":"repeat","background-position":"center center","background-size":"auto","background-attachment":"scroll","background-type":"","background-media":"","overlay-type":"","overlay-color":"","overlay-opacity":"","overlay-gradient":""},"mobile":{"background-color":"var(--ast-global-color-5)","background-image":"","background-repeat":"repeat","background-position":"center center","background-size":"auto","background-attachment":"scroll","background-type":"","background-media":"","overlay-type":"","overlay-color":"","overlay-opacity":"","overlay-gradient":""}},"footnotes":""},"categories":[98,97,4],"tags":[128,93,127],"class_list":["post-3773","post","type-post","status-publish","format-standard","has-post-thumbnail","hentry","category-cg","category-cm-portada","category-portada","tag-clean-up-day","tag-jocs-florals","tag-setmana-cultural"],"post_mailing_queue_ids":[],"_links":{"self":[{"href":"https:\/\/agora.xtec.cat\/ceip-joma\/wp-json\/wp\/v2\/posts\/3773","targetHints":{"allow":["GET"]}}],"collection":[{"href":"https:\/\/agora.xtec.cat\/ceip-joma\/wp-json\/wp\/v2\/posts"}],"about":[{"href":"https:\/\/agora.xtec.cat\/ceip-joma\/wp-json\/wp\/v2\/types\/post"}],"author":[{"embeddable":true,"href":"https:\/\/agora.xtec.cat\/ceip-joma\/wp-json\/wp\/v2\/users\/23"}],"replies":[{"embeddable":true,"href":"https:\/\/agora.xtec.cat\/ceip-joma\/wp-json\/wp\/v2\/comments?post=3773"}],"version-history":[{"count":1,"href":"https:\/\/agora.xtec.cat\/ceip-joma\/wp-json\/wp\/v2\/posts\/3773\/revisions"}],"predecessor-version":[{"id":3776,"href":"https:\/\/agora.xtec.cat\/ceip-joma\/wp-json\/wp\/v2\/posts\/3773\/revisions\/3776"}],"wp:featuredmedia":[{"embeddable":true,"href":"https:\/\/agora.xtec.cat\/ceip-joma\/wp-json\/wp\/v2\/media\/3775"}],"wp:attachment":[{"href":"https:\/\/agora.xtec.cat\/ceip-joma\/wp-json\/wp\/v2\/media?parent=3773"}],"wp:term":[{"taxonomy":"category","embeddable":true,"href":"https:\/\/agora.xtec.cat\/ceip-joma\/wp-json\/wp\/v2\/categories?post=3773"},{"taxonomy":"post_tag","embeddable":true,"href":"https:\/\/agora.xtec.cat\/ceip-joma\/wp-json\/wp\/v2\/tags?post=3773"}],"curies":[{"name":"wp","href":"https:\/\/api.w.org\/{rel}","templated":true}]}}