{"id":3726,"date":"2022-04-08T20:39:03","date_gmt":"2022-04-08T18:39:03","guid":{"rendered":"https:\/\/agora.xtec.cat\/ceip-joma\/?p=3726"},"modified":"2022-04-08T20:39:03","modified_gmt":"2022-04-08T18:39:03","slug":"a-lescola-celebrem-la-pasqua","status":"publish","type":"post","link":"https:\/\/agora.xtec.cat\/ceip-joma\/portada\/a-lescola-celebrem-la-pasqua\/","title":{"rendered":"A L&#8217;ESCOLA, CELEBREM LA PASQUA"},"content":{"rendered":"<p>Ei, fam\u00edlies!<\/p>\n<p>Hem arribat al final del trimestre i per acomiadar-nos hem celebrat la Pasqua a l&#8217;escola. Aix\u00ed, durant el dia d&#8217;avui, hem fet tot un seguit d&#8217;activitats.<\/p>\n<p>Durant el mat\u00ed hem creat les nostres pr\u00f2pies mones i hem anat a trobar els ous de Pasqua. Aix\u00ed, els Petits hem anat a buscar els ous al pati de la figuera, els Mitjans hem fet una recerca del tresor al pati de l&#8217;escola, i els Grans, al parc de les rampes, hem realitzat una Gimcana plena de proves per trobar la combinaci\u00f3 del cadenat del cofre que el pirata Pocatra\u00e7a havia amagat al parc amb els nostres ous. Quina barra!!!<\/p>\n<p>Finalment, totes i tots hem pogut aconseguir els nostres premis i coronar les nostres mones que a la tarda plegats hem menjat al pati on tamb\u00e9 hem gaudit de les danses que els i les alumnes de 5\u00e8 i 6\u00e8 havien preparat per l&#8217; Eramus.<\/p>\n<p>Us deixem <a href=\"https:\/\/photos.app.goo.gl\/dxqnKC9H2YawRexaA\" target=\"_blank\" rel=\"noopener\">L&#8217;ENLLA\u00c7<\/a> on trobareu les fotografies de les diferents activitats.<\/p>\n<p>Ha estat un dia ple d&#8217;emocions que ens ha servit per tancar aquest llarg trimestre. Ara toca agafar forces.\ud83d\udcaa\ud83d\udcaa\ud83d\udcaa<\/p>\n<p>D&#8217;aqu\u00ed a poc m\u00e9s d&#8217;una setmana ens retrobarem.\ud83d\udc4b\ud83d\udc4b\ud83d\udc4b<\/p>\n<p>&nbsp;<\/p>\n<p>&nbsp;<\/p>\n<p>&nbsp;<\/p>\n<p>&nbsp;<\/p>\n<p>&nbsp;<\/p>\n","protected":false},"excerpt":{"rendered":"<p>Ei, fam\u00edlies! Hem arribat al final del trimestre i per acomiadar-nos hem celebrat la Pasqua a l&#8217;escola. Aix\u00ed, durant el dia d&#8217;avui, hem fet tot un seguit d&#8217;activitats. Durant el mat\u00ed hem creat les nostres pr\u00f2pies mones i hem anat a trobar els ous de Pasqua. Aix\u00ed, els Petits hem anat a buscar els ous [&hellip;]<\/p>\n","protected":false},"author":22,"featured_media":3728,"comment_status":"open","ping_status":"closed","sticky":false,"template":"","format":"standard","meta":{"_bbp_topic_count":0,"_bbp_reply_count":0,"_bbp_total_topic_count":0,"_bbp_total_reply_count":0,"_bbp_voice_count":0,"_bbp_anonymous_reply_count":0,"_bbp_topic_count_hidden":0,"_bbp_reply_count_hidden":0,"_bbp_forum_subforum_count":0,"site-sidebar-layout":"default","site-content-layout":"","ast-site-content-layout":"","site-content-style":"default","site-sidebar-style":"default","ast-global-header-display":"","ast-banner-title-visibility":"","ast-main-header-display":"","ast-hfb-above-header-display":"","ast-hfb-below-header-display":"","ast-hfb-mobile-header-display":"","site-post-title":"","ast-breadcrumbs-content":"","ast-featured-img":"","footer-sml-layout":"","theme-transparent-header-meta":"","adv-header-id-meta":"","stick-header-meta":"","header-above-stick-meta":"","header-main-stick-meta":"","header-below-stick-meta":"","astra-migrate-meta-layouts":"default","ast-page-background-enabled":"default","ast-page-background-meta":{"desktop":{"background-color":"var(--ast-global-color-4)","background-image":"","background-repeat":"repeat","background-position":"center center","background-size":"auto","background-attachment":"scroll","background-type":"","background-media":"","overlay-type":"","overlay-color":"","overlay-opacity":"","overlay-gradient":""},"tablet":{"background-color":"","background-image":"","background-repeat":"repeat","background-position":"center center","background-size":"auto","background-attachment":"scroll","background-type":"","background-media":"","overlay-type":"","overlay-color":"","overlay-opacity":"","overlay-gradient":""},"mobile":{"background-color":"","background-image":"","background-repeat":"repeat","background-position":"center center","background-size":"auto","background-attachment":"scroll","background-type":"","background-media":"","overlay-type":"","overlay-color":"","overlay-opacity":"","overlay-gradient":""}},"ast-content-background-meta":{"desktop":{"background-color":"var(--ast-global-color-5)","background-image":"","background-repeat":"repeat","background-position":"center center","background-size":"auto","background-attachment":"scroll","background-type":"","background-media":"","overlay-type":"","overlay-color":"","overlay-opacity":"","overlay-gradient":""},"tablet":{"background-color":"var(--ast-global-color-5)","background-image":"","background-repeat":"repeat","background-position":"center center","background-size":"auto","background-attachment":"scroll","background-type":"","background-media":"","overlay-type":"","overlay-color":"","overlay-opacity":"","overlay-gradient":""},"mobile":{"background-color":"var(--ast-global-color-5)","background-image":"","background-repeat":"repeat","background-position":"center center","background-size":"auto","background-attachment":"scroll","background-type":"","background-media":"","overlay-type":"","overlay-color":"","overlay-opacity":"","overlay-gradient":""}},"footnotes":""},"categories":[98,4],"tags":[],"class_list":["post-3726","post","type-post","status-publish","format-standard","has-post-thumbnail","hentry","category-cg","category-portada"],"post_mailing_queue_ids":[],"_links":{"self":[{"href":"https:\/\/agora.xtec.cat\/ceip-joma\/wp-json\/wp\/v2\/posts\/3726","targetHints":{"allow":["GET"]}}],"collection":[{"href":"https:\/\/agora.xtec.cat\/ceip-joma\/wp-json\/wp\/v2\/posts"}],"about":[{"href":"https:\/\/agora.xtec.cat\/ceip-joma\/wp-json\/wp\/v2\/types\/post"}],"author":[{"embeddable":true,"href":"https:\/\/agora.xtec.cat\/ceip-joma\/wp-json\/wp\/v2\/users\/22"}],"replies":[{"embeddable":true,"href":"https:\/\/agora.xtec.cat\/ceip-joma\/wp-json\/wp\/v2\/comments?post=3726"}],"version-history":[{"count":3,"href":"https:\/\/agora.xtec.cat\/ceip-joma\/wp-json\/wp\/v2\/posts\/3726\/revisions"}],"predecessor-version":[{"id":3732,"href":"https:\/\/agora.xtec.cat\/ceip-joma\/wp-json\/wp\/v2\/posts\/3726\/revisions\/3732"}],"wp:featuredmedia":[{"embeddable":true,"href":"https:\/\/agora.xtec.cat\/ceip-joma\/wp-json\/wp\/v2\/media\/3728"}],"wp:attachment":[{"href":"https:\/\/agora.xtec.cat\/ceip-joma\/wp-json\/wp\/v2\/media?parent=3726"}],"wp:term":[{"taxonomy":"category","embeddable":true,"href":"https:\/\/agora.xtec.cat\/ceip-joma\/wp-json\/wp\/v2\/categories?post=3726"},{"taxonomy":"post_tag","embeddable":true,"href":"https:\/\/agora.xtec.cat\/ceip-joma\/wp-json\/wp\/v2\/tags?post=3726"}],"curies":[{"name":"wp","href":"https:\/\/api.w.org\/{rel}","templated":true}]}}