{"id":3636,"date":"2022-02-08T21:45:37","date_gmt":"2022-02-08T20:45:37","guid":{"rendered":"https:\/\/agora.xtec.cat\/ceip-joma\/?p=3636"},"modified":"2022-02-08T21:53:49","modified_gmt":"2022-02-08T20:53:49","slug":"activitats-sobre-la-pau-i-la-no-violencia-a-lescola","status":"publish","type":"post","link":"https:\/\/agora.xtec.cat\/ceip-joma\/portada\/activitats-sobre-la-pau-i-la-no-violencia-a-lescola\/","title":{"rendered":"DIA DE LA PAU I LA NO-VIOL\u00c8NCIA"},"content":{"rendered":"<p>El dia 30 de gener \u00e9s el dia de la Pau i la no-viol\u00e8ncia. Durant la setmana passada els i les alumnes de prim\u00e0ria hem fet tot un seguit d&#8217;activitats relacionades amb el tema per tal de treballar aquest valor tan necessari a la nostra societat.<\/p>\n<p>Aix\u00ed, els Mitjans hem fet uns globus amb dibuixos de les nostres mans i paraules relacionades amb el tema. El grup A de la Comunitat de Grans hem fet biografies de personalitats destacades en la lluita per la Pau i tamb\u00e9 hem retallat i escrit, en coloms de paper, desitjos per aconseguir un m\u00f3n millor.<\/p>\n<p>I per rematar-ho,\u00a0 tots els grups de les dues comunitats hem participat en un Break Out, una mena de Scape Room, on la finalitat era alliberar el colom de la Pau que estava engabiat per un dolent. Per assolir-ho hav\u00edem de trobar, mitjan\u00e7ant unes proves, la combinaci\u00f3 de l&#8217;encadenat que no el deixava sortir. Per sort, tots els grups vam poder aconseguir-la i finalment va ser alliberat i aix\u00ed, ha pogut continuar portant missatges de Pau i Amor.<\/p>\n<p>Han estat unes activitats entretingudes que ens ha ajudat a conscienciar-nos sobre la necessitat de fer d&#8217;aquest, un m\u00f3n millor.<\/p>\n<p>Us deixem amb les <a href=\"https:\/\/photos.app.goo.gl\/bmLJRwFpmosnU5rz7\" target=\"_blank\" rel=\"noopener\">FOTOGRAFIES<\/a> de les diferents activitats fetes.<\/p>\n<p>Esperem que us agradin i &#8230;FINS AVIAT!!!\ud83d\udc4b<\/p>\n","protected":false},"excerpt":{"rendered":"<p>El dia 30 de gener \u00e9s el dia de la Pau i la no-viol\u00e8ncia. Durant la setmana passada els i les alumnes de prim\u00e0ria hem fet tot un seguit d&#8217;activitats relacionades amb el tema per tal de treballar aquest valor tan necessari a la nostra societat. Aix\u00ed, els Mitjans hem fet uns globus amb dibuixos [&hellip;]<\/p>\n","protected":false},"author":22,"featured_media":3639,"comment_status":"open","ping_status":"closed","sticky":false,"template":"","format":"standard","meta":{"_bbp_topic_count":0,"_bbp_reply_count":0,"_bbp_total_topic_count":0,"_bbp_total_reply_count":0,"_bbp_voice_count":0,"_bbp_anonymous_reply_count":0,"_bbp_topic_count_hidden":0,"_bbp_reply_count_hidden":0,"_bbp_forum_subforum_count":0,"site-sidebar-layout":"default","site-content-layout":"","ast-site-content-layout":"","site-content-style":"default","site-sidebar-style":"default","ast-global-header-display":"","ast-banner-title-visibility":"","ast-main-header-display":"","ast-hfb-above-header-display":"","ast-hfb-below-header-display":"","ast-hfb-mobile-header-display":"","site-post-title":"","ast-breadcrumbs-content":"","ast-featured-img":"","footer-sml-layout":"","theme-transparent-header-meta":"","adv-header-id-meta":"","stick-header-meta":"","header-above-stick-meta":"","header-main-stick-meta":"","header-below-stick-meta":"","astra-migrate-meta-layouts":"default","ast-page-background-enabled":"default","ast-page-background-meta":{"desktop":{"background-color":"var(--ast-global-color-4)","background-image":"","background-repeat":"repeat","background-position":"center center","background-size":"auto","background-attachment":"scroll","background-type":"","background-media":"","overlay-type":"","overlay-color":"","overlay-opacity":"","overlay-gradient":""},"tablet":{"background-color":"","background-image":"","background-repeat":"repeat","background-position":"center center","background-size":"auto","background-attachment":"scroll","background-type":"","background-media":"","overlay-type":"","overlay-color":"","overlay-opacity":"","overlay-gradient":""},"mobile":{"background-color":"","background-image":"","background-repeat":"repeat","background-position":"center center","background-size":"auto","background-attachment":"scroll","background-type":"","background-media":"","overlay-type":"","overlay-color":"","overlay-opacity":"","overlay-gradient":""}},"ast-content-background-meta":{"desktop":{"background-color":"var(--ast-global-color-5)","background-image":"","background-repeat":"repeat","background-position":"center center","background-size":"auto","background-attachment":"scroll","background-type":"","background-media":"","overlay-type":"","overlay-color":"","overlay-opacity":"","overlay-gradient":""},"tablet":{"background-color":"var(--ast-global-color-5)","background-image":"","background-repeat":"repeat","background-position":"center center","background-size":"auto","background-attachment":"scroll","background-type":"","background-media":"","overlay-type":"","overlay-color":"","overlay-opacity":"","overlay-gradient":""},"mobile":{"background-color":"var(--ast-global-color-5)","background-image":"","background-repeat":"repeat","background-position":"center center","background-size":"auto","background-attachment":"scroll","background-type":"","background-media":"","overlay-type":"","overlay-color":"","overlay-opacity":"","overlay-gradient":""}},"footnotes":""},"categories":[98,97,4],"tags":[101,120,107],"class_list":["post-3636","post","type-post","status-publish","format-standard","has-post-thumbnail","hentry","category-cg","category-cm-portada","category-portada","tag-comunitat-de-grans","tag-comunitat-mitjans","tag-dia-de-la-pau"],"post_mailing_queue_ids":[],"_links":{"self":[{"href":"https:\/\/agora.xtec.cat\/ceip-joma\/wp-json\/wp\/v2\/posts\/3636","targetHints":{"allow":["GET"]}}],"collection":[{"href":"https:\/\/agora.xtec.cat\/ceip-joma\/wp-json\/wp\/v2\/posts"}],"about":[{"href":"https:\/\/agora.xtec.cat\/ceip-joma\/wp-json\/wp\/v2\/types\/post"}],"author":[{"embeddable":true,"href":"https:\/\/agora.xtec.cat\/ceip-joma\/wp-json\/wp\/v2\/users\/22"}],"replies":[{"embeddable":true,"href":"https:\/\/agora.xtec.cat\/ceip-joma\/wp-json\/wp\/v2\/comments?post=3636"}],"version-history":[{"count":3,"href":"https:\/\/agora.xtec.cat\/ceip-joma\/wp-json\/wp\/v2\/posts\/3636\/revisions"}],"predecessor-version":[{"id":3644,"href":"https:\/\/agora.xtec.cat\/ceip-joma\/wp-json\/wp\/v2\/posts\/3636\/revisions\/3644"}],"wp:featuredmedia":[{"embeddable":true,"href":"https:\/\/agora.xtec.cat\/ceip-joma\/wp-json\/wp\/v2\/media\/3639"}],"wp:attachment":[{"href":"https:\/\/agora.xtec.cat\/ceip-joma\/wp-json\/wp\/v2\/media?parent=3636"}],"wp:term":[{"taxonomy":"category","embeddable":true,"href":"https:\/\/agora.xtec.cat\/ceip-joma\/wp-json\/wp\/v2\/categories?post=3636"},{"taxonomy":"post_tag","embeddable":true,"href":"https:\/\/agora.xtec.cat\/ceip-joma\/wp-json\/wp\/v2\/tags?post=3636"}],"curies":[{"name":"wp","href":"https:\/\/api.w.org\/{rel}","templated":true}]}}