{"id":3634,"date":"2022-02-22T14:32:13","date_gmt":"2022-02-22T13:32:13","guid":{"rendered":"https:\/\/agora.xtec.cat\/ceip-joma\/?p=3634"},"modified":"2022-02-22T14:38:32","modified_gmt":"2022-02-22T13:38:32","slug":"els-grans-fem-robotica","status":"publish","type":"post","link":"https:\/\/agora.xtec.cat\/ceip-joma\/portada\/els-grans-fem-robotica\/","title":{"rendered":"ELS GRANS FEM ROB\u00d2TICA"},"content":{"rendered":"<p style=\"text-align: center;\"><iframe loading=\"lazy\" title=\"YouTube video player\" src=\"\/\/www.youtube.com\/embed\/j-1iGQu0zNc\" width=\"560\" height=\"315\" frameborder=\"0\" allowfullscreen=\"allowfullscreen\"><\/iframe><\/p>\n<p>Aquest curs, l&#8217;escola ha invertit en la compra kits de rob\u00f2tica per tal que els i les alumnes de la Comunitat de Grans comencin a familiaritzar-se amb tot aquest m\u00f3n. \ud83e\udd16\ud83e\udd16\ud83e\udd16<\/p>\n<p>Aix\u00ed durant el 1r trimestre els alumnes del grup A (3r i 4t) hem creat els nostres robots i els hem programat amb les tauletes i programari LEGO, per tal que f\u00e9ssim all\u00f2 que vol\u00edem com despla\u00e7ar-se, fer algun so&#8230;<\/p>\n<p>Ho hem fet en grups cooperatius i per demostrar els nostres coneixements hem creat el nostre robot lunar i li hem posat la missi\u00f3 de portar un objecte fins a la nostra base lunar. Tot un repte!!!\ud83d\udcaa\ud83d\udcaa\ud83d\udcaa<\/p>\n<p>Ara, aquest 2n trimestre, hem comen\u00e7at amb els m\u00e9s grans (5\u00e8 i 6\u00e8) que tamb\u00e9 han creat els seus propis robots i han apr\u00e8s a programar-los. De moment,\u00a0 ho estan fent amb LEGO, per\u00f2 com s\u00f3n m\u00e9s grans aviat ho faran fent servir SCRATHC. A veure com ho fan. Segur que ho clavaran!!!!\ud83d\udc4c<\/p>\n<p>Aqu\u00ed us deixem algunes <a href=\"https:\/\/photos.app.goo.gl\/eLjuWyKY16uRbySC8\" target=\"_blank\" rel=\"noopener\">FOTOGRAFIES.<\/a>\u00a0M\u00e9s endavant anirem afegint les creacions de la<\/p>\n<p>Segur que seran GENIALS!!!\ud83d\udc4d\ud83d\udc4d\ud83d\udc4d<\/p>\n<p>&nbsp;<\/p>\n<p>&nbsp;<\/p>\n","protected":false},"excerpt":{"rendered":"<p>Aquest curs, l&#8217;escola ha invertit en la compra kits de rob\u00f2tica per tal que els i les alumnes de la Comunitat de Grans comencin a familiaritzar-se amb tot aquest m\u00f3n. \ud83e\udd16\ud83e\udd16\ud83e\udd16 Aix\u00ed durant el 1r trimestre els alumnes del grup A (3r i 4t) hem creat els nostres robots i els hem programat amb les [&hellip;]<\/p>\n","protected":false},"author":22,"featured_media":3670,"comment_status":"open","ping_status":"closed","sticky":false,"template":"","format":"standard","meta":{"_bbp_topic_count":0,"_bbp_reply_count":0,"_bbp_total_topic_count":0,"_bbp_total_reply_count":0,"_bbp_voice_count":0,"_bbp_anonymous_reply_count":0,"_bbp_topic_count_hidden":0,"_bbp_reply_count_hidden":0,"_bbp_forum_subforum_count":0,"site-sidebar-layout":"default","site-content-layout":"","ast-site-content-layout":"","site-content-style":"default","site-sidebar-style":"default","ast-global-header-display":"","ast-banner-title-visibility":"","ast-main-header-display":"","ast-hfb-above-header-display":"","ast-hfb-below-header-display":"","ast-hfb-mobile-header-display":"","site-post-title":"","ast-breadcrumbs-content":"","ast-featured-img":"","footer-sml-layout":"","theme-transparent-header-meta":"","adv-header-id-meta":"","stick-header-meta":"","header-above-stick-meta":"","header-main-stick-meta":"","header-below-stick-meta":"","astra-migrate-meta-layouts":"default","ast-page-background-enabled":"default","ast-page-background-meta":{"desktop":{"background-color":"var(--ast-global-color-4)","background-image":"","background-repeat":"repeat","background-position":"center center","background-size":"auto","background-attachment":"scroll","background-type":"","background-media":"","overlay-type":"","overlay-color":"","overlay-opacity":"","overlay-gradient":""},"tablet":{"background-color":"","background-image":"","background-repeat":"repeat","background-position":"center center","background-size":"auto","background-attachment":"scroll","background-type":"","background-media":"","overlay-type":"","overlay-color":"","overlay-opacity":"","overlay-gradient":""},"mobile":{"background-color":"","background-image":"","background-repeat":"repeat","background-position":"center center","background-size":"auto","background-attachment":"scroll","background-type":"","background-media":"","overlay-type":"","overlay-color":"","overlay-opacity":"","overlay-gradient":""}},"ast-content-background-meta":{"desktop":{"background-color":"var(--ast-global-color-5)","background-image":"","background-repeat":"repeat","background-position":"center center","background-size":"auto","background-attachment":"scroll","background-type":"","background-media":"","overlay-type":"","overlay-color":"","overlay-opacity":"","overlay-gradient":""},"tablet":{"background-color":"var(--ast-global-color-5)","background-image":"","background-repeat":"repeat","background-position":"center center","background-size":"auto","background-attachment":"scroll","background-type":"","background-media":"","overlay-type":"","overlay-color":"","overlay-opacity":"","overlay-gradient":""},"mobile":{"background-color":"var(--ast-global-color-5)","background-image":"","background-repeat":"repeat","background-position":"center center","background-size":"auto","background-attachment":"scroll","background-type":"","background-media":"","overlay-type":"","overlay-color":"","overlay-opacity":"","overlay-gradient":""}},"footnotes":""},"categories":[98,4],"tags":[101,125,103],"class_list":["post-3634","post","type-post","status-publish","format-standard","has-post-thumbnail","hentry","category-cg","category-portada","tag-comunitat-de-grans","tag-robotica","tag-tallers"],"post_mailing_queue_ids":[],"_links":{"self":[{"href":"https:\/\/agora.xtec.cat\/ceip-joma\/wp-json\/wp\/v2\/posts\/3634","targetHints":{"allow":["GET"]}}],"collection":[{"href":"https:\/\/agora.xtec.cat\/ceip-joma\/wp-json\/wp\/v2\/posts"}],"about":[{"href":"https:\/\/agora.xtec.cat\/ceip-joma\/wp-json\/wp\/v2\/types\/post"}],"author":[{"embeddable":true,"href":"https:\/\/agora.xtec.cat\/ceip-joma\/wp-json\/wp\/v2\/users\/22"}],"replies":[{"embeddable":true,"href":"https:\/\/agora.xtec.cat\/ceip-joma\/wp-json\/wp\/v2\/comments?post=3634"}],"version-history":[{"count":3,"href":"https:\/\/agora.xtec.cat\/ceip-joma\/wp-json\/wp\/v2\/posts\/3634\/revisions"}],"predecessor-version":[{"id":3671,"href":"https:\/\/agora.xtec.cat\/ceip-joma\/wp-json\/wp\/v2\/posts\/3634\/revisions\/3671"}],"wp:featuredmedia":[{"embeddable":true,"href":"https:\/\/agora.xtec.cat\/ceip-joma\/wp-json\/wp\/v2\/media\/3670"}],"wp:attachment":[{"href":"https:\/\/agora.xtec.cat\/ceip-joma\/wp-json\/wp\/v2\/media?parent=3634"}],"wp:term":[{"taxonomy":"category","embeddable":true,"href":"https:\/\/agora.xtec.cat\/ceip-joma\/wp-json\/wp\/v2\/categories?post=3634"},{"taxonomy":"post_tag","embeddable":true,"href":"https:\/\/agora.xtec.cat\/ceip-joma\/wp-json\/wp\/v2\/tags?post=3634"}],"curies":[{"name":"wp","href":"https:\/\/api.w.org\/{rel}","templated":true}]}}