{"id":3485,"date":"2021-11-15T13:23:27","date_gmt":"2021-11-15T12:23:27","guid":{"rendered":"https:\/\/agora.xtec.cat\/ceip-joma\/?p=3485"},"modified":"2021-11-15T13:25:51","modified_gmt":"2021-11-15T12:25:51","slug":"vallbona-parada-i-fonda","status":"publish","type":"post","link":"https:\/\/agora.xtec.cat\/ceip-joma\/portada\/vallbona-parada-i-fonda\/","title":{"rendered":"VALLBONA PARADA I FONDA"},"content":{"rendered":"<p><span style=\"font-weight: 400;\">Dins del projecte \u201cVallbona\u201d que hem engegat aquest trimestre a nivell de tota l\u2019escola, els diferents grups i comunitats,\u00a0 hem participat en els recorreguts que organitza la Diputaci\u00f3 per donar a con\u00e8ixer els costums, llocs i edificacions m\u00e9s importants de Vallbona d\u2019Anoia.\u00a0<\/span><\/p>\n<p><span style=\"font-weight: 400;\">El dia 3\u00a0 i 4 de Novembre l\u2019alumnat\u00a0 de la\u00a0 Comunitat de Grans B i C, i la Comunitat de Mitjans, respectivament, vam<\/span><span style=\"font-weight: 400;\"> fer un recorregut pels carrers del poble per descobrir-ne els seus or\u00edgens medievals, la situaci\u00f3 de l\u2019antiga esgl\u00e9sia de Sant Bartomeu i el perqu\u00e8 de la seva ubicaci\u00f3, aix\u00ed com l\u2019evoluci\u00f3 moderna de la vila, amb artesans dedicats a la producci\u00f3 de vidre blau i els diversos hostals i fondes que, des del segle XV van ser importants en el comer\u00e7 de mercaderies i moviment de persones.<\/span><\/p>\n<p><span style=\"font-weight: 400;\">Vallbona va saber aprofitar aquestes circumst\u00e0ncies i es va convertir en el refugi de molts viatgers. Molts dels seus habitants van deixar la pagesia per convertir-se en hostalers i aix\u00ed, a Vallbona era obligat fer parada i fonda.\u00a0<\/span><\/p>\n<p><span style=\"font-weight: 400;\">Hem apr\u00e8s que Vallbona d\u2019Anoia controlava l\u2019antic Cam\u00ed Ral a l\u2019\u00e8poca medieval, passar el riu Anoia en aquell punt del cam\u00ed era una necessitat i tamb\u00e9 un risc, per l\u2019abund\u00e0ncia de bandolers.\u00a0<\/span><\/p>\n<p><span style=\"font-weight: 400;\">El Dani, el nostre guia, ens va explicar una mica la vida del bandoler m\u00e9s fam\u00f3s, el Montserrat Poch i tamb\u00e9 com va acabar.<\/span><\/p>\n<p>&nbsp;<\/p>\n<p><span style=\"font-weight: 400;\">D\u2019altra banda, els alumnes del grup A de la Comunitat de Grans, format pels alumnes de 3r i 4t, estem treballant el paisatge i l\u2019organitzaci\u00f3 administrativa del municipi. En el nostre recorregut, el dia 10 de novembre,\u00a0 havien d\u2019observar els diferents elements paisatg\u00edstics i visitar algunes de les barraques que feien servir els pastors de la zona.\u00a0<\/span><\/p>\n<p><span style=\"font-weight: 400;\">Malauradament, ens va ploure i en Dani ens va proposar un pla alternatiu, visitar Cal Jep, on el Xavier Tarafa, molt amablement, ens va obrir les portes de la seva casa per explicar-nos com era la seva vida a casa i al poble fa nom\u00e9s uns 75 anys enrere. A m\u00e9s, ens va ensenyar el seu celler on des de fa molts anys ell i el seu germ\u00e0 s\u2019han dedicat a fer cava. En Xavier va ser tan amable que ens va fer una classe te\u00f2rica sobre tot el proc\u00e9s, d\u2019en\u00e7\u00e0 que s\u2019agafa el ra\u00efm fins que despr\u00e9s de l\u2019obtenci\u00f3 del vi o cava, es netegen les botes per tornar-les a fer servir.\u00a0<\/span><\/p>\n<p><span style=\"font-weight: 400;\">Li volem agrair el seu temps i les seves explicacions que ens han ajudat a entendre molt millor com era la vida abans a Vallbona i el proc\u00e9s d\u2019elaboraci\u00f3 del vi i del cava. Segur que no l\u2019oblidarem!!! \ud83d\ude0a\ud83d\ude0a\ud83d\ude0a<\/span><\/p>\n<p>&nbsp;<\/p>\n<p>Clicant en el seg\u00fcent <a href=\"https:\/\/photos.app.goo.gl\/gx32WMypnXTqj8he8\" target=\"_blank\" rel=\"noopener\">ENLLA\u00c7<\/a> podreu veure les fotografies dels diferens grups durant les visites. N&#8217; hi ha de molt &#8220;XULES&#8221;, no us les perdeu!!!<\/p>\n<p>&nbsp;<\/p>\n","protected":false},"excerpt":{"rendered":"<p>Dins del projecte \u201cVallbona\u201d que hem engegat aquest trimestre a nivell de tota l\u2019escola, els diferents grups i comunitats,\u00a0 hem participat en els recorreguts que organitza la Diputaci\u00f3 per donar a con\u00e8ixer els costums, llocs i edificacions m\u00e9s importants de Vallbona d\u2019Anoia.\u00a0 El dia 3\u00a0 i 4 de Novembre l\u2019alumnat\u00a0 de la\u00a0 Comunitat de Grans [&hellip;]<\/p>\n","protected":false},"author":22,"featured_media":3486,"comment_status":"open","ping_status":"closed","sticky":false,"template":"","format":"standard","meta":{"_bbp_topic_count":0,"_bbp_reply_count":0,"_bbp_total_topic_count":0,"_bbp_total_reply_count":0,"_bbp_voice_count":0,"_bbp_anonymous_reply_count":0,"_bbp_topic_count_hidden":0,"_bbp_reply_count_hidden":0,"_bbp_forum_subforum_count":0,"site-sidebar-layout":"default","site-content-layout":"","ast-site-content-layout":"","site-content-style":"default","site-sidebar-style":"default","ast-global-header-display":"","ast-banner-title-visibility":"","ast-main-header-display":"","ast-hfb-above-header-display":"","ast-hfb-below-header-display":"","ast-hfb-mobile-header-display":"","site-post-title":"","ast-breadcrumbs-content":"","ast-featured-img":"","footer-sml-layout":"","theme-transparent-header-meta":"","adv-header-id-meta":"","stick-header-meta":"","header-above-stick-meta":"","header-main-stick-meta":"","header-below-stick-meta":"","astra-migrate-meta-layouts":"default","ast-page-background-enabled":"default","ast-page-background-meta":{"desktop":{"background-color":"var(--ast-global-color-4)","background-image":"","background-repeat":"repeat","background-position":"center center","background-size":"auto","background-attachment":"scroll","background-type":"","background-media":"","overlay-type":"","overlay-color":"","overlay-opacity":"","overlay-gradient":""},"tablet":{"background-color":"","background-image":"","background-repeat":"repeat","background-position":"center center","background-size":"auto","background-attachment":"scroll","background-type":"","background-media":"","overlay-type":"","overlay-color":"","overlay-opacity":"","overlay-gradient":""},"mobile":{"background-color":"","background-image":"","background-repeat":"repeat","background-position":"center center","background-size":"auto","background-attachment":"scroll","background-type":"","background-media":"","overlay-type":"","overlay-color":"","overlay-opacity":"","overlay-gradient":""}},"ast-content-background-meta":{"desktop":{"background-color":"var(--ast-global-color-5)","background-image":"","background-repeat":"repeat","background-position":"center center","background-size":"auto","background-attachment":"scroll","background-type":"","background-media":"","overlay-type":"","overlay-color":"","overlay-opacity":"","overlay-gradient":""},"tablet":{"background-color":"var(--ast-global-color-5)","background-image":"","background-repeat":"repeat","background-position":"center center","background-size":"auto","background-attachment":"scroll","background-type":"","background-media":"","overlay-type":"","overlay-color":"","overlay-opacity":"","overlay-gradient":""},"mobile":{"background-color":"var(--ast-global-color-5)","background-image":"","background-repeat":"repeat","background-position":"center center","background-size":"auto","background-attachment":"scroll","background-type":"","background-media":"","overlay-type":"","overlay-color":"","overlay-opacity":"","overlay-gradient":""}},"footnotes":""},"categories":[98,97,4],"tags":[69,16],"class_list":["post-3485","post","type-post","status-publish","format-standard","has-post-thumbnail","hentry","category-cg","category-cm-portada","category-portada","tag-projecte","tag-sortides"],"post_mailing_queue_ids":[],"_links":{"self":[{"href":"https:\/\/agora.xtec.cat\/ceip-joma\/wp-json\/wp\/v2\/posts\/3485","targetHints":{"allow":["GET"]}}],"collection":[{"href":"https:\/\/agora.xtec.cat\/ceip-joma\/wp-json\/wp\/v2\/posts"}],"about":[{"href":"https:\/\/agora.xtec.cat\/ceip-joma\/wp-json\/wp\/v2\/types\/post"}],"author":[{"embeddable":true,"href":"https:\/\/agora.xtec.cat\/ceip-joma\/wp-json\/wp\/v2\/users\/22"}],"replies":[{"embeddable":true,"href":"https:\/\/agora.xtec.cat\/ceip-joma\/wp-json\/wp\/v2\/comments?post=3485"}],"version-history":[{"count":2,"href":"https:\/\/agora.xtec.cat\/ceip-joma\/wp-json\/wp\/v2\/posts\/3485\/revisions"}],"predecessor-version":[{"id":3488,"href":"https:\/\/agora.xtec.cat\/ceip-joma\/wp-json\/wp\/v2\/posts\/3485\/revisions\/3488"}],"wp:featuredmedia":[{"embeddable":true,"href":"https:\/\/agora.xtec.cat\/ceip-joma\/wp-json\/wp\/v2\/media\/3486"}],"wp:attachment":[{"href":"https:\/\/agora.xtec.cat\/ceip-joma\/wp-json\/wp\/v2\/media?parent=3485"}],"wp:term":[{"taxonomy":"category","embeddable":true,"href":"https:\/\/agora.xtec.cat\/ceip-joma\/wp-json\/wp\/v2\/categories?post=3485"},{"taxonomy":"post_tag","embeddable":true,"href":"https:\/\/agora.xtec.cat\/ceip-joma\/wp-json\/wp\/v2\/tags?post=3485"}],"curies":[{"name":"wp","href":"https:\/\/api.w.org\/{rel}","templated":true}]}}