{"id":3289,"date":"2021-06-29T14:09:48","date_gmt":"2021-06-29T12:09:48","guid":{"rendered":"http:\/\/agora.xtec.cat\/ceip-joma\/?p=3289"},"modified":"2021-06-29T14:13:03","modified_gmt":"2021-06-29T12:13:03","slug":"proves-cangur-2021","status":"publish","type":"post","link":"https:\/\/agora.xtec.cat\/ceip-joma\/portada\/proves-cangur-2021\/","title":{"rendered":"PROVES CANGUR 2021"},"content":{"rendered":"<p style=\"text-align: center;\"><a href=\"https:\/\/agora.xtec.cat\/ceip-joma\/wp-content\/uploads\/usu1530\/2021\/06\/descarga.jpg\"><img loading=\"lazy\" decoding=\"async\" class=\"alignnone size-full wp-image-3290\" src=\"https:\/\/agora.xtec.cat\/ceip-joma\/wp-content\/uploads\/usu1530\/2021\/06\/descarga.jpg\" alt=\"\" width=\"306\" height=\"165\" srcset=\"https:\/\/agora.xtec.cat\/ceip-joma\/wp-content\/uploads\/usu1530\/2021\/06\/descarga.jpg 306w, https:\/\/agora.xtec.cat\/ceip-joma\/wp-content\/uploads\/usu1530\/2021\/06\/descarga-300x162.jpg 300w\" sizes=\"auto, (max-width: 306px) 100vw, 306px\" \/><\/a><\/p>\n<p>Aquest curs, per primera vegada, els alumnes de 5\u00e8 i 6\u00e8 han participat en les proves Cangur de matem\u00e0tiques.<\/p>\n<p>Us volem fer saber que tres dels nostres alumnes han quedat entre el 6% millors de tot Catalunya. \ud83d\udcaa\ud83d\udcaa\ud83d\udcaa<\/p>\n<p>Aquests alumnes s\u00f3n:<\/p>\n<p>Antonella Pedroni Tapia de 5\u00e8, posici\u00f3 544.<\/p>\n<p>Nil Troiti\u00f1o Sanahuja\u00a0 de 6\u00e8, posici\u00f3 77.<\/p>\n<p>Amalia Pe\u00f1afiel Reta de 6\u00e8, posici\u00f3 630.<\/p>\n<p>&nbsp;<\/p>\n<p>Si voleu consultar els resultats d&#8217;aquests i d&#8217;altres alumnes que han quedat entre el 6% millors de Catalunya, podeu consultar els seg\u00fcents enlla\u00e7os.<\/p>\n<p><a href=\"https:\/\/inscripcions.cangur.org\/cangur\/2021\/puntuacions\/cp\/5e\/\" target=\"_blank\" rel=\"noopener noreferrer\">RESULTATS 5\u00e8<\/a><\/p>\n<p><a href=\"https:\/\/inscripcions.cangur.org\/cangur\/2021\/puntuacions\/cp\/6e\" target=\"_blank\" rel=\"noopener noreferrer\">RESULTATS 6\u00e8<\/a><\/p>\n<p>Estem molt orgullosos de totes i tots per tal com ha anat aquest primer cop que l&#8217;escola participa en aquestes proves de l&#8217;\u00e0rea de matem\u00e0tiques.<\/p>\n<p>Us felicitem a tots i totes, especialment donem l&#8217;enhorabona als tres SUPERCRACKS!!!!\ud83d\udc4f\ud83d\udc4f\ud83d\udc4f<\/p>\n","protected":false},"excerpt":{"rendered":"<p>Aquest curs, per primera vegada, els alumnes de 5\u00e8 i 6\u00e8 han participat en les proves Cangur de matem\u00e0tiques. Us volem fer saber que tres dels nostres alumnes han quedat entre el 6% millors de tot Catalunya. \ud83d\udcaa\ud83d\udcaa\ud83d\udcaa Aquests alumnes s\u00f3n: Antonella Pedroni Tapia de 5\u00e8, posici\u00f3 544. Nil Troiti\u00f1o Sanahuja\u00a0 de 6\u00e8, posici\u00f3 77. [&hellip;]<\/p>\n","protected":false},"author":22,"featured_media":3290,"comment_status":"open","ping_status":"closed","sticky":false,"template":"","format":"standard","meta":{"_bbp_topic_count":0,"_bbp_reply_count":0,"_bbp_total_topic_count":0,"_bbp_total_reply_count":0,"_bbp_voice_count":0,"_bbp_anonymous_reply_count":0,"_bbp_topic_count_hidden":0,"_bbp_reply_count_hidden":0,"_bbp_forum_subforum_count":0,"site-sidebar-layout":"default","site-content-layout":"","ast-site-content-layout":"","site-content-style":"default","site-sidebar-style":"default","ast-global-header-display":"","ast-banner-title-visibility":"","ast-main-header-display":"","ast-hfb-above-header-display":"","ast-hfb-below-header-display":"","ast-hfb-mobile-header-display":"","site-post-title":"","ast-breadcrumbs-content":"","ast-featured-img":"","footer-sml-layout":"","theme-transparent-header-meta":"","adv-header-id-meta":"","stick-header-meta":"","header-above-stick-meta":"","header-main-stick-meta":"","header-below-stick-meta":"","astra-migrate-meta-layouts":"default","ast-page-background-enabled":"default","ast-page-background-meta":{"desktop":{"background-color":"var(--ast-global-color-4)","background-image":"","background-repeat":"repeat","background-position":"center center","background-size":"auto","background-attachment":"scroll","background-type":"","background-media":"","overlay-type":"","overlay-color":"","overlay-opacity":"","overlay-gradient":""},"tablet":{"background-color":"","background-image":"","background-repeat":"repeat","background-position":"center center","background-size":"auto","background-attachment":"scroll","background-type":"","background-media":"","overlay-type":"","overlay-color":"","overlay-opacity":"","overlay-gradient":""},"mobile":{"background-color":"","background-image":"","background-repeat":"repeat","background-position":"center center","background-size":"auto","background-attachment":"scroll","background-type":"","background-media":"","overlay-type":"","overlay-color":"","overlay-opacity":"","overlay-gradient":""}},"ast-content-background-meta":{"desktop":{"background-color":"var(--ast-global-color-5)","background-image":"","background-repeat":"repeat","background-position":"center center","background-size":"auto","background-attachment":"scroll","background-type":"","background-media":"","overlay-type":"","overlay-color":"","overlay-opacity":"","overlay-gradient":""},"tablet":{"background-color":"var(--ast-global-color-5)","background-image":"","background-repeat":"repeat","background-position":"center center","background-size":"auto","background-attachment":"scroll","background-type":"","background-media":"","overlay-type":"","overlay-color":"","overlay-opacity":"","overlay-gradient":""},"mobile":{"background-color":"var(--ast-global-color-5)","background-image":"","background-repeat":"repeat","background-position":"center center","background-size":"auto","background-attachment":"scroll","background-type":"","background-media":"","overlay-type":"","overlay-color":"","overlay-opacity":"","overlay-gradient":""}},"footnotes":""},"categories":[98,4],"tags":[117,101],"class_list":["post-3289","post","type-post","status-publish","format-standard","has-post-thumbnail","hentry","category-cg","category-portada","tag-cangur","tag-comunitat-de-grans"],"post_mailing_queue_ids":[],"_links":{"self":[{"href":"https:\/\/agora.xtec.cat\/ceip-joma\/wp-json\/wp\/v2\/posts\/3289","targetHints":{"allow":["GET"]}}],"collection":[{"href":"https:\/\/agora.xtec.cat\/ceip-joma\/wp-json\/wp\/v2\/posts"}],"about":[{"href":"https:\/\/agora.xtec.cat\/ceip-joma\/wp-json\/wp\/v2\/types\/post"}],"author":[{"embeddable":true,"href":"https:\/\/agora.xtec.cat\/ceip-joma\/wp-json\/wp\/v2\/users\/22"}],"replies":[{"embeddable":true,"href":"https:\/\/agora.xtec.cat\/ceip-joma\/wp-json\/wp\/v2\/comments?post=3289"}],"version-history":[{"count":2,"href":"https:\/\/agora.xtec.cat\/ceip-joma\/wp-json\/wp\/v2\/posts\/3289\/revisions"}],"predecessor-version":[{"id":3292,"href":"https:\/\/agora.xtec.cat\/ceip-joma\/wp-json\/wp\/v2\/posts\/3289\/revisions\/3292"}],"wp:featuredmedia":[{"embeddable":true,"href":"https:\/\/agora.xtec.cat\/ceip-joma\/wp-json\/wp\/v2\/media\/3290"}],"wp:attachment":[{"href":"https:\/\/agora.xtec.cat\/ceip-joma\/wp-json\/wp\/v2\/media?parent=3289"}],"wp:term":[{"taxonomy":"category","embeddable":true,"href":"https:\/\/agora.xtec.cat\/ceip-joma\/wp-json\/wp\/v2\/categories?post=3289"},{"taxonomy":"post_tag","embeddable":true,"href":"https:\/\/agora.xtec.cat\/ceip-joma\/wp-json\/wp\/v2\/tags?post=3289"}],"curies":[{"name":"wp","href":"https:\/\/api.w.org\/{rel}","templated":true}]}}