{"id":3267,"date":"2021-06-21T14:32:33","date_gmt":"2021-06-21T12:32:33","guid":{"rendered":"http:\/\/agora.xtec.cat\/ceip-joma\/?p=3267"},"modified":"2021-06-21T14:32:33","modified_gmt":"2021-06-21T12:32:33","slug":"loco-festival-acnur","status":"publish","type":"post","link":"https:\/\/agora.xtec.cat\/ceip-joma\/portada\/loco-festival-acnur\/","title":{"rendered":"LOCO FESTIVAL ACNUR"},"content":{"rendered":"<p style=\"text-align: center;\"><iframe loading=\"lazy\" src=\"\/\/www.youtube.com\/embed\/w6GygODUzaU\" width=\"560\" height=\"315\" frameborder=\"0\"><\/iframe><\/p>\n<p>S&#8217;acaba el curs, per\u00f2 abans de finalitzar aquest any tan estrany, els alumnes de la Comunitat de Grans hem participat en el projecte &#8220;Loco Festival&#8221; promogut per l&#8217;ONG ACNUR. \ud83d\ude03\ud83d\ude03\ud83d\ude03<\/p>\n<p>Durant tot el trimestre ens hem sensibilitzat sobre la problem\u00e0tica dels refugiats centrant-nos en les nenes i nens refugiats i la seva dificultat per accedir a l&#8217;educaci\u00f3. Hem reflexionat sobre que diferent \u00e9s la nostra vida respecte a la seva, i que poc sabem d&#8217;ells i elles i les seves mancances per poder viure amb dignitat.\ud83e\udd14<\/p>\n<p>Per aix\u00f2 hem muntat, el passat divendres 18 de juny, un mercat per aconseguir diners i poder, dintre de les nostres possibilitats ajudar-los a obtenir una educaci\u00f3 i un futur. \ud83d\ude09<\/p>\n<p>Hem de dir que el mercat ha anat for\u00e7a b\u00e9, i malgrat totes les limitacions degudes a la COVID, hem obtingut uns dinerets amb la venda d&#8217; ossets de llana, collarets, llibres de segona m\u00e0 i un FOTOCOOL. \ud83d\udcaa\ud83d\udcaa\ud83d\udcaa<\/p>\n<p>Estem satisfets de la feina feta. Els guanys obtinguts, els domarem a l&#8217;ONG i aix\u00ed farem la nostra petita col\u00b7laboraci\u00f3 en l&#8217;educaci\u00f3 de milers d&#8217;infants al m\u00f3n que per circumst\u00e0ncies diverses no poden accedir a l&#8217;educaci\u00f3 de forma continuada.<\/p>\n<p>Gr\u00e0cies a tots i totes per ajudar-nos a fer-ho possible! Sense la vostra cooperaci\u00f3 no hauria estat factible. \ud83d\udc4f\ud83d\udc4f\ud83d\udc4f<\/p>\n<p><a href=\"https:\/\/photos.app.goo.gl\/ZoZcseFKqragcsgv7\" target=\"_blank\" rel=\"noopener noreferrer\">AQU\u00cd <\/a>trobareu algunes imatges de l&#8217;activitat. Esperem que us agradin&#8230;<\/p>\n<p>&nbsp;<\/p>\n","protected":false},"excerpt":{"rendered":"<p>S&#8217;acaba el curs, per\u00f2 abans de finalitzar aquest any tan estrany, els alumnes de la Comunitat de Grans hem participat en el projecte &#8220;Loco Festival&#8221; promogut per l&#8217;ONG ACNUR. \ud83d\ude03\ud83d\ude03\ud83d\ude03 Durant tot el trimestre ens hem sensibilitzat sobre la problem\u00e0tica dels refugiats centrant-nos en les nenes i nens refugiats i la seva dificultat per accedir [&hellip;]<\/p>\n","protected":false},"author":22,"featured_media":3268,"comment_status":"open","ping_status":"closed","sticky":false,"template":"","format":"standard","meta":{"_bbp_topic_count":0,"_bbp_reply_count":0,"_bbp_total_topic_count":0,"_bbp_total_reply_count":0,"_bbp_voice_count":0,"_bbp_anonymous_reply_count":0,"_bbp_topic_count_hidden":0,"_bbp_reply_count_hidden":0,"_bbp_forum_subforum_count":0,"site-sidebar-layout":"default","site-content-layout":"","ast-site-content-layout":"","site-content-style":"default","site-sidebar-style":"default","ast-global-header-display":"","ast-banner-title-visibility":"","ast-main-header-display":"","ast-hfb-above-header-display":"","ast-hfb-below-header-display":"","ast-hfb-mobile-header-display":"","site-post-title":"","ast-breadcrumbs-content":"","ast-featured-img":"","footer-sml-layout":"","theme-transparent-header-meta":"","adv-header-id-meta":"","stick-header-meta":"","header-above-stick-meta":"","header-main-stick-meta":"","header-below-stick-meta":"","astra-migrate-meta-layouts":"default","ast-page-background-enabled":"default","ast-page-background-meta":{"desktop":{"background-color":"var(--ast-global-color-4)","background-image":"","background-repeat":"repeat","background-position":"center center","background-size":"auto","background-attachment":"scroll","background-type":"","background-media":"","overlay-type":"","overlay-color":"","overlay-opacity":"","overlay-gradient":""},"tablet":{"background-color":"","background-image":"","background-repeat":"repeat","background-position":"center center","background-size":"auto","background-attachment":"scroll","background-type":"","background-media":"","overlay-type":"","overlay-color":"","overlay-opacity":"","overlay-gradient":""},"mobile":{"background-color":"","background-image":"","background-repeat":"repeat","background-position":"center center","background-size":"auto","background-attachment":"scroll","background-type":"","background-media":"","overlay-type":"","overlay-color":"","overlay-opacity":"","overlay-gradient":""}},"ast-content-background-meta":{"desktop":{"background-color":"var(--ast-global-color-5)","background-image":"","background-repeat":"repeat","background-position":"center center","background-size":"auto","background-attachment":"scroll","background-type":"","background-media":"","overlay-type":"","overlay-color":"","overlay-opacity":"","overlay-gradient":""},"tablet":{"background-color":"var(--ast-global-color-5)","background-image":"","background-repeat":"repeat","background-position":"center center","background-size":"auto","background-attachment":"scroll","background-type":"","background-media":"","overlay-type":"","overlay-color":"","overlay-opacity":"","overlay-gradient":""},"mobile":{"background-color":"var(--ast-global-color-5)","background-image":"","background-repeat":"repeat","background-position":"center center","background-size":"auto","background-attachment":"scroll","background-type":"","background-media":"","overlay-type":"","overlay-color":"","overlay-opacity":"","overlay-gradient":""}},"footnotes":""},"categories":[98,4],"tags":[101,69],"class_list":["post-3267","post","type-post","status-publish","format-standard","has-post-thumbnail","hentry","category-cg","category-portada","tag-comunitat-de-grans","tag-projecte"],"post_mailing_queue_ids":[],"_links":{"self":[{"href":"https:\/\/agora.xtec.cat\/ceip-joma\/wp-json\/wp\/v2\/posts\/3267","targetHints":{"allow":["GET"]}}],"collection":[{"href":"https:\/\/agora.xtec.cat\/ceip-joma\/wp-json\/wp\/v2\/posts"}],"about":[{"href":"https:\/\/agora.xtec.cat\/ceip-joma\/wp-json\/wp\/v2\/types\/post"}],"author":[{"embeddable":true,"href":"https:\/\/agora.xtec.cat\/ceip-joma\/wp-json\/wp\/v2\/users\/22"}],"replies":[{"embeddable":true,"href":"https:\/\/agora.xtec.cat\/ceip-joma\/wp-json\/wp\/v2\/comments?post=3267"}],"version-history":[{"count":1,"href":"https:\/\/agora.xtec.cat\/ceip-joma\/wp-json\/wp\/v2\/posts\/3267\/revisions"}],"predecessor-version":[{"id":3269,"href":"https:\/\/agora.xtec.cat\/ceip-joma\/wp-json\/wp\/v2\/posts\/3267\/revisions\/3269"}],"wp:featuredmedia":[{"embeddable":true,"href":"https:\/\/agora.xtec.cat\/ceip-joma\/wp-json\/wp\/v2\/media\/3268"}],"wp:attachment":[{"href":"https:\/\/agora.xtec.cat\/ceip-joma\/wp-json\/wp\/v2\/media?parent=3267"}],"wp:term":[{"taxonomy":"category","embeddable":true,"href":"https:\/\/agora.xtec.cat\/ceip-joma\/wp-json\/wp\/v2\/categories?post=3267"},{"taxonomy":"post_tag","embeddable":true,"href":"https:\/\/agora.xtec.cat\/ceip-joma\/wp-json\/wp\/v2\/tags?post=3267"}],"curies":[{"name":"wp","href":"https:\/\/api.w.org\/{rel}","templated":true}]}}