{"id":3242,"date":"2021-06-04T10:24:09","date_gmt":"2021-06-04T08:24:09","guid":{"rendered":"http:\/\/agora.xtec.cat\/ceip-joma\/?p=3242"},"modified":"2021-06-04T10:24:09","modified_gmt":"2021-06-04T08:24:09","slug":"xerrada-sobre-internet-segura","status":"publish","type":"post","link":"https:\/\/agora.xtec.cat\/ceip-joma\/antiga-general\/xerrada-sobre-internet-segura\/","title":{"rendered":"XERRADA SOBRE INTERNET SEGURA"},"content":{"rendered":"<p><a href=\"https:\/\/agora.xtec.cat\/ceip-joma\/wp-content\/uploads\/usu1530\/2021\/06\/20210603_105645.jpg\"><img loading=\"lazy\" decoding=\"async\" class=\"size-large wp-image-3245 aligncenter\" src=\"https:\/\/agora.xtec.cat\/ceip-joma\/wp-content\/uploads\/usu1530\/2021\/06\/20210603_105645-1024x486.jpg\" alt=\"\" width=\"1024\" height=\"486\" srcset=\"https:\/\/agora.xtec.cat\/ceip-joma\/wp-content\/uploads\/usu1530\/2021\/06\/20210603_105645-1024x486.jpg 1024w, https:\/\/agora.xtec.cat\/ceip-joma\/wp-content\/uploads\/usu1530\/2021\/06\/20210603_105645-300x142.jpg 300w, https:\/\/agora.xtec.cat\/ceip-joma\/wp-content\/uploads\/usu1530\/2021\/06\/20210603_105645-768x364.jpg 768w, https:\/\/agora.xtec.cat\/ceip-joma\/wp-content\/uploads\/usu1530\/2021\/06\/20210603_105645.jpg 1843w\" sizes=\"auto, (max-width: 1024px) 100vw, 1024px\" \/><\/a><\/p>\n<p>Hola de nou,<\/p>\n<p>estem acabant el curs i aquests dies els i les alumnes de la Comunitat de Grans tenim programades un munt d&#8217;activitats per acabar el curs.\ud83d\ude09\ud83d\udcaa\ud83d\udcaa\ud83d\udcaa<\/p>\n<p>Una d&#8217;aquestes ha estat la visita de Rub\u00e9n, un mosso d&#8217;esquadra, que ens ha fet una xerrada sobre els problemes que ens podem trobar quan fem servir les xarxes socials com el ciberassetjament, la suplantaci\u00f3 d&#8217;identitat o fins i tot, la pornografia infantil.<\/p>\n<p>Ha estat molt interessant i ens ha fet repensar si l&#8217;\u00fas que fem d&#8217;elles \u00e9s el correcte. Est\u00e0 clar, que tothom pot ser v\u00edctima encara que pensi que ho est\u00e0 fent correctament. TOTA UNA REFLEXI\u00d3!!!\ud83e\udd14\ud83e\udd14\ud83e\udd14<\/p>\n<p>En aquest enlla\u00e7 trobareu les<span style=\"text-decoration: underline;\"> <a href=\"https:\/\/photos.app.goo.gl\/eFcWTEx5DsNppBnj8\" target=\"_blank\" rel=\"noopener noreferrer\">FOTOGRAFIES<\/a><\/span>.<\/p>\n<p>Fins aviat!!!\ud83d\udc4b\ud83d\udc4b\ud83d\udc4b<\/p>\n<p>&nbsp;<\/p>\n","protected":false},"excerpt":{"rendered":"<p>Hola de nou, estem acabant el curs i aquests dies els i les alumnes de la Comunitat de Grans tenim programades un munt d&#8217;activitats per acabar el curs.\ud83d\ude09\ud83d\udcaa\ud83d\udcaa\ud83d\udcaa Una d&#8217;aquestes ha estat la visita de Rub\u00e9n, un mosso d&#8217;esquadra, que ens ha fet una xerrada sobre els problemes que ens podem trobar quan fem servir [&hellip;]<\/p>\n","protected":false},"author":22,"featured_media":3243,"comment_status":"open","ping_status":"closed","sticky":false,"template":"","format":"standard","meta":{"_bbp_topic_count":0,"_bbp_reply_count":0,"_bbp_total_topic_count":0,"_bbp_total_reply_count":0,"_bbp_voice_count":0,"_bbp_anonymous_reply_count":0,"_bbp_topic_count_hidden":0,"_bbp_reply_count_hidden":0,"_bbp_forum_subforum_count":0,"site-sidebar-layout":"default","site-content-layout":"","ast-site-content-layout":"","site-content-style":"default","site-sidebar-style":"default","ast-global-header-display":"","ast-banner-title-visibility":"","ast-main-header-display":"","ast-hfb-above-header-display":"","ast-hfb-below-header-display":"","ast-hfb-mobile-header-display":"","site-post-title":"","ast-breadcrumbs-content":"","ast-featured-img":"","footer-sml-layout":"","theme-transparent-header-meta":"","adv-header-id-meta":"","stick-header-meta":"","header-above-stick-meta":"","header-main-stick-meta":"","header-below-stick-meta":"","astra-migrate-meta-layouts":"default","ast-page-background-enabled":"default","ast-page-background-meta":{"desktop":{"background-color":"var(--ast-global-color-4)","background-image":"","background-repeat":"repeat","background-position":"center center","background-size":"auto","background-attachment":"scroll","background-type":"","background-media":"","overlay-type":"","overlay-color":"","overlay-opacity":"","overlay-gradient":""},"tablet":{"background-color":"","background-image":"","background-repeat":"repeat","background-position":"center center","background-size":"auto","background-attachment":"scroll","background-type":"","background-media":"","overlay-type":"","overlay-color":"","overlay-opacity":"","overlay-gradient":""},"mobile":{"background-color":"","background-image":"","background-repeat":"repeat","background-position":"center center","background-size":"auto","background-attachment":"scroll","background-type":"","background-media":"","overlay-type":"","overlay-color":"","overlay-opacity":"","overlay-gradient":""}},"ast-content-background-meta":{"desktop":{"background-color":"var(--ast-global-color-5)","background-image":"","background-repeat":"repeat","background-position":"center center","background-size":"auto","background-attachment":"scroll","background-type":"","background-media":"","overlay-type":"","overlay-color":"","overlay-opacity":"","overlay-gradient":""},"tablet":{"background-color":"var(--ast-global-color-5)","background-image":"","background-repeat":"repeat","background-position":"center center","background-size":"auto","background-attachment":"scroll","background-type":"","background-media":"","overlay-type":"","overlay-color":"","overlay-opacity":"","overlay-gradient":""},"mobile":{"background-color":"var(--ast-global-color-5)","background-image":"","background-repeat":"repeat","background-position":"center center","background-size":"auto","background-attachment":"scroll","background-type":"","background-media":"","overlay-type":"","overlay-color":"","overlay-opacity":"","overlay-gradient":""}},"footnotes":""},"categories":[1,98,4],"tags":[101,116],"class_list":["post-3242","post","type-post","status-publish","format-standard","has-post-thumbnail","hentry","category-antiga-general","category-cg","category-portada","tag-comunitat-de-grans","tag-xerrades"],"post_mailing_queue_ids":[],"_links":{"self":[{"href":"https:\/\/agora.xtec.cat\/ceip-joma\/wp-json\/wp\/v2\/posts\/3242","targetHints":{"allow":["GET"]}}],"collection":[{"href":"https:\/\/agora.xtec.cat\/ceip-joma\/wp-json\/wp\/v2\/posts"}],"about":[{"href":"https:\/\/agora.xtec.cat\/ceip-joma\/wp-json\/wp\/v2\/types\/post"}],"author":[{"embeddable":true,"href":"https:\/\/agora.xtec.cat\/ceip-joma\/wp-json\/wp\/v2\/users\/22"}],"replies":[{"embeddable":true,"href":"https:\/\/agora.xtec.cat\/ceip-joma\/wp-json\/wp\/v2\/comments?post=3242"}],"version-history":[{"count":3,"href":"https:\/\/agora.xtec.cat\/ceip-joma\/wp-json\/wp\/v2\/posts\/3242\/revisions"}],"predecessor-version":[{"id":3247,"href":"https:\/\/agora.xtec.cat\/ceip-joma\/wp-json\/wp\/v2\/posts\/3242\/revisions\/3247"}],"wp:featuredmedia":[{"embeddable":true,"href":"https:\/\/agora.xtec.cat\/ceip-joma\/wp-json\/wp\/v2\/media\/3243"}],"wp:attachment":[{"href":"https:\/\/agora.xtec.cat\/ceip-joma\/wp-json\/wp\/v2\/media?parent=3242"}],"wp:term":[{"taxonomy":"category","embeddable":true,"href":"https:\/\/agora.xtec.cat\/ceip-joma\/wp-json\/wp\/v2\/categories?post=3242"},{"taxonomy":"post_tag","embeddable":true,"href":"https:\/\/agora.xtec.cat\/ceip-joma\/wp-json\/wp\/v2\/tags?post=3242"}],"curies":[{"name":"wp","href":"https:\/\/api.w.org\/{rel}","templated":true}]}}