{"id":3166,"date":"2021-04-29T15:19:57","date_gmt":"2021-04-29T13:19:57","guid":{"rendered":"http:\/\/agora.xtec.cat\/ceip-joma\/?p=3166"},"modified":"2021-04-29T15:45:52","modified_gmt":"2021-04-29T13:45:52","slug":"diada-de-sant-jordi-2021","status":"publish","type":"post","link":"https:\/\/agora.xtec.cat\/ceip-joma\/portada\/diada-de-sant-jordi-2021\/","title":{"rendered":"DIADA DE SANT JORDI 2021"},"content":{"rendered":"<p><a href=\"https:\/\/agora.xtec.cat\/ceip-joma\/wp-content\/uploads\/usu1530\/2021\/04\/Sant-Jordi.jpg\"><img loading=\"lazy\" decoding=\"async\" class=\"size-full wp-image-3167 aligncenter\" src=\"https:\/\/agora.xtec.cat\/ceip-joma\/wp-content\/uploads\/usu1530\/2021\/04\/Sant-Jordi.jpg\" alt=\"\" width=\"800\" height=\"566\" srcset=\"https:\/\/agora.xtec.cat\/ceip-joma\/wp-content\/uploads\/usu1530\/2021\/04\/Sant-Jordi.jpg 800w, https:\/\/agora.xtec.cat\/ceip-joma\/wp-content\/uploads\/usu1530\/2021\/04\/Sant-Jordi-300x212.jpg 300w, https:\/\/agora.xtec.cat\/ceip-joma\/wp-content\/uploads\/usu1530\/2021\/04\/Sant-Jordi-768x543.jpg 768w\" sizes=\"auto, (max-width: 800px) 100vw, 800px\" \/><\/a><\/p>\n<p>El passat divendres 23 d&#8217;abril, vam celebrar la Diada de Sant Jordi a l&#8217;escola. \ud83c\udf39\ud83d\udcd6\ud83d\udc32<\/p>\n<p>Els m\u00e9s grans (nens i nenes de cinqu\u00e8 i sis\u00e8) van muntar una paradeta de llibres i roses a la pla\u00e7a.<\/p>\n<p>Durant el mat\u00ed la resta de grups vam poder anar a veure l&#8217;ambient i comprar alguns llibres i roses, com \u00e9s tradici\u00f3.<\/p>\n<p>Tamb\u00e9 vam aprofitar aquest dia especial per realitzar diferents tallers de llibres, roses i dracs. Ens van quedar unes creacions xul\u00edssimes.<\/p>\n<p>Vam gaudir molt d&#8217;aquest dia! \ud83d\ude0a\ud83d\ude0a\ud83d\ude0a<\/p>\n<p><a href=\"https:\/\/photos.app.goo.gl\/oHtH1LoYyF3G1E8D8\" target=\"_blank\" rel=\"noopener noreferrer\">Aqu\u00ed<\/a> us deixem un recull de fotos de les diferents activitats realitzades a l&#8217;escola durant la Diada.<\/p>\n<p>&nbsp;<\/p>\n","protected":false},"excerpt":{"rendered":"<p>El passat divendres 23 d&#8217;abril, vam celebrar la Diada de Sant Jordi a l&#8217;escola. \ud83c\udf39\ud83d\udcd6\ud83d\udc32 Els m\u00e9s grans (nens i nenes de cinqu\u00e8 i sis\u00e8) van muntar una paradeta de llibres i roses a la pla\u00e7a. Durant el mat\u00ed la resta de grups vam poder anar a veure l&#8217;ambient i comprar alguns llibres i roses, [&hellip;]<\/p>\n","protected":false},"author":23,"featured_media":3167,"comment_status":"open","ping_status":"closed","sticky":false,"template":"","format":"standard","meta":{"_bbp_topic_count":0,"_bbp_reply_count":0,"_bbp_total_topic_count":0,"_bbp_total_reply_count":0,"_bbp_voice_count":0,"_bbp_anonymous_reply_count":0,"_bbp_topic_count_hidden":0,"_bbp_reply_count_hidden":0,"_bbp_forum_subforum_count":0,"site-sidebar-layout":"default","site-content-layout":"","ast-site-content-layout":"","site-content-style":"default","site-sidebar-style":"default","ast-global-header-display":"","ast-banner-title-visibility":"","ast-main-header-display":"","ast-hfb-above-header-display":"","ast-hfb-below-header-display":"","ast-hfb-mobile-header-display":"","site-post-title":"","ast-breadcrumbs-content":"","ast-featured-img":"","footer-sml-layout":"","theme-transparent-header-meta":"","adv-header-id-meta":"","stick-header-meta":"","header-above-stick-meta":"","header-main-stick-meta":"","header-below-stick-meta":"","astra-migrate-meta-layouts":"default","ast-page-background-enabled":"default","ast-page-background-meta":{"desktop":{"background-color":"var(--ast-global-color-4)","background-image":"","background-repeat":"repeat","background-position":"center center","background-size":"auto","background-attachment":"scroll","background-type":"","background-media":"","overlay-type":"","overlay-color":"","overlay-opacity":"","overlay-gradient":""},"tablet":{"background-color":"","background-image":"","background-repeat":"repeat","background-position":"center center","background-size":"auto","background-attachment":"scroll","background-type":"","background-media":"","overlay-type":"","overlay-color":"","overlay-opacity":"","overlay-gradient":""},"mobile":{"background-color":"","background-image":"","background-repeat":"repeat","background-position":"center center","background-size":"auto","background-attachment":"scroll","background-type":"","background-media":"","overlay-type":"","overlay-color":"","overlay-opacity":"","overlay-gradient":""}},"ast-content-background-meta":{"desktop":{"background-color":"var(--ast-global-color-5)","background-image":"","background-repeat":"repeat","background-position":"center center","background-size":"auto","background-attachment":"scroll","background-type":"","background-media":"","overlay-type":"","overlay-color":"","overlay-opacity":"","overlay-gradient":""},"tablet":{"background-color":"var(--ast-global-color-5)","background-image":"","background-repeat":"repeat","background-position":"center center","background-size":"auto","background-attachment":"scroll","background-type":"","background-media":"","overlay-type":"","overlay-color":"","overlay-opacity":"","overlay-gradient":""},"mobile":{"background-color":"var(--ast-global-color-5)","background-image":"","background-repeat":"repeat","background-position":"center center","background-size":"auto","background-attachment":"scroll","background-type":"","background-media":"","overlay-type":"","overlay-color":"","overlay-opacity":"","overlay-gradient":""}},"footnotes":""},"categories":[98,97,4],"tags":[115],"class_list":["post-3166","post","type-post","status-publish","format-standard","has-post-thumbnail","hentry","category-cg","category-cm-portada","category-portada","tag-sant-jordi"],"post_mailing_queue_ids":[],"_links":{"self":[{"href":"https:\/\/agora.xtec.cat\/ceip-joma\/wp-json\/wp\/v2\/posts\/3166","targetHints":{"allow":["GET"]}}],"collection":[{"href":"https:\/\/agora.xtec.cat\/ceip-joma\/wp-json\/wp\/v2\/posts"}],"about":[{"href":"https:\/\/agora.xtec.cat\/ceip-joma\/wp-json\/wp\/v2\/types\/post"}],"author":[{"embeddable":true,"href":"https:\/\/agora.xtec.cat\/ceip-joma\/wp-json\/wp\/v2\/users\/23"}],"replies":[{"embeddable":true,"href":"https:\/\/agora.xtec.cat\/ceip-joma\/wp-json\/wp\/v2\/comments?post=3166"}],"version-history":[{"count":3,"href":"https:\/\/agora.xtec.cat\/ceip-joma\/wp-json\/wp\/v2\/posts\/3166\/revisions"}],"predecessor-version":[{"id":3180,"href":"https:\/\/agora.xtec.cat\/ceip-joma\/wp-json\/wp\/v2\/posts\/3166\/revisions\/3180"}],"wp:featuredmedia":[{"embeddable":true,"href":"https:\/\/agora.xtec.cat\/ceip-joma\/wp-json\/wp\/v2\/media\/3167"}],"wp:attachment":[{"href":"https:\/\/agora.xtec.cat\/ceip-joma\/wp-json\/wp\/v2\/media?parent=3166"}],"wp:term":[{"taxonomy":"category","embeddable":true,"href":"https:\/\/agora.xtec.cat\/ceip-joma\/wp-json\/wp\/v2\/categories?post=3166"},{"taxonomy":"post_tag","embeddable":true,"href":"https:\/\/agora.xtec.cat\/ceip-joma\/wp-json\/wp\/v2\/tags?post=3166"}],"curies":[{"name":"wp","href":"https:\/\/api.w.org\/{rel}","templated":true}]}}