{"id":3163,"date":"2021-04-23T16:16:41","date_gmt":"2021-04-23T14:16:41","guid":{"rendered":"http:\/\/agora.xtec.cat\/ceip-joma\/?p=3163"},"modified":"2021-04-23T16:16:41","modified_gmt":"2021-04-23T14:16:41","slug":"la-comunitat-de-grans-exposem-les-nostres-maquetes","status":"publish","type":"post","link":"https:\/\/agora.xtec.cat\/ceip-joma\/portada\/la-comunitat-de-grans-exposem-les-nostres-maquetes\/","title":{"rendered":"LA COMUNITAT DE GRANS EXPOSEM LES NOSTRES MAQUETES"},"content":{"rendered":"<p>Hola de nou!<\/p>\n<p>Durant aquests dies, les i els alumnes dels grups B, C i D de la Comunitat de Grans, estem immersos en el projecte LES ENERGIES.\u00a0 \u26a1\ud83c\udf2a\ud83d\udd25\ud83d\udca7\ud83c\udf1e<\/p>\n<p>Una de les activitats que hem fet \u00e9s la creaci\u00f3 d&#8217;una maqueta d&#8217;un circuit el\u00e8ctric. Cada alumne\/a ha elaborat la seva pr\u00f2pia maqueta on la imaginaci\u00f3 a l&#8217;hora de crear-les ha estat immensa.\u00a0 La veritat \u00e9s que hi ha hagut molta varietat. Com ens han quedat &#8220;SUPERXULES&#8221; vam decidir fer una exposici\u00f3 al pati per tal que totes les classes de l&#8217;escola poguessin veure-les i nosaltres explica&#8217;ls-hi com les havien fet i com funcionaven.<\/p>\n<p>El temps ens ha aguantat prou b\u00e9 i tota l&#8217;escola ha pogut veure les nostres creacions. Ens ho hem passat &#8220;GENIAL&#8221; ensenyant-les.<\/p>\n<p>Us deixem l&#8217;enlla\u00e7 amb les fotografies de les maquetes i de l&#8217;exposici\u00f3 per tal que tamb\u00e9 des de casa les pugueu veure i gaudir-les. \ud83d\ude00\ud83d\ude01\ud83d\ude09<\/p>\n<p>&nbsp;<\/p>\n<p style=\"text-align: center;\"><a style=\"font-family: inherit; font-size: 1em; text-align: center;\" href=\"https:\/\/photos.app.goo.gl\/VVYy7QK2c9RFjTb89\" target=\"_blank\" rel=\"noopener noreferrer\">EXPOSICI\u00d3 MAQUETES\u00a0<\/a><\/p>\n<p>&nbsp;<\/p>\n<p>&nbsp;<\/p>\n","protected":false},"excerpt":{"rendered":"<p>Hola de nou! Durant aquests dies, les i els alumnes dels grups B, C i D de la Comunitat de Grans, estem immersos en el projecte LES ENERGIES.\u00a0 \u26a1\ud83c\udf2a\ud83d\udd25\ud83d\udca7\ud83c\udf1e Una de les activitats que hem fet \u00e9s la creaci\u00f3 d&#8217;una maqueta d&#8217;un circuit el\u00e8ctric. Cada alumne\/a ha elaborat la seva pr\u00f2pia maqueta on la imaginaci\u00f3 [&hellip;]<\/p>\n","protected":false},"author":22,"featured_media":3164,"comment_status":"open","ping_status":"closed","sticky":false,"template":"","format":"standard","meta":{"_bbp_topic_count":0,"_bbp_reply_count":0,"_bbp_total_topic_count":0,"_bbp_total_reply_count":0,"_bbp_voice_count":0,"_bbp_anonymous_reply_count":0,"_bbp_topic_count_hidden":0,"_bbp_reply_count_hidden":0,"_bbp_forum_subforum_count":0,"site-sidebar-layout":"default","site-content-layout":"","ast-site-content-layout":"","site-content-style":"default","site-sidebar-style":"default","ast-global-header-display":"","ast-banner-title-visibility":"","ast-main-header-display":"","ast-hfb-above-header-display":"","ast-hfb-below-header-display":"","ast-hfb-mobile-header-display":"","site-post-title":"","ast-breadcrumbs-content":"","ast-featured-img":"","footer-sml-layout":"","theme-transparent-header-meta":"","adv-header-id-meta":"","stick-header-meta":"","header-above-stick-meta":"","header-main-stick-meta":"","header-below-stick-meta":"","astra-migrate-meta-layouts":"default","ast-page-background-enabled":"default","ast-page-background-meta":{"desktop":{"background-color":"var(--ast-global-color-4)","background-image":"","background-repeat":"repeat","background-position":"center center","background-size":"auto","background-attachment":"scroll","background-type":"","background-media":"","overlay-type":"","overlay-color":"","overlay-opacity":"","overlay-gradient":""},"tablet":{"background-color":"","background-image":"","background-repeat":"repeat","background-position":"center center","background-size":"auto","background-attachment":"scroll","background-type":"","background-media":"","overlay-type":"","overlay-color":"","overlay-opacity":"","overlay-gradient":""},"mobile":{"background-color":"","background-image":"","background-repeat":"repeat","background-position":"center center","background-size":"auto","background-attachment":"scroll","background-type":"","background-media":"","overlay-type":"","overlay-color":"","overlay-opacity":"","overlay-gradient":""}},"ast-content-background-meta":{"desktop":{"background-color":"var(--ast-global-color-5)","background-image":"","background-repeat":"repeat","background-position":"center center","background-size":"auto","background-attachment":"scroll","background-type":"","background-media":"","overlay-type":"","overlay-color":"","overlay-opacity":"","overlay-gradient":""},"tablet":{"background-color":"var(--ast-global-color-5)","background-image":"","background-repeat":"repeat","background-position":"center center","background-size":"auto","background-attachment":"scroll","background-type":"","background-media":"","overlay-type":"","overlay-color":"","overlay-opacity":"","overlay-gradient":""},"mobile":{"background-color":"var(--ast-global-color-5)","background-image":"","background-repeat":"repeat","background-position":"center center","background-size":"auto","background-attachment":"scroll","background-type":"","background-media":"","overlay-type":"","overlay-color":"","overlay-opacity":"","overlay-gradient":""}},"footnotes":""},"categories":[98,4],"tags":[101,114,105],"class_list":["post-3163","post","type-post","status-publish","format-standard","has-post-thumbnail","hentry","category-cg","category-portada","tag-comunitat-de-grans","tag-exposicio","tag-medi"],"post_mailing_queue_ids":[],"_links":{"self":[{"href":"https:\/\/agora.xtec.cat\/ceip-joma\/wp-json\/wp\/v2\/posts\/3163","targetHints":{"allow":["GET"]}}],"collection":[{"href":"https:\/\/agora.xtec.cat\/ceip-joma\/wp-json\/wp\/v2\/posts"}],"about":[{"href":"https:\/\/agora.xtec.cat\/ceip-joma\/wp-json\/wp\/v2\/types\/post"}],"author":[{"embeddable":true,"href":"https:\/\/agora.xtec.cat\/ceip-joma\/wp-json\/wp\/v2\/users\/22"}],"replies":[{"embeddable":true,"href":"https:\/\/agora.xtec.cat\/ceip-joma\/wp-json\/wp\/v2\/comments?post=3163"}],"version-history":[{"count":1,"href":"https:\/\/agora.xtec.cat\/ceip-joma\/wp-json\/wp\/v2\/posts\/3163\/revisions"}],"predecessor-version":[{"id":3165,"href":"https:\/\/agora.xtec.cat\/ceip-joma\/wp-json\/wp\/v2\/posts\/3163\/revisions\/3165"}],"wp:featuredmedia":[{"embeddable":true,"href":"https:\/\/agora.xtec.cat\/ceip-joma\/wp-json\/wp\/v2\/media\/3164"}],"wp:attachment":[{"href":"https:\/\/agora.xtec.cat\/ceip-joma\/wp-json\/wp\/v2\/media?parent=3163"}],"wp:term":[{"taxonomy":"category","embeddable":true,"href":"https:\/\/agora.xtec.cat\/ceip-joma\/wp-json\/wp\/v2\/categories?post=3163"},{"taxonomy":"post_tag","embeddable":true,"href":"https:\/\/agora.xtec.cat\/ceip-joma\/wp-json\/wp\/v2\/tags?post=3163"}],"curies":[{"name":"wp","href":"https:\/\/api.w.org\/{rel}","templated":true}]}}