{"id":3124,"date":"2021-03-15T12:49:22","date_gmt":"2021-03-15T11:49:22","guid":{"rendered":"http:\/\/agora.xtec.cat\/ceip-joma\/?p=3124"},"modified":"2021-03-15T12:49:22","modified_gmt":"2021-03-15T11:49:22","slug":"dia-de-la-dona-a-la-comunitat-de-mitjanes-i-mitjans","status":"publish","type":"post","link":"https:\/\/agora.xtec.cat\/ceip-joma\/portada\/dia-de-la-dona-a-la-comunitat-de-mitjanes-i-mitjans\/","title":{"rendered":"DIA DE LA DONA A LA COMUNITAT DE MITJANES I MITJANS"},"content":{"rendered":"<p>El dia<strong><span style=\"color: #800080\"> 8 de mar\u00e7 va ser el dia de la dona<\/span><\/strong> i vam dedicar la setmana a realitzar activitats relacionades amb aquesta tem\u00e0tica. Vam llegir un conte entre tots i totes on vam poder observar i debatre el tema de la bretxa salarial.<\/p>\n<p>Tamb\u00e9 vam veure un INFOK, dedicat a aquest dia on vam veure que encara queda cam\u00ed per arribar a la igualtat en esports, oficis, professions,&#8230;<\/p>\n<p>Tot aix\u00f2 ens va inspirar a fer dibuixos de dones fent feines o professions en les que encara s\u00f3n minorit\u00e0ries.<\/p>\n<p>A m\u00e9s vam acompanyar les entrades i sortides a l&#8217;escola amb aquesta <a href=\"https:\/\/youtu.be\/GCct0sJVIkI\"><strong><span style=\"color: #800080\">can\u00e7\u00f3<\/span><\/strong><\/a>.<\/p>\n<p>Us deixem unes <a href=\"https:\/\/photos.app.goo.gl\/WLeUyiN7CPiJuh3S6\">fotos<\/a>.<\/p>\n<p style=\"text-align: center\"><a href=\"https:\/\/agora.xtec.cat\/ceip-joma\/wp-content\/uploads\/usu1530\/2021\/03\/DIBUIXOS-4.jpg\"><img loading=\"lazy\" decoding=\"async\" class=\"alignnone size-full wp-image-3125\" src=\"https:\/\/agora.xtec.cat\/ceip-joma\/wp-content\/uploads\/usu1530\/2021\/03\/DIBUIXOS-4.jpg\" alt=\"\" width=\"480\" height=\"640\" srcset=\"https:\/\/agora.xtec.cat\/ceip-joma\/wp-content\/uploads\/usu1530\/2021\/03\/DIBUIXOS-4.jpg 480w, https:\/\/agora.xtec.cat\/ceip-joma\/wp-content\/uploads\/usu1530\/2021\/03\/DIBUIXOS-4-225x300.jpg 225w\" sizes=\"auto, (max-width: 480px) 100vw, 480px\" \/><\/a><\/p>\n","protected":false},"excerpt":{"rendered":"<p>El dia 8 de mar\u00e7 va ser el dia de la dona i vam dedicar la setmana a realitzar activitats relacionades amb aquesta tem\u00e0tica. Vam llegir un conte entre tots i totes on vam poder observar i debatre el tema de la bretxa salarial. Tamb\u00e9 vam veure un INFOK, dedicat a aquest dia on vam [&hellip;]<\/p>\n","protected":false},"author":23,"featured_media":3126,"comment_status":"open","ping_status":"closed","sticky":false,"template":"","format":"standard","meta":{"_bbp_topic_count":0,"_bbp_reply_count":0,"_bbp_total_topic_count":0,"_bbp_total_reply_count":0,"_bbp_voice_count":0,"_bbp_anonymous_reply_count":0,"_bbp_topic_count_hidden":0,"_bbp_reply_count_hidden":0,"_bbp_forum_subforum_count":0,"site-sidebar-layout":"default","site-content-layout":"","ast-site-content-layout":"","site-content-style":"default","site-sidebar-style":"default","ast-global-header-display":"","ast-banner-title-visibility":"","ast-main-header-display":"","ast-hfb-above-header-display":"","ast-hfb-below-header-display":"","ast-hfb-mobile-header-display":"","site-post-title":"","ast-breadcrumbs-content":"","ast-featured-img":"","footer-sml-layout":"","theme-transparent-header-meta":"","adv-header-id-meta":"","stick-header-meta":"","header-above-stick-meta":"","header-main-stick-meta":"","header-below-stick-meta":"","astra-migrate-meta-layouts":"default","ast-page-background-enabled":"default","ast-page-background-meta":{"desktop":{"background-color":"var(--ast-global-color-4)","background-image":"","background-repeat":"repeat","background-position":"center center","background-size":"auto","background-attachment":"scroll","background-type":"","background-media":"","overlay-type":"","overlay-color":"","overlay-opacity":"","overlay-gradient":""},"tablet":{"background-color":"","background-image":"","background-repeat":"repeat","background-position":"center center","background-size":"auto","background-attachment":"scroll","background-type":"","background-media":"","overlay-type":"","overlay-color":"","overlay-opacity":"","overlay-gradient":""},"mobile":{"background-color":"","background-image":"","background-repeat":"repeat","background-position":"center center","background-size":"auto","background-attachment":"scroll","background-type":"","background-media":"","overlay-type":"","overlay-color":"","overlay-opacity":"","overlay-gradient":""}},"ast-content-background-meta":{"desktop":{"background-color":"var(--ast-global-color-5)","background-image":"","background-repeat":"repeat","background-position":"center center","background-size":"auto","background-attachment":"scroll","background-type":"","background-media":"","overlay-type":"","overlay-color":"","overlay-opacity":"","overlay-gradient":""},"tablet":{"background-color":"var(--ast-global-color-5)","background-image":"","background-repeat":"repeat","background-position":"center center","background-size":"auto","background-attachment":"scroll","background-type":"","background-media":"","overlay-type":"","overlay-color":"","overlay-opacity":"","overlay-gradient":""},"mobile":{"background-color":"var(--ast-global-color-5)","background-image":"","background-repeat":"repeat","background-position":"center center","background-size":"auto","background-attachment":"scroll","background-type":"","background-media":"","overlay-type":"","overlay-color":"","overlay-opacity":"","overlay-gradient":""}},"footnotes":""},"categories":[97,4],"tags":[],"class_list":["post-3124","post","type-post","status-publish","format-standard","has-post-thumbnail","hentry","category-cm-portada","category-portada"],"post_mailing_queue_ids":[],"_links":{"self":[{"href":"https:\/\/agora.xtec.cat\/ceip-joma\/wp-json\/wp\/v2\/posts\/3124","targetHints":{"allow":["GET"]}}],"collection":[{"href":"https:\/\/agora.xtec.cat\/ceip-joma\/wp-json\/wp\/v2\/posts"}],"about":[{"href":"https:\/\/agora.xtec.cat\/ceip-joma\/wp-json\/wp\/v2\/types\/post"}],"author":[{"embeddable":true,"href":"https:\/\/agora.xtec.cat\/ceip-joma\/wp-json\/wp\/v2\/users\/23"}],"replies":[{"embeddable":true,"href":"https:\/\/agora.xtec.cat\/ceip-joma\/wp-json\/wp\/v2\/comments?post=3124"}],"version-history":[{"count":2,"href":"https:\/\/agora.xtec.cat\/ceip-joma\/wp-json\/wp\/v2\/posts\/3124\/revisions"}],"predecessor-version":[{"id":3128,"href":"https:\/\/agora.xtec.cat\/ceip-joma\/wp-json\/wp\/v2\/posts\/3124\/revisions\/3128"}],"wp:featuredmedia":[{"embeddable":true,"href":"https:\/\/agora.xtec.cat\/ceip-joma\/wp-json\/wp\/v2\/media\/3126"}],"wp:attachment":[{"href":"https:\/\/agora.xtec.cat\/ceip-joma\/wp-json\/wp\/v2\/media?parent=3124"}],"wp:term":[{"taxonomy":"category","embeddable":true,"href":"https:\/\/agora.xtec.cat\/ceip-joma\/wp-json\/wp\/v2\/categories?post=3124"},{"taxonomy":"post_tag","embeddable":true,"href":"https:\/\/agora.xtec.cat\/ceip-joma\/wp-json\/wp\/v2\/tags?post=3124"}],"curies":[{"name":"wp","href":"https:\/\/api.w.org\/{rel}","templated":true}]}}