{"id":3113,"date":"2021-03-15T13:02:04","date_gmt":"2021-03-15T12:02:04","guid":{"rendered":"http:\/\/agora.xtec.cat\/ceip-joma\/?p=3113"},"modified":"2021-03-15T16:49:20","modified_gmt":"2021-03-15T15:49:20","slug":"la-comunitat-de-grans-dediquem-la-setmana-a-la-dona-treballadora","status":"publish","type":"post","link":"https:\/\/agora.xtec.cat\/ceip-joma\/portada\/la-comunitat-de-grans-dediquem-la-setmana-a-la-dona-treballadora\/","title":{"rendered":"LA COMUNITAT DE GRANS DEDIQUEM LA SETMANA A LA DONA TREBALLADORA"},"content":{"rendered":"<div class=\"ast-oembed-container \" style=\"height: 100%;\"><iframe loading=\"lazy\" title=\"GIMCANA A LA COMUNITAT DE GRANS PER LA DONA\" width=\"500\" height=\"281\" src=\"https:\/\/www.youtube.com\/embed\/5j5ph9C-Pe8?start=27&#038;feature=oembed\" frameborder=\"0\" allow=\"accelerometer; autoplay; clipboard-write; encrypted-media; gyroscope; picture-in-picture; web-share\" referrerpolicy=\"strict-origin-when-cross-origin\" allowfullscreen><\/iframe><\/div>\n<p>Durant la <span style=\"font-family: inherit; font-size: 1em;\">passada setmana, tota la comunitat hem realitzat tot un seguit d&#8217;activitats per reivindicar el 8 de mar\u00e7, dia de la dona treballadora. Aix\u00ed, durant aquests dies, hem parlat sobre els motius pels qual es celebra aquesta data que s\u00f3n diversos&#8230;<\/span>\ud83e\udd14\ud83e\udd14\ud83e\udd14<\/p>\n<p>Per comen\u00e7ar, el 8 de mar\u00e7 de 1857 es va produir una de les primeres vagues de dones treballadores t\u00e8xtils, als Estats Units, per motius laborals. Per\u00f2 fins a 1975\u00a0 no es va recon\u00e8ixer la lluita de les dones per la igualtat, per part de les Nacions Unides. I fins i tot,\u00a0 als mateixos Estats Units no es va comen\u00e7ar a celebrar aquesta data fins a l&#8217;any 1994. \ud83d\ude14\ud83d\ude14\ud83d\ude14<\/p>\n<p>Com veieu, la lluita de la dona fa m\u00e9s d&#8217;un segle que es reivindica i encara falta molt per fer. Per aquest motiu no hem volgut deixar de passar aquesta data sense\u00a0 parlar i reflexionar sobre la situaci\u00f3 actual de les dones al m\u00f3n.<\/p>\n<p>Aquests dies hem vist diversos v\u00eddeos explicatius i, fins i tot, hem vist la pel\u00b7l\u00edcula &#8220;Figures Ocultes&#8221; que parla de la discriminaci\u00f3 de la dona de color durant els anys 60 a la NASA. Una bona hist\u00f2ria basada en fets reals. \ud83c\udf9e\ud83d\udcfd\ud83c\udfac<\/p>\n<p>Tamb\u00e9, durant aquests dies,\u00a0 a les entrades i sortides per megafonia, hem sentit\u00a0 &#8220;La can\u00e7\u00f3 de fer cam\u00ed&#8221; que parla sobre les dones. Aqu\u00ed us la deixem per tal que la pugueu\u00a0 escoltar amb calma.\ud83c\udfb6\ud83c\udfb5\ud83c\udfa7<\/p>\n<div class=\"ast-oembed-container \" style=\"height: 100%;\"><iframe loading=\"lazy\" title=\"Can\u00e7\u00f3 de fer cam\u00ed\" width=\"500\" height=\"281\" src=\"https:\/\/www.youtube.com\/embed\/GCct0sJVIkI?feature=oembed\" frameborder=\"0\" allow=\"accelerometer; autoplay; clipboard-write; encrypted-media; gyroscope; picture-in-picture; web-share\" referrerpolicy=\"strict-origin-when-cross-origin\" allowfullscreen><\/iframe><\/div>\n<p>I per acabar de completar aquesta setmana reivindicativa, hem volgut fer una activitat m\u00e9s l\u00fadica, per aix\u00f2 hem realitzat una gimcana basada en grans dones de la hist\u00f2ria. La veritat que ha estat molt educativa i alhora molt divertida.\ud83d\ude09\ud83d\udcaa\ud83d\udcaa\ud83d\udcaa<\/p>\n<p>A dalt us hem deixat el v\u00eddeo amb les imatges de la gimcana.\ud83d\udc4d<\/p>\n<p>FINS AVIAT!!!<\/p>\n","protected":false},"excerpt":{"rendered":"<p>Durant la passada setmana, tota la comunitat hem realitzat tot un seguit d&#8217;activitats per reivindicar el 8 de mar\u00e7, dia de la dona treballadora. Aix\u00ed, durant aquests dies, hem parlat sobre els motius pels qual es celebra aquesta data que s\u00f3n diversos&#8230;\ud83e\udd14\ud83e\udd14\ud83e\udd14 Per comen\u00e7ar, el 8 de mar\u00e7 de 1857 es va produir una de [&hellip;]<\/p>\n","protected":false},"author":22,"featured_media":3129,"comment_status":"open","ping_status":"closed","sticky":false,"template":"","format":"standard","meta":{"_bbp_topic_count":0,"_bbp_reply_count":0,"_bbp_total_topic_count":0,"_bbp_total_reply_count":0,"_bbp_voice_count":0,"_bbp_anonymous_reply_count":0,"_bbp_topic_count_hidden":0,"_bbp_reply_count_hidden":0,"_bbp_forum_subforum_count":0,"site-sidebar-layout":"default","site-content-layout":"","ast-site-content-layout":"","site-content-style":"default","site-sidebar-style":"default","ast-global-header-display":"","ast-banner-title-visibility":"","ast-main-header-display":"","ast-hfb-above-header-display":"","ast-hfb-below-header-display":"","ast-hfb-mobile-header-display":"","site-post-title":"","ast-breadcrumbs-content":"","ast-featured-img":"","footer-sml-layout":"","theme-transparent-header-meta":"","adv-header-id-meta":"","stick-header-meta":"","header-above-stick-meta":"","header-main-stick-meta":"","header-below-stick-meta":"","astra-migrate-meta-layouts":"default","ast-page-background-enabled":"default","ast-page-background-meta":{"desktop":{"background-color":"var(--ast-global-color-4)","background-image":"","background-repeat":"repeat","background-position":"center center","background-size":"auto","background-attachment":"scroll","background-type":"","background-media":"","overlay-type":"","overlay-color":"","overlay-opacity":"","overlay-gradient":""},"tablet":{"background-color":"","background-image":"","background-repeat":"repeat","background-position":"center center","background-size":"auto","background-attachment":"scroll","background-type":"","background-media":"","overlay-type":"","overlay-color":"","overlay-opacity":"","overlay-gradient":""},"mobile":{"background-color":"","background-image":"","background-repeat":"repeat","background-position":"center center","background-size":"auto","background-attachment":"scroll","background-type":"","background-media":"","overlay-type":"","overlay-color":"","overlay-opacity":"","overlay-gradient":""}},"ast-content-background-meta":{"desktop":{"background-color":"var(--ast-global-color-5)","background-image":"","background-repeat":"repeat","background-position":"center center","background-size":"auto","background-attachment":"scroll","background-type":"","background-media":"","overlay-type":"","overlay-color":"","overlay-opacity":"","overlay-gradient":""},"tablet":{"background-color":"var(--ast-global-color-5)","background-image":"","background-repeat":"repeat","background-position":"center center","background-size":"auto","background-attachment":"scroll","background-type":"","background-media":"","overlay-type":"","overlay-color":"","overlay-opacity":"","overlay-gradient":""},"mobile":{"background-color":"var(--ast-global-color-5)","background-image":"","background-repeat":"repeat","background-position":"center center","background-size":"auto","background-attachment":"scroll","background-type":"","background-media":"","overlay-type":"","overlay-color":"","overlay-opacity":"","overlay-gradient":""}},"footnotes":""},"categories":[98,4],"tags":[101,112],"class_list":["post-3113","post","type-post","status-publish","format-standard","has-post-thumbnail","hentry","category-cg","category-portada","tag-comunitat-de-grans","tag-dia-de-la-dona"],"post_mailing_queue_ids":[],"_links":{"self":[{"href":"https:\/\/agora.xtec.cat\/ceip-joma\/wp-json\/wp\/v2\/posts\/3113","targetHints":{"allow":["GET"]}}],"collection":[{"href":"https:\/\/agora.xtec.cat\/ceip-joma\/wp-json\/wp\/v2\/posts"}],"about":[{"href":"https:\/\/agora.xtec.cat\/ceip-joma\/wp-json\/wp\/v2\/types\/post"}],"author":[{"embeddable":true,"href":"https:\/\/agora.xtec.cat\/ceip-joma\/wp-json\/wp\/v2\/users\/22"}],"replies":[{"embeddable":true,"href":"https:\/\/agora.xtec.cat\/ceip-joma\/wp-json\/wp\/v2\/comments?post=3113"}],"version-history":[{"count":3,"href":"https:\/\/agora.xtec.cat\/ceip-joma\/wp-json\/wp\/v2\/posts\/3113\/revisions"}],"predecessor-version":[{"id":3132,"href":"https:\/\/agora.xtec.cat\/ceip-joma\/wp-json\/wp\/v2\/posts\/3113\/revisions\/3132"}],"wp:featuredmedia":[{"embeddable":true,"href":"https:\/\/agora.xtec.cat\/ceip-joma\/wp-json\/wp\/v2\/media\/3129"}],"wp:attachment":[{"href":"https:\/\/agora.xtec.cat\/ceip-joma\/wp-json\/wp\/v2\/media?parent=3113"}],"wp:term":[{"taxonomy":"category","embeddable":true,"href":"https:\/\/agora.xtec.cat\/ceip-joma\/wp-json\/wp\/v2\/categories?post=3113"},{"taxonomy":"post_tag","embeddable":true,"href":"https:\/\/agora.xtec.cat\/ceip-joma\/wp-json\/wp\/v2\/tags?post=3113"}],"curies":[{"name":"wp","href":"https:\/\/api.w.org\/{rel}","templated":true}]}}