{"id":2869,"date":"2020-11-23T10:59:24","date_gmt":"2020-11-23T09:59:24","guid":{"rendered":"http:\/\/agora.xtec.cat\/ceip-joma\/?p=2869"},"modified":"2020-11-30T09:18:19","modified_gmt":"2020-11-30T08:18:19","slug":"3-2-1-action","status":"publish","type":"post","link":"https:\/\/agora.xtec.cat\/ceip-joma\/portada\/3-2-1-action\/","title":{"rendered":"3, 2, 1&#8230; ACTION!"},"content":{"rendered":"<p>Us presentem el v\u00eddeo que la Comunitat de Petits hem gravat per l&#8217;ERASMUS.<\/p>\n<p>Despr\u00e9s de con\u00e9ixer i treballar l&#8217;artista del nostre pa\u00eds hem creat una pel.l\u00edcula. Aix\u00ed compartim amb els altres pa\u00efsos qui va ser Antoni Gaud\u00ed i la seva obra. Ja l&#8217;hem enviat als nens i nenes de B\u00e8lgica, Let\u00f2nia i Litu\u00e0nia. Esperem que els agradi!<\/p>\n<p>La voleu veure?&#8230;<\/p>\n<p><a href=\"https:\/\/agora.xtec.cat\/ceip-joma\/wp-content\/uploads\/usu1530\/2020\/11\/Captura-de-pantalla-2020-11-20-a-les-6.23.03-PM.png\"><img loading=\"lazy\" decoding=\"async\" class=\"alignnone size-large wp-image-2870\" src=\"https:\/\/agora.xtec.cat\/ceip-joma\/wp-content\/uploads\/usu1530\/2020\/11\/Captura-de-pantalla-2020-11-20-a-les-6.23.03-PM-1024x559.png\" alt=\"\" width=\"1024\" height=\"559\" srcset=\"https:\/\/agora.xtec.cat\/ceip-joma\/wp-content\/uploads\/usu1530\/2020\/11\/Captura-de-pantalla-2020-11-20-a-les-6.23.03-PM-1024x559.png 1024w, https:\/\/agora.xtec.cat\/ceip-joma\/wp-content\/uploads\/usu1530\/2020\/11\/Captura-de-pantalla-2020-11-20-a-les-6.23.03-PM-300x164.png 300w, https:\/\/agora.xtec.cat\/ceip-joma\/wp-content\/uploads\/usu1530\/2020\/11\/Captura-de-pantalla-2020-11-20-a-les-6.23.03-PM-768x419.png 768w, https:\/\/agora.xtec.cat\/ceip-joma\/wp-content\/uploads\/usu1530\/2020\/11\/Captura-de-pantalla-2020-11-20-a-les-6.23.03-PM.png 1375w\" sizes=\"auto, (max-width: 1024px) 100vw, 1024px\" \/><\/a><\/p>\n<p style=\"text-align: center;\"><a href=\"https:\/\/youtu.be\/IZ3sC9Bm-uA\">ANTONI GAUD\u00cd FILMS<\/a><\/p>\n","protected":false},"excerpt":{"rendered":"<p>Us presentem el v\u00eddeo que la Comunitat de Petits hem gravat per l&#8217;ERASMUS. Despr\u00e9s de con\u00e9ixer i treballar l&#8217;artista del nostre pa\u00eds hem creat una pel.l\u00edcula. Aix\u00ed compartim amb els altres pa\u00efsos qui va ser Antoni Gaud\u00ed i la seva obra. Ja l&#8217;hem enviat als nens i nenes de B\u00e8lgica, Let\u00f2nia i Litu\u00e0nia. Esperem que [&hellip;]<\/p>\n","protected":false},"author":23,"featured_media":2870,"comment_status":"open","ping_status":"closed","sticky":false,"template":"","format":"standard","meta":{"_bbp_topic_count":0,"_bbp_reply_count":0,"_bbp_total_topic_count":0,"_bbp_total_reply_count":0,"_bbp_voice_count":0,"_bbp_anonymous_reply_count":0,"_bbp_topic_count_hidden":0,"_bbp_reply_count_hidden":0,"_bbp_forum_subforum_count":0,"site-sidebar-layout":"default","site-content-layout":"","ast-site-content-layout":"","site-content-style":"default","site-sidebar-style":"default","ast-global-header-display":"","ast-banner-title-visibility":"","ast-main-header-display":"","ast-hfb-above-header-display":"","ast-hfb-below-header-display":"","ast-hfb-mobile-header-display":"","site-post-title":"","ast-breadcrumbs-content":"","ast-featured-img":"","footer-sml-layout":"","theme-transparent-header-meta":"","adv-header-id-meta":"","stick-header-meta":"","header-above-stick-meta":"","header-main-stick-meta":"","header-below-stick-meta":"","astra-migrate-meta-layouts":"default","ast-page-background-enabled":"default","ast-page-background-meta":{"desktop":{"background-color":"var(--ast-global-color-4)","background-image":"","background-repeat":"repeat","background-position":"center center","background-size":"auto","background-attachment":"scroll","background-type":"","background-media":"","overlay-type":"","overlay-color":"","overlay-opacity":"","overlay-gradient":""},"tablet":{"background-color":"","background-image":"","background-repeat":"repeat","background-position":"center center","background-size":"auto","background-attachment":"scroll","background-type":"","background-media":"","overlay-type":"","overlay-color":"","overlay-opacity":"","overlay-gradient":""},"mobile":{"background-color":"","background-image":"","background-repeat":"repeat","background-position":"center center","background-size":"auto","background-attachment":"scroll","background-type":"","background-media":"","overlay-type":"","overlay-color":"","overlay-opacity":"","overlay-gradient":""}},"ast-content-background-meta":{"desktop":{"background-color":"var(--ast-global-color-5)","background-image":"","background-repeat":"repeat","background-position":"center center","background-size":"auto","background-attachment":"scroll","background-type":"","background-media":"","overlay-type":"","overlay-color":"","overlay-opacity":"","overlay-gradient":""},"tablet":{"background-color":"var(--ast-global-color-5)","background-image":"","background-repeat":"repeat","background-position":"center center","background-size":"auto","background-attachment":"scroll","background-type":"","background-media":"","overlay-type":"","overlay-color":"","overlay-opacity":"","overlay-gradient":""},"mobile":{"background-color":"var(--ast-global-color-5)","background-image":"","background-repeat":"repeat","background-position":"center center","background-size":"auto","background-attachment":"scroll","background-type":"","background-media":"","overlay-type":"","overlay-color":"","overlay-opacity":"","overlay-gradient":""}},"footnotes":""},"categories":[4],"tags":[],"class_list":["post-2869","post","type-post","status-publish","format-standard","has-post-thumbnail","hentry","category-portada"],"post_mailing_queue_ids":[],"_links":{"self":[{"href":"https:\/\/agora.xtec.cat\/ceip-joma\/wp-json\/wp\/v2\/posts\/2869","targetHints":{"allow":["GET"]}}],"collection":[{"href":"https:\/\/agora.xtec.cat\/ceip-joma\/wp-json\/wp\/v2\/posts"}],"about":[{"href":"https:\/\/agora.xtec.cat\/ceip-joma\/wp-json\/wp\/v2\/types\/post"}],"author":[{"embeddable":true,"href":"https:\/\/agora.xtec.cat\/ceip-joma\/wp-json\/wp\/v2\/users\/23"}],"replies":[{"embeddable":true,"href":"https:\/\/agora.xtec.cat\/ceip-joma\/wp-json\/wp\/v2\/comments?post=2869"}],"version-history":[{"count":3,"href":"https:\/\/agora.xtec.cat\/ceip-joma\/wp-json\/wp\/v2\/posts\/2869\/revisions"}],"predecessor-version":[{"id":2877,"href":"https:\/\/agora.xtec.cat\/ceip-joma\/wp-json\/wp\/v2\/posts\/2869\/revisions\/2877"}],"wp:featuredmedia":[{"embeddable":true,"href":"https:\/\/agora.xtec.cat\/ceip-joma\/wp-json\/wp\/v2\/media\/2870"}],"wp:attachment":[{"href":"https:\/\/agora.xtec.cat\/ceip-joma\/wp-json\/wp\/v2\/media?parent=2869"}],"wp:term":[{"taxonomy":"category","embeddable":true,"href":"https:\/\/agora.xtec.cat\/ceip-joma\/wp-json\/wp\/v2\/categories?post=2869"},{"taxonomy":"post_tag","embeddable":true,"href":"https:\/\/agora.xtec.cat\/ceip-joma\/wp-json\/wp\/v2\/tags?post=2869"}],"curies":[{"name":"wp","href":"https:\/\/api.w.org\/{rel}","templated":true}]}}