{"id":2834,"date":"2020-11-11T12:57:18","date_gmt":"2020-11-11T11:57:18","guid":{"rendered":"http:\/\/agora.xtec.cat\/ceip-joma\/?p=2834"},"modified":"2020-11-12T15:17:58","modified_gmt":"2020-11-12T14:17:58","slug":"taller-dieta-saludable-grup-a","status":"publish","type":"post","link":"https:\/\/agora.xtec.cat\/ceip-joma\/portada\/taller-dieta-saludable-grup-a\/","title":{"rendered":"TALLER DIETA SALUDABLE GRUP A"},"content":{"rendered":"<p>Aquests dies ens han vingut a fer uns tallers de la Diputaci\u00f3 de Barcelona que ten\u00edem pendents del curs passat. Els alumnes de 4rt (GRUP A) vam participar en el taller \u201cEnergia que entra, energia que surt\u201d. D\u2019una manera participativa i did\u00e0ctica vam aprendre aspectes sobre l\u2019alimentaci\u00f3 saludable; els grups d\u2019aliments i les seves funcions en el cos hum\u00e0, per cr\u00e9ixer forts i sans.<\/p>\n<p>Ha estat un taller for\u00e7a complert i molt did\u00e0ctic on a m\u00e9s de repassar continguts treballats, tamb\u00e9 ens hem divertit fent les propostes que ens plantej\u00e0vem.\u00a0Us deixem unes quantes fotografies per tal que veieu tot el que hem fet.<\/p>\n<p><a href=\"https:\/\/agora.xtec.cat\/ceip-joma\/wp-content\/uploads\/usu1530\/2020\/11\/IMG_3157-WEB-1024x765-1.jpg\"><img loading=\"lazy\" decoding=\"async\" class=\"aligncenter size-large wp-image-2839\" src=\"https:\/\/agora.xtec.cat\/ceip-joma\/wp-content\/uploads\/usu1530\/2020\/11\/IMG_3157-WEB-1024x765-1-1024x765.jpg\" alt=\"\" width=\"1024\" height=\"765\" srcset=\"https:\/\/agora.xtec.cat\/ceip-joma\/wp-content\/uploads\/usu1530\/2020\/11\/IMG_3157-WEB-1024x765-1.jpg 1024w, https:\/\/agora.xtec.cat\/ceip-joma\/wp-content\/uploads\/usu1530\/2020\/11\/IMG_3157-WEB-1024x765-1-300x224.jpg 300w, https:\/\/agora.xtec.cat\/ceip-joma\/wp-content\/uploads\/usu1530\/2020\/11\/IMG_3157-WEB-1024x765-1-768x574.jpg 768w, https:\/\/agora.xtec.cat\/ceip-joma\/wp-content\/uploads\/usu1530\/2020\/11\/IMG_3157-WEB-1024x765-1-200x150.jpg 200w\" sizes=\"auto, (max-width: 1024px) 100vw, 1024px\" \/><\/a><\/p>\n<p style=\"text-align: center;\"><a href=\"https:\/\/photos.app.goo.gl\/iukGPs8KScmuQDC97\" target=\"_blank\" rel=\"noopener noreferrer\">TALLER D&#8217;ALIMENTACI\u00d3<\/a><\/p>\n","protected":false},"excerpt":{"rendered":"<p>Aquests dies ens han vingut a fer uns tallers de la Diputaci\u00f3 de Barcelona que ten\u00edem pendents del curs passat. Els alumnes de 4rt (GRUP A) vam participar en el taller \u201cEnergia que entra, energia que surt\u201d. D\u2019una manera participativa i did\u00e0ctica vam aprendre aspectes sobre l\u2019alimentaci\u00f3 saludable; els grups d\u2019aliments i les seves funcions [&hellip;]<\/p>\n","protected":false},"author":22,"featured_media":0,"comment_status":"open","ping_status":"closed","sticky":false,"template":"","format":"standard","meta":{"_bbp_topic_count":0,"_bbp_reply_count":0,"_bbp_total_topic_count":0,"_bbp_total_reply_count":0,"_bbp_voice_count":0,"_bbp_anonymous_reply_count":0,"_bbp_topic_count_hidden":0,"_bbp_reply_count_hidden":0,"_bbp_forum_subforum_count":0,"site-sidebar-layout":"default","site-content-layout":"","ast-site-content-layout":"","site-content-style":"default","site-sidebar-style":"default","ast-global-header-display":"","ast-banner-title-visibility":"","ast-main-header-display":"","ast-hfb-above-header-display":"","ast-hfb-below-header-display":"","ast-hfb-mobile-header-display":"","site-post-title":"","ast-breadcrumbs-content":"","ast-featured-img":"","footer-sml-layout":"","theme-transparent-header-meta":"","adv-header-id-meta":"","stick-header-meta":"","header-above-stick-meta":"","header-main-stick-meta":"","header-below-stick-meta":"","astra-migrate-meta-layouts":"default","ast-page-background-enabled":"default","ast-page-background-meta":{"desktop":{"background-color":"var(--ast-global-color-4)","background-image":"","background-repeat":"repeat","background-position":"center center","background-size":"auto","background-attachment":"scroll","background-type":"","background-media":"","overlay-type":"","overlay-color":"","overlay-opacity":"","overlay-gradient":""},"tablet":{"background-color":"","background-image":"","background-repeat":"repeat","background-position":"center center","background-size":"auto","background-attachment":"scroll","background-type":"","background-media":"","overlay-type":"","overlay-color":"","overlay-opacity":"","overlay-gradient":""},"mobile":{"background-color":"","background-image":"","background-repeat":"repeat","background-position":"center center","background-size":"auto","background-attachment":"scroll","background-type":"","background-media":"","overlay-type":"","overlay-color":"","overlay-opacity":"","overlay-gradient":""}},"ast-content-background-meta":{"desktop":{"background-color":"var(--ast-global-color-5)","background-image":"","background-repeat":"repeat","background-position":"center center","background-size":"auto","background-attachment":"scroll","background-type":"","background-media":"","overlay-type":"","overlay-color":"","overlay-opacity":"","overlay-gradient":""},"tablet":{"background-color":"var(--ast-global-color-5)","background-image":"","background-repeat":"repeat","background-position":"center center","background-size":"auto","background-attachment":"scroll","background-type":"","background-media":"","overlay-type":"","overlay-color":"","overlay-opacity":"","overlay-gradient":""},"mobile":{"background-color":"var(--ast-global-color-5)","background-image":"","background-repeat":"repeat","background-position":"center center","background-size":"auto","background-attachment":"scroll","background-type":"","background-media":"","overlay-type":"","overlay-color":"","overlay-opacity":"","overlay-gradient":""}},"footnotes":""},"categories":[98,4],"tags":[101,103],"class_list":["post-2834","post","type-post","status-publish","format-standard","hentry","category-cg","category-portada","tag-comunitat-de-grans","tag-tallers"],"post_mailing_queue_ids":[],"_links":{"self":[{"href":"https:\/\/agora.xtec.cat\/ceip-joma\/wp-json\/wp\/v2\/posts\/2834","targetHints":{"allow":["GET"]}}],"collection":[{"href":"https:\/\/agora.xtec.cat\/ceip-joma\/wp-json\/wp\/v2\/posts"}],"about":[{"href":"https:\/\/agora.xtec.cat\/ceip-joma\/wp-json\/wp\/v2\/types\/post"}],"author":[{"embeddable":true,"href":"https:\/\/agora.xtec.cat\/ceip-joma\/wp-json\/wp\/v2\/users\/22"}],"replies":[{"embeddable":true,"href":"https:\/\/agora.xtec.cat\/ceip-joma\/wp-json\/wp\/v2\/comments?post=2834"}],"version-history":[{"count":4,"href":"https:\/\/agora.xtec.cat\/ceip-joma\/wp-json\/wp\/v2\/posts\/2834\/revisions"}],"predecessor-version":[{"id":2849,"href":"https:\/\/agora.xtec.cat\/ceip-joma\/wp-json\/wp\/v2\/posts\/2834\/revisions\/2849"}],"wp:attachment":[{"href":"https:\/\/agora.xtec.cat\/ceip-joma\/wp-json\/wp\/v2\/media?parent=2834"}],"wp:term":[{"taxonomy":"category","embeddable":true,"href":"https:\/\/agora.xtec.cat\/ceip-joma\/wp-json\/wp\/v2\/categories?post=2834"},{"taxonomy":"post_tag","embeddable":true,"href":"https:\/\/agora.xtec.cat\/ceip-joma\/wp-json\/wp\/v2\/tags?post=2834"}],"curies":[{"name":"wp","href":"https:\/\/api.w.org\/{rel}","templated":true}]}}