{"id":2819,"date":"2020-11-03T18:48:04","date_gmt":"2020-11-03T17:48:04","guid":{"rendered":"http:\/\/agora.xtec.cat\/ceip-joma\/?p=2819"},"modified":"2020-11-05T15:46:50","modified_gmt":"2020-11-05T14:46:50","slug":"continuem-treballant-amb-el-projecte-erasmus","status":"publish","type":"post","link":"https:\/\/agora.xtec.cat\/ceip-joma\/portada\/continuem-treballant-amb-el-projecte-erasmus\/","title":{"rendered":"CONTINUEM TREBALLANT AMB EL PROJECTE ERASMUS+"},"content":{"rendered":"<p style=\"text-align: justify;\"><a href=\"https:\/\/agora.xtec.cat\/ceip-joma\/wp-content\/uploads\/usu1530\/2019\/09\/Sin-t\u00edtulo.jpg\"><img loading=\"lazy\" decoding=\"async\" class=\" wp-image-1710 aligncenter\" src=\"https:\/\/agora.xtec.cat\/ceip-joma\/wp-content\/uploads\/usu1530\/2019\/09\/Sin-t\u00edtulo.jpg\" alt=\"\" width=\"342\" height=\"116\" srcset=\"https:\/\/agora.xtec.cat\/ceip-joma\/wp-content\/uploads\/usu1530\/2019\/09\/Sin-t\u00edtulo.jpg 530w, https:\/\/agora.xtec.cat\/ceip-joma\/wp-content\/uploads\/usu1530\/2019\/09\/Sin-t\u00edtulo-300x102.jpg 300w\" sizes=\"auto, (max-width: 342px) 100vw, 342px\" \/><\/a>Malgrat la situaci\u00f3 de pand\u00e8mia i el confinament que vam patir durant el tercer trimestre del curs passat, aquest nou curs hem repr\u00e8s el treball amb els nostres socis de B\u00e8lgica, Litu\u00e0nia i Let\u00f2nia. Donat que van haver mesos on no vam poder avan\u00e7ar amb les activitats, la UE ens ha donat l\u00b4oportunitat d\u00b4allargar la durada del projecte durant un any. Per tant la finalitzaci\u00f3 del projecte ser\u00e0 el mes de juliol de 2022.<\/p>\n<p style=\"text-align: justify;\">Aix\u00f2 ens d\u00f3na la possibilitat d\u00b4ajornar les mobilitats amb els alumnes i poder fer-les m\u00e9s endavant si la situaci\u00f3 epidemiol\u00f2gica aix\u00ed ens ho permet.<\/p>\n<p style=\"text-align: justify;\">Tot i aix\u00ed continuarem realitzant totes les activitats previstes.<\/p>\n<p style=\"text-align: justify;\">\n","protected":false},"excerpt":{"rendered":"<p>Malgrat la situaci\u00f3 de pand\u00e8mia i el confinament que vam patir durant el tercer trimestre del curs passat, aquest nou curs hem repr\u00e8s el treball amb els nostres socis de B\u00e8lgica, Litu\u00e0nia i Let\u00f2nia. Donat que van haver mesos on no vam poder avan\u00e7ar amb les activitats, la UE ens ha donat l\u00b4oportunitat d\u00b4allargar la [&hellip;]<\/p>\n","protected":false},"author":9,"featured_media":0,"comment_status":"open","ping_status":"closed","sticky":false,"template":"","format":"standard","meta":{"_bbp_topic_count":0,"_bbp_reply_count":0,"_bbp_total_topic_count":0,"_bbp_total_reply_count":0,"_bbp_voice_count":0,"_bbp_anonymous_reply_count":0,"_bbp_topic_count_hidden":0,"_bbp_reply_count_hidden":0,"_bbp_forum_subforum_count":0,"site-sidebar-layout":"default","site-content-layout":"","ast-site-content-layout":"","site-content-style":"default","site-sidebar-style":"default","ast-global-header-display":"","ast-banner-title-visibility":"","ast-main-header-display":"","ast-hfb-above-header-display":"","ast-hfb-below-header-display":"","ast-hfb-mobile-header-display":"","site-post-title":"","ast-breadcrumbs-content":"","ast-featured-img":"","footer-sml-layout":"","theme-transparent-header-meta":"","adv-header-id-meta":"","stick-header-meta":"","header-above-stick-meta":"","header-main-stick-meta":"","header-below-stick-meta":"","astra-migrate-meta-layouts":"default","ast-page-background-enabled":"default","ast-page-background-meta":{"desktop":{"background-color":"var(--ast-global-color-4)","background-image":"","background-repeat":"repeat","background-position":"center center","background-size":"auto","background-attachment":"scroll","background-type":"","background-media":"","overlay-type":"","overlay-color":"","overlay-opacity":"","overlay-gradient":""},"tablet":{"background-color":"","background-image":"","background-repeat":"repeat","background-position":"center center","background-size":"auto","background-attachment":"scroll","background-type":"","background-media":"","overlay-type":"","overlay-color":"","overlay-opacity":"","overlay-gradient":""},"mobile":{"background-color":"","background-image":"","background-repeat":"repeat","background-position":"center center","background-size":"auto","background-attachment":"scroll","background-type":"","background-media":"","overlay-type":"","overlay-color":"","overlay-opacity":"","overlay-gradient":""}},"ast-content-background-meta":{"desktop":{"background-color":"var(--ast-global-color-5)","background-image":"","background-repeat":"repeat","background-position":"center center","background-size":"auto","background-attachment":"scroll","background-type":"","background-media":"","overlay-type":"","overlay-color":"","overlay-opacity":"","overlay-gradient":""},"tablet":{"background-color":"var(--ast-global-color-5)","background-image":"","background-repeat":"repeat","background-position":"center center","background-size":"auto","background-attachment":"scroll","background-type":"","background-media":"","overlay-type":"","overlay-color":"","overlay-opacity":"","overlay-gradient":""},"mobile":{"background-color":"var(--ast-global-color-5)","background-image":"","background-repeat":"repeat","background-position":"center center","background-size":"auto","background-attachment":"scroll","background-type":"","background-media":"","overlay-type":"","overlay-color":"","overlay-opacity":"","overlay-gradient":""}},"footnotes":""},"categories":[63,4],"tags":[],"class_list":["post-2819","post","type-post","status-publish","format-standard","hentry","category-activescola","category-portada"],"post_mailing_queue_ids":[],"_links":{"self":[{"href":"https:\/\/agora.xtec.cat\/ceip-joma\/wp-json\/wp\/v2\/posts\/2819","targetHints":{"allow":["GET"]}}],"collection":[{"href":"https:\/\/agora.xtec.cat\/ceip-joma\/wp-json\/wp\/v2\/posts"}],"about":[{"href":"https:\/\/agora.xtec.cat\/ceip-joma\/wp-json\/wp\/v2\/types\/post"}],"author":[{"embeddable":true,"href":"https:\/\/agora.xtec.cat\/ceip-joma\/wp-json\/wp\/v2\/users\/9"}],"replies":[{"embeddable":true,"href":"https:\/\/agora.xtec.cat\/ceip-joma\/wp-json\/wp\/v2\/comments?post=2819"}],"version-history":[{"count":2,"href":"https:\/\/agora.xtec.cat\/ceip-joma\/wp-json\/wp\/v2\/posts\/2819\/revisions"}],"predecessor-version":[{"id":2821,"href":"https:\/\/agora.xtec.cat\/ceip-joma\/wp-json\/wp\/v2\/posts\/2819\/revisions\/2821"}],"wp:attachment":[{"href":"https:\/\/agora.xtec.cat\/ceip-joma\/wp-json\/wp\/v2\/media?parent=2819"}],"wp:term":[{"taxonomy":"category","embeddable":true,"href":"https:\/\/agora.xtec.cat\/ceip-joma\/wp-json\/wp\/v2\/categories?post=2819"},{"taxonomy":"post_tag","embeddable":true,"href":"https:\/\/agora.xtec.cat\/ceip-joma\/wp-json\/wp\/v2\/tags?post=2819"}],"curies":[{"name":"wp","href":"https:\/\/api.w.org\/{rel}","templated":true}]}}