{"id":2184,"date":"2020-04-15T10:30:08","date_gmt":"2020-04-15T08:30:08","guid":{"rendered":"http:\/\/agora.xtec.cat\/ceip-joma\/?p=2184"},"modified":"2020-04-16T13:12:35","modified_gmt":"2020-04-16T11:12:35","slug":"comunitat-de-petits-2","status":"publish","type":"post","link":"https:\/\/agora.xtec.cat\/ceip-joma\/portada\/comunitat-de-petits-2\/","title":{"rendered":"COMUNITAT DE PETITS"},"content":{"rendered":"<p style=\"text-align: center\"><strong>Iniciem el tercer trimestre!<\/strong><\/p>\n<p><a href=\"https:\/\/agora.xtec.cat\/ceip-joma\/wp-content\/uploads\/usu1530\/2020\/04\/images-4.jpg\"><img loading=\"lazy\" decoding=\"async\" class=\" wp-image-2195 aligncenter\" src=\"https:\/\/agora.xtec.cat\/ceip-joma\/wp-content\/uploads\/usu1530\/2020\/04\/images-4.jpg\" alt=\"\" width=\"302\" height=\"186\" \/><\/a><\/p>\n<p>Us hem fet un recull de propostes perqu\u00e8 pogueu acompanyar les vostres filles i fills al llarg d&#8217;aquesta setmana. Quan cliqueu l&#8217;enllan\u00e7 veure-ho la descripci\u00f3 de les activitats i algunes d&#8217;elles us portaran a veure v\u00eddeos que contenen: contes, exercicis, m\u00fasica&#8230;<\/p>\n<p>Les activitats que us suggerim estan pensades per entretenir per\u00f2 alhora continuar desenvolupant les capacitats entorn al seu desenvolupament afectiu, emocional, f\u00edsic, motor, cognitiu i social.<\/p>\n<p>Feu-nos arribar les fotografies, dibuixos&#8230; a trav\u00e9s dels correus de les respectives tutores. Tamb\u00e9 estem a la vostra disposici\u00f3 si necessiteu algun suggeriment o b\u00e9 ens voleu comentar alguna cosa.<\/p>\n<p>Si teniu qualsevol dubte no dubteu a posar-vos en contacte amb nosaltres. Estem experimentant aquesta novetat digital al mateix temps que vosaltres i segurament ens costar\u00e0 una miqueta agafar-hi el tra\u00e7.<\/p>\n<p>Una abra\u00e7ada ben forta!<\/p>\n<p style=\"text-align: center\"><a href=\"https:\/\/www.canva.com\/design\/DAD5aCU1iHg\/0HhIJXoxPGRjLiYkk0BxZA\/view?utm_content=DAD5aCU1iHg&amp;utm_campaign=designshare&amp;utm_medium=link&amp;utm_source=viewer\">PROPOSTES PER AQUESTA SETMANA!<\/a><\/p>\n","protected":false},"excerpt":{"rendered":"<p>Us hem fet un recull de propostes perqu\u00e8 pogueu acompanyar les vostres filles i fills al llarg d&#8217;aquesta setmana. Quan cliqueu l&#8217;enllan\u00e7 veure-ho la descripci\u00f3 de les activitats i algunes d&#8217;elles us portaran a veure v\u00eddeos que contenen: contes, exercicis, m\u00fasica&#8230;<\/p>\n","protected":false},"author":23,"featured_media":2195,"comment_status":"open","ping_status":"closed","sticky":false,"template":"","format":"standard","meta":{"_bbp_topic_count":0,"_bbp_reply_count":0,"_bbp_total_topic_count":0,"_bbp_total_reply_count":0,"_bbp_voice_count":0,"_bbp_anonymous_reply_count":0,"_bbp_topic_count_hidden":0,"_bbp_reply_count_hidden":0,"_bbp_forum_subforum_count":0,"site-sidebar-layout":"default","site-content-layout":"","ast-site-content-layout":"","site-content-style":"default","site-sidebar-style":"default","ast-global-header-display":"","ast-banner-title-visibility":"","ast-main-header-display":"","ast-hfb-above-header-display":"","ast-hfb-below-header-display":"","ast-hfb-mobile-header-display":"","site-post-title":"","ast-breadcrumbs-content":"","ast-featured-img":"","footer-sml-layout":"","theme-transparent-header-meta":"","adv-header-id-meta":"","stick-header-meta":"","header-above-stick-meta":"","header-main-stick-meta":"","header-below-stick-meta":"","astra-migrate-meta-layouts":"default","ast-page-background-enabled":"default","ast-page-background-meta":{"desktop":{"background-color":"var(--ast-global-color-4)","background-image":"","background-repeat":"repeat","background-position":"center center","background-size":"auto","background-attachment":"scroll","background-type":"","background-media":"","overlay-type":"","overlay-color":"","overlay-opacity":"","overlay-gradient":""},"tablet":{"background-color":"","background-image":"","background-repeat":"repeat","background-position":"center center","background-size":"auto","background-attachment":"scroll","background-type":"","background-media":"","overlay-type":"","overlay-color":"","overlay-opacity":"","overlay-gradient":""},"mobile":{"background-color":"","background-image":"","background-repeat":"repeat","background-position":"center center","background-size":"auto","background-attachment":"scroll","background-type":"","background-media":"","overlay-type":"","overlay-color":"","overlay-opacity":"","overlay-gradient":""}},"ast-content-background-meta":{"desktop":{"background-color":"var(--ast-global-color-5)","background-image":"","background-repeat":"repeat","background-position":"center center","background-size":"auto","background-attachment":"scroll","background-type":"","background-media":"","overlay-type":"","overlay-color":"","overlay-opacity":"","overlay-gradient":""},"tablet":{"background-color":"var(--ast-global-color-5)","background-image":"","background-repeat":"repeat","background-position":"center center","background-size":"auto","background-attachment":"scroll","background-type":"","background-media":"","overlay-type":"","overlay-color":"","overlay-opacity":"","overlay-gradient":""},"mobile":{"background-color":"var(--ast-global-color-5)","background-image":"","background-repeat":"repeat","background-position":"center center","background-size":"auto","background-attachment":"scroll","background-type":"","background-media":"","overlay-type":"","overlay-color":"","overlay-opacity":"","overlay-gradient":""}},"footnotes":""},"categories":[4],"tags":[],"class_list":["post-2184","post","type-post","status-publish","format-standard","has-post-thumbnail","hentry","category-portada"],"post_mailing_queue_ids":[],"_links":{"self":[{"href":"https:\/\/agora.xtec.cat\/ceip-joma\/wp-json\/wp\/v2\/posts\/2184","targetHints":{"allow":["GET"]}}],"collection":[{"href":"https:\/\/agora.xtec.cat\/ceip-joma\/wp-json\/wp\/v2\/posts"}],"about":[{"href":"https:\/\/agora.xtec.cat\/ceip-joma\/wp-json\/wp\/v2\/types\/post"}],"author":[{"embeddable":true,"href":"https:\/\/agora.xtec.cat\/ceip-joma\/wp-json\/wp\/v2\/users\/23"}],"replies":[{"embeddable":true,"href":"https:\/\/agora.xtec.cat\/ceip-joma\/wp-json\/wp\/v2\/comments?post=2184"}],"version-history":[{"count":3,"href":"https:\/\/agora.xtec.cat\/ceip-joma\/wp-json\/wp\/v2\/posts\/2184\/revisions"}],"predecessor-version":[{"id":2229,"href":"https:\/\/agora.xtec.cat\/ceip-joma\/wp-json\/wp\/v2\/posts\/2184\/revisions\/2229"}],"wp:featuredmedia":[{"embeddable":true,"href":"https:\/\/agora.xtec.cat\/ceip-joma\/wp-json\/wp\/v2\/media\/2195"}],"wp:attachment":[{"href":"https:\/\/agora.xtec.cat\/ceip-joma\/wp-json\/wp\/v2\/media?parent=2184"}],"wp:term":[{"taxonomy":"category","embeddable":true,"href":"https:\/\/agora.xtec.cat\/ceip-joma\/wp-json\/wp\/v2\/categories?post=2184"},{"taxonomy":"post_tag","embeddable":true,"href":"https:\/\/agora.xtec.cat\/ceip-joma\/wp-json\/wp\/v2\/tags?post=2184"}],"curies":[{"name":"wp","href":"https:\/\/api.w.org\/{rel}","templated":true}]}}