{"id":2034,"date":"2020-02-18T16:49:15","date_gmt":"2020-02-18T15:49:15","guid":{"rendered":"http:\/\/agora.xtec.cat\/ceip-joma\/?p=2034"},"modified":"2020-02-18T16:49:15","modified_gmt":"2020-02-18T15:49:15","slug":"els-de-3r-hem-anat-a-lexposicio-la-forca-de-laigua","status":"publish","type":"post","link":"https:\/\/agora.xtec.cat\/ceip-joma\/portada\/els-de-3r-hem-anat-a-lexposicio-la-forca-de-laigua\/","title":{"rendered":"Els de 3r hem anat a l&#8217;exposici\u00f3 &#8220;La For\u00e7a de l&#8217;Aigua&#8221;"},"content":{"rendered":"<p>&nbsp;<\/p>\n<p><a href=\"https:\/\/agora.xtec.cat\/ceip-joma\/wp-content\/uploads\/usu1530\/2020\/02\/IMG_20200218_095941.jpg\"><img loading=\"lazy\" decoding=\"async\" class=\"alignnone wp-image-2035 size-full\" src=\"https:\/\/agora.xtec.cat\/ceip-joma\/wp-content\/uploads\/usu1530\/2020\/02\/IMG_20200218_095941.jpg\" alt=\"\" width=\"640\" height=\"480\" srcset=\"https:\/\/agora.xtec.cat\/ceip-joma\/wp-content\/uploads\/usu1530\/2020\/02\/IMG_20200218_095941.jpg 640w, https:\/\/agora.xtec.cat\/ceip-joma\/wp-content\/uploads\/usu1530\/2020\/02\/IMG_20200218_095941-300x225.jpg 300w, https:\/\/agora.xtec.cat\/ceip-joma\/wp-content\/uploads\/usu1530\/2020\/02\/IMG_20200218_095941-200x150.jpg 200w\" sizes=\"auto, (max-width: 640px) 100vw, 640px\" \/><\/a><\/p>\n<p>Avui dimarts hem anat a Igualada, al Museu de la Pell, on hem visitat una exposici\u00f3 molt interessant sobre com l&#8217;\u00e9sser hum\u00e0 s&#8217;ho ha fet al llarg de la hist\u00f2ria per transportar i utilitzar l&#8217;aigua. Ens ha interessat molt perqu\u00e8 el nostre projecte gira al voltant d&#8217;aquest tema! Despr\u00e9s hem fet un taller d&#8217;experimentaci\u00f3, en el qual hem filtrat aigua bruta! Sabeu que amb pedretes de diferents mides i sorra podem netejar l&#8217;aigua?<\/p>\n<p><a href=\"https:\/\/photos.app.goo.gl\/zf5FtX3nKoUhU8Y96\">Aqu\u00ed<\/a> teniu algunes fotos de l&#8217;excursi\u00f3.<\/p>\n","protected":false},"excerpt":{"rendered":"<p>&nbsp; Avui dimarts hem anat a Igualada, al Museu de la Pell, on hem visitat una exposici\u00f3 molt interessant sobre com l&#8217;\u00e9sser hum\u00e0 s&#8217;ho ha fet al llarg de la hist\u00f2ria per transportar i utilitzar l&#8217;aigua. Ens ha interessat molt perqu\u00e8 el nostre projecte gira al voltant d&#8217;aquest tema! Despr\u00e9s hem fet un taller d&#8217;experimentaci\u00f3, [&hellip;]<\/p>\n","protected":false},"author":8,"featured_media":0,"comment_status":"open","ping_status":"closed","sticky":false,"template":"","format":"standard","meta":{"_bbp_topic_count":0,"_bbp_reply_count":0,"_bbp_total_topic_count":0,"_bbp_total_reply_count":0,"_bbp_voice_count":0,"_bbp_anonymous_reply_count":0,"_bbp_topic_count_hidden":0,"_bbp_reply_count_hidden":0,"_bbp_forum_subforum_count":0,"site-sidebar-layout":"default","site-content-layout":"","ast-site-content-layout":"","site-content-style":"default","site-sidebar-style":"default","ast-global-header-display":"","ast-banner-title-visibility":"","ast-main-header-display":"","ast-hfb-above-header-display":"","ast-hfb-below-header-display":"","ast-hfb-mobile-header-display":"","site-post-title":"","ast-breadcrumbs-content":"","ast-featured-img":"","footer-sml-layout":"","theme-transparent-header-meta":"","adv-header-id-meta":"","stick-header-meta":"","header-above-stick-meta":"","header-main-stick-meta":"","header-below-stick-meta":"","astra-migrate-meta-layouts":"default","ast-page-background-enabled":"default","ast-page-background-meta":{"desktop":{"background-color":"var(--ast-global-color-4)","background-image":"","background-repeat":"repeat","background-position":"center center","background-size":"auto","background-attachment":"scroll","background-type":"","background-media":"","overlay-type":"","overlay-color":"","overlay-opacity":"","overlay-gradient":""},"tablet":{"background-color":"","background-image":"","background-repeat":"repeat","background-position":"center center","background-size":"auto","background-attachment":"scroll","background-type":"","background-media":"","overlay-type":"","overlay-color":"","overlay-opacity":"","overlay-gradient":""},"mobile":{"background-color":"","background-image":"","background-repeat":"repeat","background-position":"center center","background-size":"auto","background-attachment":"scroll","background-type":"","background-media":"","overlay-type":"","overlay-color":"","overlay-opacity":"","overlay-gradient":""}},"ast-content-background-meta":{"desktop":{"background-color":"var(--ast-global-color-5)","background-image":"","background-repeat":"repeat","background-position":"center center","background-size":"auto","background-attachment":"scroll","background-type":"","background-media":"","overlay-type":"","overlay-color":"","overlay-opacity":"","overlay-gradient":""},"tablet":{"background-color":"var(--ast-global-color-5)","background-image":"","background-repeat":"repeat","background-position":"center center","background-size":"auto","background-attachment":"scroll","background-type":"","background-media":"","overlay-type":"","overlay-color":"","overlay-opacity":"","overlay-gradient":""},"mobile":{"background-color":"var(--ast-global-color-5)","background-image":"","background-repeat":"repeat","background-position":"center center","background-size":"auto","background-attachment":"scroll","background-type":"","background-media":"","overlay-type":"","overlay-color":"","overlay-opacity":"","overlay-gradient":""}},"footnotes":""},"categories":[97,4],"tags":[],"class_list":["post-2034","post","type-post","status-publish","format-standard","hentry","category-cm-portada","category-portada"],"post_mailing_queue_ids":[],"_links":{"self":[{"href":"https:\/\/agora.xtec.cat\/ceip-joma\/wp-json\/wp\/v2\/posts\/2034","targetHints":{"allow":["GET"]}}],"collection":[{"href":"https:\/\/agora.xtec.cat\/ceip-joma\/wp-json\/wp\/v2\/posts"}],"about":[{"href":"https:\/\/agora.xtec.cat\/ceip-joma\/wp-json\/wp\/v2\/types\/post"}],"author":[{"embeddable":true,"href":"https:\/\/agora.xtec.cat\/ceip-joma\/wp-json\/wp\/v2\/users\/8"}],"replies":[{"embeddable":true,"href":"https:\/\/agora.xtec.cat\/ceip-joma\/wp-json\/wp\/v2\/comments?post=2034"}],"version-history":[{"count":1,"href":"https:\/\/agora.xtec.cat\/ceip-joma\/wp-json\/wp\/v2\/posts\/2034\/revisions"}],"predecessor-version":[{"id":2036,"href":"https:\/\/agora.xtec.cat\/ceip-joma\/wp-json\/wp\/v2\/posts\/2034\/revisions\/2036"}],"wp:attachment":[{"href":"https:\/\/agora.xtec.cat\/ceip-joma\/wp-json\/wp\/v2\/media?parent=2034"}],"wp:term":[{"taxonomy":"category","embeddable":true,"href":"https:\/\/agora.xtec.cat\/ceip-joma\/wp-json\/wp\/v2\/categories?post=2034"},{"taxonomy":"post_tag","embeddable":true,"href":"https:\/\/agora.xtec.cat\/ceip-joma\/wp-json\/wp\/v2\/tags?post=2034"}],"curies":[{"name":"wp","href":"https:\/\/api.w.org\/{rel}","templated":true}]}}