{"id":1930,"date":"2019-12-19T15:55:20","date_gmt":"2019-12-19T14:55:20","guid":{"rendered":"http:\/\/agora.xtec.cat\/ceip-joma\/?p=1930"},"modified":"2020-02-07T11:53:40","modified_gmt":"2020-02-07T10:53:40","slug":"projecte-de-josep-masclans-a-la-comunitat-dels-grans","status":"publish","type":"post","link":"https:\/\/agora.xtec.cat\/ceip-joma\/antiga-general\/projecte-de-josep-masclans-a-la-comunitat-dels-grans\/","title":{"rendered":"PROJECTE DE JOSEP MASCLANS A LA COMUNITAT DELS GRANS"},"content":{"rendered":"<p>&nbsp;<\/p>\n<p>Durant el primer trimestre hem estat realitzant un projecte de Josep Masclans a la Comunitat dels grans. Hem fet aquest projecte per con\u00e8ixer una mica m\u00e9s l&#8217;origen del nom de l&#8217;escola i d&#8217;aquest mestre que tanta petjada va deixar en l&#8217;escola i en el poble.<\/p>\n<p>En grups cooperatius, hem treballat diferents aspectes relacionats amb la vida i \u00e8poca hist\u00f2rica en la qual va viure aquest mestre. Hem comparat la Vallbona de la seva \u00e8poca i l&#8217;escola amb les de l&#8217;actualitat i hem aprofundit amb els diferents per\u00edodes hist\u00f2rics de la seva vida (dictadures, guerra civil, guerres mundials&#8230;). Tamb\u00e9 hem fet el recorregut de &#8220;Vallbona parada i fonda&#8221; per con\u00e8ixer una mica m\u00e9s la hist\u00f2ria del poble. Finalment, hem fet una entrevista a l&#8217;arxiver municipal que ens ha dut documentaci\u00f3, fotografies i ens ha proporcionat m\u00e9s informaci\u00f3 de Josep Masclans.<\/p>\n<p>Tot aix\u00f2 ha concluit amb una exposici\u00f3 final dels diferents grups de treball que podreu veure a continuaci\u00f3.<\/p>\n<p>Ha estat un treball interessant i hem apr\u00e8s molt sobre Vallbona i sobre el mestre Josep Masclans.<\/p>\n<p>https:\/\/youtu.be\/mShi5DnsuWo<\/p>\n<p>https:\/\/youtu.be\/mcYnoRsrdrQ<\/p>\n<p>https:\/\/youtu.be\/EF0-pKNBsus<\/p>\n<p>https:\/\/youtu.be\/MlpXnhAVguo<\/p>\n<p>https:\/\/youtu.be\/z5VLnUY5Jts<\/p>\n<p>https:\/\/youtu.be\/d6CQ8TnZxNw<\/p>\n<p>https:\/\/youtu.be\/2U8qSseLX2U<\/p>\n<p>https:\/\/youtu.be\/QoeKCMX6z_Y<\/p>\n<p>https:\/\/youtu.be\/z5VLnUY5Jts<\/p>\n<p>https:\/\/youtu.be\/RT52Q_lDb-A<\/p>\n<p>https:\/\/youtu.be\/OHwndF8N6Aw<\/p>\n<p>&nbsp;<\/p>\n","protected":false},"excerpt":{"rendered":"<p>&nbsp; Durant el primer trimestre hem estat realitzant un projecte de Josep Masclans a la Comunitat dels grans. Hem fet aquest projecte per con\u00e8ixer una mica m\u00e9s l&#8217;origen del nom de l&#8217;escola i d&#8217;aquest mestre que tanta petjada va deixar en l&#8217;escola i en el poble. En grups cooperatius, hem treballat diferents aspectes relacionats amb [&hellip;]<\/p>\n","protected":false},"author":8,"featured_media":1932,"comment_status":"open","ping_status":"closed","sticky":false,"template":"","format":"standard","meta":{"_bbp_topic_count":0,"_bbp_reply_count":0,"_bbp_total_topic_count":0,"_bbp_total_reply_count":0,"_bbp_voice_count":0,"_bbp_anonymous_reply_count":0,"_bbp_topic_count_hidden":0,"_bbp_reply_count_hidden":0,"_bbp_forum_subforum_count":0,"site-sidebar-layout":"default","site-content-layout":"","ast-site-content-layout":"","site-content-style":"default","site-sidebar-style":"default","ast-global-header-display":"","ast-banner-title-visibility":"","ast-main-header-display":"","ast-hfb-above-header-display":"","ast-hfb-below-header-display":"","ast-hfb-mobile-header-display":"","site-post-title":"","ast-breadcrumbs-content":"","ast-featured-img":"","footer-sml-layout":"","theme-transparent-header-meta":"","adv-header-id-meta":"","stick-header-meta":"","header-above-stick-meta":"","header-main-stick-meta":"","header-below-stick-meta":"","astra-migrate-meta-layouts":"default","ast-page-background-enabled":"default","ast-page-background-meta":{"desktop":{"background-color":"var(--ast-global-color-4)","background-image":"","background-repeat":"repeat","background-position":"center center","background-size":"auto","background-attachment":"scroll","background-type":"","background-media":"","overlay-type":"","overlay-color":"","overlay-opacity":"","overlay-gradient":""},"tablet":{"background-color":"","background-image":"","background-repeat":"repeat","background-position":"center center","background-size":"auto","background-attachment":"scroll","background-type":"","background-media":"","overlay-type":"","overlay-color":"","overlay-opacity":"","overlay-gradient":""},"mobile":{"background-color":"","background-image":"","background-repeat":"repeat","background-position":"center center","background-size":"auto","background-attachment":"scroll","background-type":"","background-media":"","overlay-type":"","overlay-color":"","overlay-opacity":"","overlay-gradient":""}},"ast-content-background-meta":{"desktop":{"background-color":"var(--ast-global-color-5)","background-image":"","background-repeat":"repeat","background-position":"center center","background-size":"auto","background-attachment":"scroll","background-type":"","background-media":"","overlay-type":"","overlay-color":"","overlay-opacity":"","overlay-gradient":""},"tablet":{"background-color":"var(--ast-global-color-5)","background-image":"","background-repeat":"repeat","background-position":"center center","background-size":"auto","background-attachment":"scroll","background-type":"","background-media":"","overlay-type":"","overlay-color":"","overlay-opacity":"","overlay-gradient":""},"mobile":{"background-color":"var(--ast-global-color-5)","background-image":"","background-repeat":"repeat","background-position":"center center","background-size":"auto","background-attachment":"scroll","background-type":"","background-media":"","overlay-type":"","overlay-color":"","overlay-opacity":"","overlay-gradient":""}},"footnotes":""},"categories":[1,98,4],"tags":[],"class_list":["post-1930","post","type-post","status-publish","format-standard","has-post-thumbnail","hentry","category-antiga-general","category-cg","category-portada"],"post_mailing_queue_ids":[],"_links":{"self":[{"href":"https:\/\/agora.xtec.cat\/ceip-joma\/wp-json\/wp\/v2\/posts\/1930","targetHints":{"allow":["GET"]}}],"collection":[{"href":"https:\/\/agora.xtec.cat\/ceip-joma\/wp-json\/wp\/v2\/posts"}],"about":[{"href":"https:\/\/agora.xtec.cat\/ceip-joma\/wp-json\/wp\/v2\/types\/post"}],"author":[{"embeddable":true,"href":"https:\/\/agora.xtec.cat\/ceip-joma\/wp-json\/wp\/v2\/users\/8"}],"replies":[{"embeddable":true,"href":"https:\/\/agora.xtec.cat\/ceip-joma\/wp-json\/wp\/v2\/comments?post=1930"}],"version-history":[{"count":3,"href":"https:\/\/agora.xtec.cat\/ceip-joma\/wp-json\/wp\/v2\/posts\/1930\/revisions"}],"predecessor-version":[{"id":2009,"href":"https:\/\/agora.xtec.cat\/ceip-joma\/wp-json\/wp\/v2\/posts\/1930\/revisions\/2009"}],"wp:featuredmedia":[{"embeddable":true,"href":"https:\/\/agora.xtec.cat\/ceip-joma\/wp-json\/wp\/v2\/media\/1932"}],"wp:attachment":[{"href":"https:\/\/agora.xtec.cat\/ceip-joma\/wp-json\/wp\/v2\/media?parent=1930"}],"wp:term":[{"taxonomy":"category","embeddable":true,"href":"https:\/\/agora.xtec.cat\/ceip-joma\/wp-json\/wp\/v2\/categories?post=1930"},{"taxonomy":"post_tag","embeddable":true,"href":"https:\/\/agora.xtec.cat\/ceip-joma\/wp-json\/wp\/v2\/tags?post=1930"}],"curies":[{"name":"wp","href":"https:\/\/api.w.org\/{rel}","templated":true}]}}