{"id":1805,"date":"2019-10-07T10:30:37","date_gmt":"2019-10-07T08:30:37","guid":{"rendered":"http:\/\/agora.xtec.cat\/ceip-joma\/?p=1805"},"modified":"2019-10-07T13:50:49","modified_gmt":"2019-10-07T11:50:49","slug":"es-posa-en-marxa-el-%e2%99%aamusic-corner%e2%99%aa","status":"publish","type":"post","link":"https:\/\/agora.xtec.cat\/ceip-joma\/portada\/cg\/es-posa-en-marxa-el-%e2%99%aamusic-corner%e2%99%aa\/","title":{"rendered":"EN MARXA EL \u266aMUSIC CORNER\u266a"},"content":{"rendered":"<p>Aquest curs la Comunitat de Grans realitzaran un projecte de m\u00fasica. Cada setmana un alumne de cada curs triar\u00e0 quina can\u00e7\u00f3 sonar\u00e0 a l&#8217;escola.<\/p>\n<ul>\n<li><strong>Quart:<\/strong> Treballar\u00e0 la <strong>m\u00fasica catalana.<\/strong><\/li>\n<li><strong>Cinqu\u00e8:<\/strong> Investigar\u00e0 al voltant dels <strong>estils musicals.<\/strong><\/li>\n<li><strong>Sis\u00e8:<\/strong> Indagar\u00e0 la m\u00fasica del<strong> segle XXI.<\/strong><\/li>\n<\/ul>\n<p>Podreu trobar els seus treballs al &#8220;music corner&#8221; de l&#8217;entrada de l&#8217;escola.<\/p>\n<p><a href=\"https:\/\/agora.xtec.cat\/ceip-joma\/wp-content\/uploads\/usu1530\/2019\/10\/IMG_20191007_101749.jpg\"><img loading=\"lazy\" decoding=\"async\" class=\"alignnone size-large wp-image-1807\" src=\"https:\/\/agora.xtec.cat\/ceip-joma\/wp-content\/uploads\/usu1530\/2019\/10\/IMG_20191007_101749-1024x646.jpg\" alt=\"\" width=\"1024\" height=\"646\" srcset=\"https:\/\/agora.xtec.cat\/ceip-joma\/wp-content\/uploads\/usu1530\/2019\/10\/IMG_20191007_101749-1024x646.jpg 1024w, https:\/\/agora.xtec.cat\/ceip-joma\/wp-content\/uploads\/usu1530\/2019\/10\/IMG_20191007_101749-300x189.jpg 300w, https:\/\/agora.xtec.cat\/ceip-joma\/wp-content\/uploads\/usu1530\/2019\/10\/IMG_20191007_101749-768x484.jpg 768w, https:\/\/agora.xtec.cat\/ceip-joma\/wp-content\/uploads\/usu1530\/2019\/10\/IMG_20191007_101749.jpg 1776w\" sizes=\"auto, (max-width: 1024px) 100vw, 1024px\" \/><\/a><\/p>\n","protected":false},"excerpt":{"rendered":"<p>Aquest curs la Comunitat de Grans realitzaran un projecte de m\u00fasica. Cada setmana un alumne de cada curs triar\u00e0 quina can\u00e7\u00f3 sonar\u00e0 a l&#8217;escola. Quart: Treballar\u00e0 la m\u00fasica catalana. Cinqu\u00e8: Investigar\u00e0 al voltant dels estils musicals. Sis\u00e8: Indagar\u00e0 la m\u00fasica del segle XXI. Podreu trobar els seus treballs al &#8220;music corner&#8221; de l&#8217;entrada de l&#8217;escola.<\/p>\n","protected":false},"author":19,"featured_media":1807,"comment_status":"open","ping_status":"closed","sticky":false,"template":"","format":"standard","meta":{"_bbp_topic_count":0,"_bbp_reply_count":0,"_bbp_total_topic_count":0,"_bbp_total_reply_count":0,"_bbp_voice_count":0,"_bbp_anonymous_reply_count":0,"_bbp_topic_count_hidden":0,"_bbp_reply_count_hidden":0,"_bbp_forum_subforum_count":0,"site-sidebar-layout":"default","site-content-layout":"","ast-site-content-layout":"","site-content-style":"default","site-sidebar-style":"default","ast-global-header-display":"","ast-banner-title-visibility":"","ast-main-header-display":"","ast-hfb-above-header-display":"","ast-hfb-below-header-display":"","ast-hfb-mobile-header-display":"","site-post-title":"","ast-breadcrumbs-content":"","ast-featured-img":"","footer-sml-layout":"","theme-transparent-header-meta":"","adv-header-id-meta":"","stick-header-meta":"","header-above-stick-meta":"","header-main-stick-meta":"","header-below-stick-meta":"","astra-migrate-meta-layouts":"default","ast-page-background-enabled":"default","ast-page-background-meta":{"desktop":{"background-color":"var(--ast-global-color-4)","background-image":"","background-repeat":"repeat","background-position":"center center","background-size":"auto","background-attachment":"scroll","background-type":"","background-media":"","overlay-type":"","overlay-color":"","overlay-opacity":"","overlay-gradient":""},"tablet":{"background-color":"","background-image":"","background-repeat":"repeat","background-position":"center center","background-size":"auto","background-attachment":"scroll","background-type":"","background-media":"","overlay-type":"","overlay-color":"","overlay-opacity":"","overlay-gradient":""},"mobile":{"background-color":"","background-image":"","background-repeat":"repeat","background-position":"center center","background-size":"auto","background-attachment":"scroll","background-type":"","background-media":"","overlay-type":"","overlay-color":"","overlay-opacity":"","overlay-gradient":""}},"ast-content-background-meta":{"desktop":{"background-color":"var(--ast-global-color-5)","background-image":"","background-repeat":"repeat","background-position":"center center","background-size":"auto","background-attachment":"scroll","background-type":"","background-media":"","overlay-type":"","overlay-color":"","overlay-opacity":"","overlay-gradient":""},"tablet":{"background-color":"var(--ast-global-color-5)","background-image":"","background-repeat":"repeat","background-position":"center center","background-size":"auto","background-attachment":"scroll","background-type":"","background-media":"","overlay-type":"","overlay-color":"","overlay-opacity":"","overlay-gradient":""},"mobile":{"background-color":"var(--ast-global-color-5)","background-image":"","background-repeat":"repeat","background-position":"center center","background-size":"auto","background-attachment":"scroll","background-type":"","background-media":"","overlay-type":"","overlay-color":"","overlay-opacity":"","overlay-gradient":""}},"footnotes":""},"categories":[98],"tags":[],"class_list":["post-1805","post","type-post","status-publish","format-standard","has-post-thumbnail","hentry","category-cg"],"post_mailing_queue_ids":[],"_links":{"self":[{"href":"https:\/\/agora.xtec.cat\/ceip-joma\/wp-json\/wp\/v2\/posts\/1805","targetHints":{"allow":["GET"]}}],"collection":[{"href":"https:\/\/agora.xtec.cat\/ceip-joma\/wp-json\/wp\/v2\/posts"}],"about":[{"href":"https:\/\/agora.xtec.cat\/ceip-joma\/wp-json\/wp\/v2\/types\/post"}],"author":[{"embeddable":true,"href":"https:\/\/agora.xtec.cat\/ceip-joma\/wp-json\/wp\/v2\/users\/19"}],"replies":[{"embeddable":true,"href":"https:\/\/agora.xtec.cat\/ceip-joma\/wp-json\/wp\/v2\/comments?post=1805"}],"version-history":[{"count":3,"href":"https:\/\/agora.xtec.cat\/ceip-joma\/wp-json\/wp\/v2\/posts\/1805\/revisions"}],"predecessor-version":[{"id":1809,"href":"https:\/\/agora.xtec.cat\/ceip-joma\/wp-json\/wp\/v2\/posts\/1805\/revisions\/1809"}],"wp:featuredmedia":[{"embeddable":true,"href":"https:\/\/agora.xtec.cat\/ceip-joma\/wp-json\/wp\/v2\/media\/1807"}],"wp:attachment":[{"href":"https:\/\/agora.xtec.cat\/ceip-joma\/wp-json\/wp\/v2\/media?parent=1805"}],"wp:term":[{"taxonomy":"category","embeddable":true,"href":"https:\/\/agora.xtec.cat\/ceip-joma\/wp-json\/wp\/v2\/categories?post=1805"},{"taxonomy":"post_tag","embeddable":true,"href":"https:\/\/agora.xtec.cat\/ceip-joma\/wp-json\/wp\/v2\/tags?post=1805"}],"curies":[{"name":"wp","href":"https:\/\/api.w.org\/{rel}","templated":true}]}}