{"id":1746,"date":"2019-09-24T13:59:55","date_gmt":"2019-09-24T11:59:55","guid":{"rendered":"http:\/\/agora.xtec.cat\/ceip-joma\/?p=1746"},"modified":"2019-09-24T20:46:32","modified_gmt":"2019-09-24T18:46:32","slug":"actuacions-a-lescola-contra-lemergencia-climatica","status":"publish","type":"post","link":"https:\/\/agora.xtec.cat\/ceip-joma\/antiga-general\/actuacions-a-lescola-contra-lemergencia-climatica\/","title":{"rendered":"Actuacions a l&#8217;escola per l&#8217;emerg\u00e8ncia clim\u00e0tica"},"content":{"rendered":"<p>Fa molt temps que el planeta Terra ha entrat en fase d\u2019emerg\u00e8ncia clim\u00e0tica. Aix\u00ed que des de l&#8217;escola ens sumem a diferents iniciatives en suport a les Mobilitzacions Mundials per l&#8217;Emerg\u00e8ncia Clim\u00e0tica.<\/p>\n<ul>\n<li><strong>Dimecres 25:<\/strong> Projectarem diversos metratges sobre el medi ambient.<\/li>\n<li><strong>Dijous 26:<\/strong> Realitzarem Cartells pel Clima.<\/li>\n<li><strong>Divendres 27:<\/strong> Vindrem amb <strong>samarretes verdes, blaves o marrons<\/strong> a l&#8217;escola.<br \/>\nA les 12h, l&#8217;escola i l&#8217;institut farem una<strong> marxa per tota la vila<\/strong> amb els Cartells pel Clima en suport a la Manifestaci\u00f3 de la Vaga Mundial pel Clima.<\/li>\n<\/ul>\n<p style=\"text-align: center;\">Quedeu tots convidats a adherir-vos a la marxa del divendres!<a href=\"https:\/\/agora.xtec.cat\/ceip-joma\/wp-content\/uploads\/usu1530\/2019\/09\/emergencia-climatica-cartel-300x210.jpg\"><img loading=\"lazy\" decoding=\"async\" class=\"size-full wp-image-1747 aligncenter\" src=\"https:\/\/agora.xtec.cat\/ceip-joma\/wp-content\/uploads\/usu1530\/2019\/09\/emergencia-climatica-cartel-300x210.jpg\" alt=\"\" width=\"300\" height=\"210\" \/><\/a>Mestres de l&#8217;escola<\/p>\n","protected":false},"excerpt":{"rendered":"<p>Fa molt temps que el planeta Terra ha entrat en fase d\u2019emerg\u00e8ncia clim\u00e0tica. Aix\u00ed que des de l&#8217;escola ens sumem a diferents iniciatives en suport a les Mobilitzacions Mundials per l&#8217;Emerg\u00e8ncia Clim\u00e0tica. Dimecres 25: Projectarem diversos metratges sobre el medi ambient. Dijous 26: Realitzarem Cartells pel Clima. Divendres 27: Vindrem amb samarretes verdes, blaves o [&hellip;]<\/p>\n","protected":false},"author":19,"featured_media":1747,"comment_status":"open","ping_status":"closed","sticky":false,"template":"","format":"standard","meta":{"_bbp_topic_count":0,"_bbp_reply_count":0,"_bbp_total_topic_count":0,"_bbp_total_reply_count":0,"_bbp_voice_count":0,"_bbp_anonymous_reply_count":0,"_bbp_topic_count_hidden":0,"_bbp_reply_count_hidden":0,"_bbp_forum_subforum_count":0,"site-sidebar-layout":"default","site-content-layout":"","ast-site-content-layout":"","site-content-style":"default","site-sidebar-style":"default","ast-global-header-display":"","ast-banner-title-visibility":"","ast-main-header-display":"","ast-hfb-above-header-display":"","ast-hfb-below-header-display":"","ast-hfb-mobile-header-display":"","site-post-title":"","ast-breadcrumbs-content":"","ast-featured-img":"","footer-sml-layout":"","theme-transparent-header-meta":"","adv-header-id-meta":"","stick-header-meta":"","header-above-stick-meta":"","header-main-stick-meta":"","header-below-stick-meta":"","astra-migrate-meta-layouts":"default","ast-page-background-enabled":"default","ast-page-background-meta":{"desktop":{"background-color":"var(--ast-global-color-4)","background-image":"","background-repeat":"repeat","background-position":"center center","background-size":"auto","background-attachment":"scroll","background-type":"","background-media":"","overlay-type":"","overlay-color":"","overlay-opacity":"","overlay-gradient":""},"tablet":{"background-color":"","background-image":"","background-repeat":"repeat","background-position":"center center","background-size":"auto","background-attachment":"scroll","background-type":"","background-media":"","overlay-type":"","overlay-color":"","overlay-opacity":"","overlay-gradient":""},"mobile":{"background-color":"","background-image":"","background-repeat":"repeat","background-position":"center center","background-size":"auto","background-attachment":"scroll","background-type":"","background-media":"","overlay-type":"","overlay-color":"","overlay-opacity":"","overlay-gradient":""}},"ast-content-background-meta":{"desktop":{"background-color":"var(--ast-global-color-5)","background-image":"","background-repeat":"repeat","background-position":"center center","background-size":"auto","background-attachment":"scroll","background-type":"","background-media":"","overlay-type":"","overlay-color":"","overlay-opacity":"","overlay-gradient":""},"tablet":{"background-color":"var(--ast-global-color-5)","background-image":"","background-repeat":"repeat","background-position":"center center","background-size":"auto","background-attachment":"scroll","background-type":"","background-media":"","overlay-type":"","overlay-color":"","overlay-opacity":"","overlay-gradient":""},"mobile":{"background-color":"var(--ast-global-color-5)","background-image":"","background-repeat":"repeat","background-position":"center center","background-size":"auto","background-attachment":"scroll","background-type":"","background-media":"","overlay-type":"","overlay-color":"","overlay-opacity":"","overlay-gradient":""}},"footnotes":""},"categories":[63,1,4],"tags":[],"class_list":["post-1746","post","type-post","status-publish","format-standard","has-post-thumbnail","hentry","category-activescola","category-antiga-general","category-portada"],"post_mailing_queue_ids":[],"_links":{"self":[{"href":"https:\/\/agora.xtec.cat\/ceip-joma\/wp-json\/wp\/v2\/posts\/1746","targetHints":{"allow":["GET"]}}],"collection":[{"href":"https:\/\/agora.xtec.cat\/ceip-joma\/wp-json\/wp\/v2\/posts"}],"about":[{"href":"https:\/\/agora.xtec.cat\/ceip-joma\/wp-json\/wp\/v2\/types\/post"}],"author":[{"embeddable":true,"href":"https:\/\/agora.xtec.cat\/ceip-joma\/wp-json\/wp\/v2\/users\/19"}],"replies":[{"embeddable":true,"href":"https:\/\/agora.xtec.cat\/ceip-joma\/wp-json\/wp\/v2\/comments?post=1746"}],"version-history":[{"count":3,"href":"https:\/\/agora.xtec.cat\/ceip-joma\/wp-json\/wp\/v2\/posts\/1746\/revisions"}],"predecessor-version":[{"id":1752,"href":"https:\/\/agora.xtec.cat\/ceip-joma\/wp-json\/wp\/v2\/posts\/1746\/revisions\/1752"}],"wp:featuredmedia":[{"embeddable":true,"href":"https:\/\/agora.xtec.cat\/ceip-joma\/wp-json\/wp\/v2\/media\/1747"}],"wp:attachment":[{"href":"https:\/\/agora.xtec.cat\/ceip-joma\/wp-json\/wp\/v2\/media?parent=1746"}],"wp:term":[{"taxonomy":"category","embeddable":true,"href":"https:\/\/agora.xtec.cat\/ceip-joma\/wp-json\/wp\/v2\/categories?post=1746"},{"taxonomy":"post_tag","embeddable":true,"href":"https:\/\/agora.xtec.cat\/ceip-joma\/wp-json\/wp\/v2\/tags?post=1746"}],"curies":[{"name":"wp","href":"https:\/\/api.w.org\/{rel}","templated":true}]}}