{"id":1709,"date":"2019-09-01T20:25:21","date_gmt":"2019-09-01T18:25:21","guid":{"rendered":"http:\/\/agora.xtec.cat\/ceip-joma\/?p=1709"},"modified":"2019-09-13T09:35:30","modified_gmt":"2019-09-13T07:35:30","slug":"lescola-participa-en-un-nou-projecte-erasmus","status":"publish","type":"post","link":"https:\/\/agora.xtec.cat\/ceip-joma\/portada\/lescola-participa-en-un-nou-projecte-erasmus\/","title":{"rendered":"L\u00b4ESCOLA PARTICIPA EN UN NOU PROJECTE ERASMUS+"},"content":{"rendered":"<p><a href=\"https:\/\/agora.xtec.cat\/ceip-joma\/wp-content\/uploads\/usu1530\/2019\/09\/Sin-t\u00edtulo.jpg\"><img loading=\"lazy\" decoding=\"async\" class=\"wp-image-1710 aligncenter\" src=\"https:\/\/agora.xtec.cat\/ceip-joma\/wp-content\/uploads\/usu1530\/2019\/09\/Sin-t\u00edtulo.jpg\" alt=\"\" width=\"239\" height=\"81\" srcset=\"https:\/\/agora.xtec.cat\/ceip-joma\/wp-content\/uploads\/usu1530\/2019\/09\/Sin-t\u00edtulo.jpg 530w, https:\/\/agora.xtec.cat\/ceip-joma\/wp-content\/uploads\/usu1530\/2019\/09\/Sin-t\u00edtulo-300x102.jpg 300w\" sizes=\"auto, (max-width: 239px) 100vw, 239px\" \/><\/a><\/p>\n<p>Benvolgudes fam\u00edlies,<\/p>\n<p>ens alegra enormement informar-vos que durant el mes de juliol ens han tornat a concedir un nou projecte ERASMUS+ financiat per la Comissi\u00f3 Europea. Aquest projecte tindr\u00e0 una durada de dos anys i hi participaran tots els nostres alumnes junt amb alumnes d\u00b4escoles de B\u00e8lgica, Lituania i Let\u00f2nia. Treballarem al voltant del patrimoni art\u00edstic europeu, centrant-nos en un autor de cada pa\u00eds participant. Nosaltres farem con\u00e8ixer Gaud\u00ed als alumnes dels nostres pa\u00efsos socis i coneixerem artistes com Ren\u00e9 Magritte de B\u00e8lgica, M.K. Ciurlionis de Lituania i E. Palmatniece de Let\u00f2nia.<\/p>\n<p>Durant aquest mes d\u00b4octubre ja tindrem una primera trobada a la nostra escola\u00a0 amb mestres d\u00b4aquests pa\u00efsos per formar-nos sobre l\u00b4\u00fas de la plataforma E-twinning i comen\u00e7ar a planificar totes les activitats que es portaran a terme durant el primer trimestre. Durant la durada del projecte anirem fent trobades de mestres en cada un dels pa\u00efsos participants ,\u00a0 al mateix temps que\u00a0 farem mobilitats amb alumnes que estaran acollits en fam\u00edlies durant els dies que duri la mobilitat. Aquests alumnes faran activitats conjuntes en cada una de les escoles que visitarem.<\/p>\n<p>En les reunions d\u00b4inici de curs i altres que tindrem posteriorment us anirem informant de totes les actuacions i activitats que portarem a terme . L\u00b4angl\u00e8s ser\u00e0 la llengua de comunicaci\u00f3 entre els mestres i alumnes . La vostra col.laboraci\u00f3 ser\u00e0 indispensable per aconseguir amb \u00e8xit els objectius que ens hem proposat.<\/p>\n<p>Comptem amb tots vosaltres.<\/p>\n","protected":false},"excerpt":{"rendered":"<p>Benvolgudes fam\u00edlies, ens alegra enormement informar-vos que durant el mes de juliol ens han tornat a concedir un nou projecte ERASMUS+ financiat per la Comissi\u00f3 Europea. Aquest projecte tindr\u00e0 una durada de dos anys i hi participaran tots els nostres alumnes junt amb alumnes d\u00b4escoles de B\u00e8lgica, Lituania i Let\u00f2nia. Treballarem al voltant del patrimoni [&hellip;]<\/p>\n","protected":false},"author":9,"featured_media":1710,"comment_status":"open","ping_status":"closed","sticky":false,"template":"","format":"standard","meta":{"_bbp_topic_count":0,"_bbp_reply_count":0,"_bbp_total_topic_count":0,"_bbp_total_reply_count":0,"_bbp_voice_count":0,"_bbp_anonymous_reply_count":0,"_bbp_topic_count_hidden":0,"_bbp_reply_count_hidden":0,"_bbp_forum_subforum_count":0,"site-sidebar-layout":"default","site-content-layout":"","ast-site-content-layout":"","site-content-style":"default","site-sidebar-style":"default","ast-global-header-display":"","ast-banner-title-visibility":"","ast-main-header-display":"","ast-hfb-above-header-display":"","ast-hfb-below-header-display":"","ast-hfb-mobile-header-display":"","site-post-title":"","ast-breadcrumbs-content":"","ast-featured-img":"","footer-sml-layout":"","theme-transparent-header-meta":"","adv-header-id-meta":"","stick-header-meta":"","header-above-stick-meta":"","header-main-stick-meta":"","header-below-stick-meta":"","astra-migrate-meta-layouts":"default","ast-page-background-enabled":"default","ast-page-background-meta":{"desktop":{"background-color":"var(--ast-global-color-4)","background-image":"","background-repeat":"repeat","background-position":"center center","background-size":"auto","background-attachment":"scroll","background-type":"","background-media":"","overlay-type":"","overlay-color":"","overlay-opacity":"","overlay-gradient":""},"tablet":{"background-color":"","background-image":"","background-repeat":"repeat","background-position":"center center","background-size":"auto","background-attachment":"scroll","background-type":"","background-media":"","overlay-type":"","overlay-color":"","overlay-opacity":"","overlay-gradient":""},"mobile":{"background-color":"","background-image":"","background-repeat":"repeat","background-position":"center center","background-size":"auto","background-attachment":"scroll","background-type":"","background-media":"","overlay-type":"","overlay-color":"","overlay-opacity":"","overlay-gradient":""}},"ast-content-background-meta":{"desktop":{"background-color":"var(--ast-global-color-5)","background-image":"","background-repeat":"repeat","background-position":"center center","background-size":"auto","background-attachment":"scroll","background-type":"","background-media":"","overlay-type":"","overlay-color":"","overlay-opacity":"","overlay-gradient":""},"tablet":{"background-color":"var(--ast-global-color-5)","background-image":"","background-repeat":"repeat","background-position":"center center","background-size":"auto","background-attachment":"scroll","background-type":"","background-media":"","overlay-type":"","overlay-color":"","overlay-opacity":"","overlay-gradient":""},"mobile":{"background-color":"var(--ast-global-color-5)","background-image":"","background-repeat":"repeat","background-position":"center center","background-size":"auto","background-attachment":"scroll","background-type":"","background-media":"","overlay-type":"","overlay-color":"","overlay-opacity":"","overlay-gradient":""}},"footnotes":""},"categories":[63,4],"tags":[],"class_list":["post-1709","post","type-post","status-publish","format-standard","has-post-thumbnail","hentry","category-activescola","category-portada"],"post_mailing_queue_ids":[],"_links":{"self":[{"href":"https:\/\/agora.xtec.cat\/ceip-joma\/wp-json\/wp\/v2\/posts\/1709","targetHints":{"allow":["GET"]}}],"collection":[{"href":"https:\/\/agora.xtec.cat\/ceip-joma\/wp-json\/wp\/v2\/posts"}],"about":[{"href":"https:\/\/agora.xtec.cat\/ceip-joma\/wp-json\/wp\/v2\/types\/post"}],"author":[{"embeddable":true,"href":"https:\/\/agora.xtec.cat\/ceip-joma\/wp-json\/wp\/v2\/users\/9"}],"replies":[{"embeddable":true,"href":"https:\/\/agora.xtec.cat\/ceip-joma\/wp-json\/wp\/v2\/comments?post=1709"}],"version-history":[{"count":2,"href":"https:\/\/agora.xtec.cat\/ceip-joma\/wp-json\/wp\/v2\/posts\/1709\/revisions"}],"predecessor-version":[{"id":1713,"href":"https:\/\/agora.xtec.cat\/ceip-joma\/wp-json\/wp\/v2\/posts\/1709\/revisions\/1713"}],"wp:featuredmedia":[{"embeddable":true,"href":"https:\/\/agora.xtec.cat\/ceip-joma\/wp-json\/wp\/v2\/media\/1710"}],"wp:attachment":[{"href":"https:\/\/agora.xtec.cat\/ceip-joma\/wp-json\/wp\/v2\/media?parent=1709"}],"wp:term":[{"taxonomy":"category","embeddable":true,"href":"https:\/\/agora.xtec.cat\/ceip-joma\/wp-json\/wp\/v2\/categories?post=1709"},{"taxonomy":"post_tag","embeddable":true,"href":"https:\/\/agora.xtec.cat\/ceip-joma\/wp-json\/wp\/v2\/tags?post=1709"}],"curies":[{"name":"wp","href":"https:\/\/api.w.org\/{rel}","templated":true}]}}