{"id":1356,"date":"2019-03-12T09:41:47","date_gmt":"2019-03-12T08:41:47","guid":{"rendered":"http:\/\/agora.xtec.cat\/ceip-joaquim-blume\/?p=1356"},"modified":"2019-03-27T08:47:00","modified_gmt":"2019-03-27T07:47:00","slug":"fem-experiments-amb-els-matematics-del-crm","status":"publish","type":"post","link":"https:\/\/agora.xtec.cat\/ceip-joaquim-blume\/general\/fem-experiments-amb-els-matematics-del-crm\/","title":{"rendered":"FEM EXPERIMENTS AMB ELS INVESTIGADORS DEL CRM"},"content":{"rendered":"<p>El dimecres 6 de maig van venir a la nostra escola la Patricia, el Tim, el Klaus i el V\u00edctor, que s\u00f3n investigadors al Centre de Recerca Matem\u00e0tica. Ens van ajudar amb els nostres projectes i vam fer uns experiments molt interessants.<\/p>\n<p><img loading=\"lazy\" decoding=\"async\" class=\"size-medium wp-image-1358 aligncenter\" src=\"https:\/\/agora.xtec.cat\/ceip-joaquim-blume\/wp-content\/uploads\/usu1577\/2019\/03\/IMG_3520-300x225.jpg\" alt=\"\" width=\"300\" height=\"225\" srcset=\"https:\/\/agora.xtec.cat\/ceip-joaquim-blume\/wp-content\/uploads\/usu1577\/2019\/03\/IMG_3520-300x225.jpg 300w, https:\/\/agora.xtec.cat\/ceip-joaquim-blume\/wp-content\/uploads\/usu1577\/2019\/03\/IMG_3520-768x576.jpg 768w, https:\/\/agora.xtec.cat\/ceip-joaquim-blume\/wp-content\/uploads\/usu1577\/2019\/03\/IMG_3520-1024x768.jpg 1024w, https:\/\/agora.xtec.cat\/ceip-joaquim-blume\/wp-content\/uploads\/usu1577\/2019\/03\/IMG_3520-200x150.jpg 200w\" sizes=\"auto, (max-width: 300px) 100vw, 300px\" \/><\/p>\n<p>La Patricia va ajudar als nens i nenes de primer A a descobrir <a href=\"https:\/\/sites.google.com\/a\/xtec.cat\/cicle-inicial-escola-joaquim-blume\/activitats-primer\/com-afecta-la-temperatura\">com ens afecta la temperatura.<\/a> A primer B, el Tim va fer un experiment per aprendre <a href=\"https:\/\/sites.google.com\/a\/xtec.cat\/cicle-inicial-escola-joaquim-blume\/visita-del-tim\">per qu\u00e8 surem m\u00e9s a la mar<\/a>. El Klaus va anar amb els nens i nenes de tercer B a <a href=\"https:\/\/sites.google.com\/a\/xtec.cat\/cicle-mitja-escola-joaquim-blume\/activitats-tercer\/descobrim-la-distancia-de-l-horitzo-amb-el-claus\">calcular la dist\u00e0ncia amb l&#8217;horitz\u00f3<\/a> i el V\u00edctor va col\u00b7laborar al projecte de quart A investigant <a href=\"https:\/\/sites.google.com\/a\/xtec.cat\/cicle-mitja-escola-joaquim-blume\/activitats-quart\/per-qu-hi-ha-pasos-pobres\">per qu\u00e8 hi ha pa\u00efsos rics i pobres<\/a>.<\/p>\n<p><img loading=\"lazy\" decoding=\"async\" class=\"size-medium wp-image-1365 aligncenter\" src=\"https:\/\/agora.xtec.cat\/ceip-joaquim-blume\/wp-content\/uploads\/usu1577\/2019\/03\/af6a1b1d-2630-4284-ac66-5016f6cfc8cc-300x225.jpg\" alt=\"\" width=\"300\" height=\"225\" srcset=\"https:\/\/agora.xtec.cat\/ceip-joaquim-blume\/wp-content\/uploads\/usu1577\/2019\/03\/af6a1b1d-2630-4284-ac66-5016f6cfc8cc-300x225.jpg 300w, https:\/\/agora.xtec.cat\/ceip-joaquim-blume\/wp-content\/uploads\/usu1577\/2019\/03\/af6a1b1d-2630-4284-ac66-5016f6cfc8cc-768x576.jpg 768w, https:\/\/agora.xtec.cat\/ceip-joaquim-blume\/wp-content\/uploads\/usu1577\/2019\/03\/af6a1b1d-2630-4284-ac66-5016f6cfc8cc-1024x768.jpg 1024w, https:\/\/agora.xtec.cat\/ceip-joaquim-blume\/wp-content\/uploads\/usu1577\/2019\/03\/af6a1b1d-2630-4284-ac66-5016f6cfc8cc-200x150.jpg 200w, https:\/\/agora.xtec.cat\/ceip-joaquim-blume\/wp-content\/uploads\/usu1577\/2019\/03\/af6a1b1d-2630-4284-ac66-5016f6cfc8cc.jpg 1600w\" sizes=\"auto, (max-width: 300px) 100vw, 300px\" \/><\/p>\n<p>I ara nosaltres tamb\u00e9 sortim a la p\u00e0gina web del CRM! Mireu la seva <a href=\"http:\/\/www.crm.cat\/en\/Pages\/DetallNoticia.aspx?ItemID=184\">not\u00edcia<\/a>!<\/p>\n","protected":false},"excerpt":{"rendered":"<p>El dimecres 6 de maig van venir a la nostra escola la Patricia, el Tim, el Klaus i el V\u00edctor, que s\u00f3n investigadors al Centre de Recerca Matem\u00e0tica. Ens van ajudar amb els nostres projectes i vam fer uns experiments molt interessants.<\/p>\n<p>La Patricia va ajudar&hellip;  <a href=\"https:\/\/agora.xtec.cat\/ceip-joaquim-blume\/general\/fem-experiments-amb-els-matematics-del-crm\/\" title=\"Read FEM EXPERIMENTS AMB ELS INVESTIGADORS DEL CRM\">Llegeix m\u00e9s\u00bb<\/a><\/p>\n","protected":false},"author":1,"featured_media":1358,"comment_status":"open","ping_status":"closed","sticky":false,"template":"","format":"standard","meta":{"_bbp_topic_count":0,"_bbp_reply_count":0,"_bbp_total_topic_count":0,"_bbp_total_reply_count":0,"_bbp_voice_count":0,"_bbp_anonymous_reply_count":0,"_bbp_topic_count_hidden":0,"_bbp_reply_count_hidden":0,"_bbp_forum_subforum_count":0,"footnotes":""},"categories":[1,94,96,4],"tags":[124,116,85,125],"class_list":["post-1356","post","type-post","status-publish","format-standard","has-post-thumbnail","hentry","category-general","category-magnet","category-magnet-projecte-educatiu","category-portada","tag-crm","tag-curs-2018-2019","tag-magnet","tag-matematiques"],"post_mailing_queue_ids":[],"_links":{"self":[{"href":"https:\/\/agora.xtec.cat\/ceip-joaquim-blume\/wp-json\/wp\/v2\/posts\/1356","targetHints":{"allow":["GET"]}}],"collection":[{"href":"https:\/\/agora.xtec.cat\/ceip-joaquim-blume\/wp-json\/wp\/v2\/posts"}],"about":[{"href":"https:\/\/agora.xtec.cat\/ceip-joaquim-blume\/wp-json\/wp\/v2\/types\/post"}],"author":[{"embeddable":true,"href":"https:\/\/agora.xtec.cat\/ceip-joaquim-blume\/wp-json\/wp\/v2\/users\/1"}],"replies":[{"embeddable":true,"href":"https:\/\/agora.xtec.cat\/ceip-joaquim-blume\/wp-json\/wp\/v2\/comments?post=1356"}],"version-history":[{"count":3,"href":"https:\/\/agora.xtec.cat\/ceip-joaquim-blume\/wp-json\/wp\/v2\/posts\/1356\/revisions"}],"predecessor-version":[{"id":1418,"href":"https:\/\/agora.xtec.cat\/ceip-joaquim-blume\/wp-json\/wp\/v2\/posts\/1356\/revisions\/1418"}],"wp:featuredmedia":[{"embeddable":true,"href":"https:\/\/agora.xtec.cat\/ceip-joaquim-blume\/wp-json\/wp\/v2\/media\/1358"}],"wp:attachment":[{"href":"https:\/\/agora.xtec.cat\/ceip-joaquim-blume\/wp-json\/wp\/v2\/media?parent=1356"}],"wp:term":[{"taxonomy":"category","embeddable":true,"href":"https:\/\/agora.xtec.cat\/ceip-joaquim-blume\/wp-json\/wp\/v2\/categories?post=1356"},{"taxonomy":"post_tag","embeddable":true,"href":"https:\/\/agora.xtec.cat\/ceip-joaquim-blume\/wp-json\/wp\/v2\/tags?post=1356"}],"curies":[{"name":"wp","href":"https:\/\/api.w.org\/{rel}","templated":true}]}}