{"id":2450,"date":"2024-12-17T12:10:28","date_gmt":"2024-12-17T11:10:28","guid":{"rendered":"https:\/\/agora.xtec.cat\/ceip-joanplana\/?p=2450"},"modified":"2025-01-08T16:19:43","modified_gmt":"2025-01-08T15:19:43","slug":"ja-fa-dies-que-el-nadal-ha-arribat-a-lescola-i-amb-ell-la-magia-i-la-illusio-omplen-les-aules","status":"publish","type":"post","link":"https:\/\/agora.xtec.cat\/ceip-joanplana\/portada\/ja-fa-dies-que-el-nadal-ha-arribat-a-lescola-i-amb-ell-la-magia-i-la-illusio-omplen-les-aules\/","title":{"rendered":"Ja fa dies que el Nadal ha arribat a l&#8217;escola, i amb ell, la m\u00e0gia i la il\u00b7lusi\u00f3 omplen les aules."},"content":{"rendered":"<p>Aquests dies els nens i les nenes d&#8217;infantil hem escrit la carta als Reis d&#8217;Orient demanant joguines per a les classes i el pati; i tamb\u00e9 l&#8217;hem portada a la b\u00fastia del poble, perqu\u00e8 el carter la faci arribar al seu dest\u00ed, a Ses Majestats Reials.<\/p>\n<p><a href=\"https:\/\/agora.xtec.cat\/ceip-joanplana\/wp-content\/uploads\/usu1704\/2024\/12\/carta-reis.jpg\"><img loading=\"lazy\" decoding=\"async\" class=\"aligncenter wp-image-2451\" src=\"https:\/\/agora.xtec.cat\/ceip-joanplana\/wp-content\/uploads\/usu1704\/2024\/12\/carta-reis.jpg\" alt=\"\" width=\"265\" height=\"353\" srcset=\"https:\/\/agora.xtec.cat\/ceip-joanplana\/wp-content\/uploads\/usu1704\/2024\/12\/carta-reis.jpg 800w, https:\/\/agora.xtec.cat\/ceip-joanplana\/wp-content\/uploads\/usu1704\/2024\/12\/carta-reis-225x300.jpg 225w, https:\/\/agora.xtec.cat\/ceip-joanplana\/wp-content\/uploads\/usu1704\/2024\/12\/carta-reis-768x1024.jpg 768w\" sizes=\"auto, (max-width: 265px) 100vw, 265px\" \/><\/a><\/p>\n","protected":false},"excerpt":{"rendered":"<p>Aquests dies els nens i les nenes d&#8217;infantil hem escrit la carta als Reis d&#8217;Orient demanant joguines per a les classes i el pati; i tamb\u00e9 l&#8217;hem portada a la b\u00fastia del poble, perqu\u00e8 el carter la faci arribar al seu dest\u00ed, a Ses Majestats&hellip;  <a href=\"https:\/\/agora.xtec.cat\/ceip-joanplana\/portada\/ja-fa-dies-que-el-nadal-ha-arribat-a-lescola-i-amb-ell-la-magia-i-la-illusio-omplen-les-aules\/\" title=\"Read Ja fa dies que el Nadal ha arribat a l&#8217;escola, i amb ell, la m\u00e0gia i la il\u00b7lusi\u00f3 omplen les aules.\">Llegeix m\u00e9s\u00bb<\/a><\/p>\n","protected":false},"author":1,"featured_media":0,"comment_status":"closed","ping_status":"closed","sticky":false,"template":"","format":"standard","meta":{"_bbp_topic_count":0,"_bbp_reply_count":0,"_bbp_total_topic_count":0,"_bbp_total_reply_count":0,"_bbp_voice_count":0,"_bbp_anonymous_reply_count":0,"_bbp_topic_count_hidden":0,"_bbp_reply_count_hidden":0,"_bbp_forum_subforum_count":0,"footnotes":""},"categories":[4],"tags":[],"class_list":["post-2450","post","type-post","status-publish","format-standard","hentry","category-portada"],"post_mailing_queue_ids":[],"_links":{"self":[{"href":"https:\/\/agora.xtec.cat\/ceip-joanplana\/wp-json\/wp\/v2\/posts\/2450","targetHints":{"allow":["GET"]}}],"collection":[{"href":"https:\/\/agora.xtec.cat\/ceip-joanplana\/wp-json\/wp\/v2\/posts"}],"about":[{"href":"https:\/\/agora.xtec.cat\/ceip-joanplana\/wp-json\/wp\/v2\/types\/post"}],"author":[{"embeddable":true,"href":"https:\/\/agora.xtec.cat\/ceip-joanplana\/wp-json\/wp\/v2\/users\/1"}],"replies":[{"embeddable":true,"href":"https:\/\/agora.xtec.cat\/ceip-joanplana\/wp-json\/wp\/v2\/comments?post=2450"}],"version-history":[{"count":4,"href":"https:\/\/agora.xtec.cat\/ceip-joanplana\/wp-json\/wp\/v2\/posts\/2450\/revisions"}],"predecessor-version":[{"id":2476,"href":"https:\/\/agora.xtec.cat\/ceip-joanplana\/wp-json\/wp\/v2\/posts\/2450\/revisions\/2476"}],"wp:attachment":[{"href":"https:\/\/agora.xtec.cat\/ceip-joanplana\/wp-json\/wp\/v2\/media?parent=2450"}],"wp:term":[{"taxonomy":"category","embeddable":true,"href":"https:\/\/agora.xtec.cat\/ceip-joanplana\/wp-json\/wp\/v2\/categories?post=2450"},{"taxonomy":"post_tag","embeddable":true,"href":"https:\/\/agora.xtec.cat\/ceip-joanplana\/wp-json\/wp\/v2\/tags?post=2450"}],"curies":[{"name":"wp","href":"https:\/\/api.w.org\/{rel}","templated":true}]}}