{"id":8024,"date":"2023-11-14T14:17:24","date_gmt":"2023-11-14T13:17:24","guid":{"rendered":"https:\/\/agora.xtec.cat\/ceip-joanmontllor\/?p=8024"},"modified":"2023-11-14T14:17:24","modified_gmt":"2023-11-14T13:17:24","slug":"la-castanyada-3","status":"publish","type":"post","link":"https:\/\/agora.xtec.cat\/ceip-joanmontllor\/primaria\/1r\/la-castanyada-3\/","title":{"rendered":"LA CASTANYADA"},"content":{"rendered":"<p>El passat 31 d\u2019octubre els nens i nenes de 1r, 2n i 3r vam anar de sortida a Vilanova de Sau a una casa de col\u00f2nies. Vam fer moltes activitats de tardor, relacionades amb la Castanyada i ens ho vam passar d\u2019all\u00f2 m\u00e9s b\u00e9!<\/p>\n<p><a href=\"https:\/\/agora.xtec.cat\/ceip-joanmontllor\/wp-content\/uploads\/usu1258\/2023\/11\/3-2-1.png\"><img loading=\"lazy\" decoding=\"async\" class=\"alignnone size-large wp-image-8030\" src=\"https:\/\/agora.xtec.cat\/ceip-joanmontllor\/wp-content\/uploads\/usu1258\/2023\/11\/3-2-1-1024x1024.png\" alt=\"\" width=\"1024\" height=\"1024\" srcset=\"https:\/\/agora.xtec.cat\/ceip-joanmontllor\/wp-content\/uploads\/usu1258\/2023\/11\/3-2-1-1024x1024.png 1024w, https:\/\/agora.xtec.cat\/ceip-joanmontllor\/wp-content\/uploads\/usu1258\/2023\/11\/3-2-1-300x300.png 300w, https:\/\/agora.xtec.cat\/ceip-joanmontllor\/wp-content\/uploads\/usu1258\/2023\/11\/3-2-1-150x150.png 150w, https:\/\/agora.xtec.cat\/ceip-joanmontllor\/wp-content\/uploads\/usu1258\/2023\/11\/3-2-1-768x768.png 768w, https:\/\/agora.xtec.cat\/ceip-joanmontllor\/wp-content\/uploads\/usu1258\/2023\/11\/3-2-1.png 1200w\" sizes=\"auto, (max-width: 1024px) 100vw, 1024px\" \/><\/a><a href=\"https:\/\/agora.xtec.cat\/ceip-joanmontllor\/wp-content\/uploads\/usu1258\/2023\/11\/4-1.png\"><img loading=\"lazy\" decoding=\"async\" class=\"alignnone size-large wp-image-8027\" src=\"https:\/\/agora.xtec.cat\/ceip-joanmontllor\/wp-content\/uploads\/usu1258\/2023\/11\/4-1-1024x1024.png\" alt=\"\" width=\"1024\" height=\"1024\" srcset=\"https:\/\/agora.xtec.cat\/ceip-joanmontllor\/wp-content\/uploads\/usu1258\/2023\/11\/4-1-1024x1024.png 1024w, https:\/\/agora.xtec.cat\/ceip-joanmontllor\/wp-content\/uploads\/usu1258\/2023\/11\/4-1-300x300.png 300w, https:\/\/agora.xtec.cat\/ceip-joanmontllor\/wp-content\/uploads\/usu1258\/2023\/11\/4-1-150x150.png 150w, https:\/\/agora.xtec.cat\/ceip-joanmontllor\/wp-content\/uploads\/usu1258\/2023\/11\/4-1-768x768.png 768w, https:\/\/agora.xtec.cat\/ceip-joanmontllor\/wp-content\/uploads\/usu1258\/2023\/11\/4-1.png 1200w\" sizes=\"auto, (max-width: 1024px) 100vw, 1024px\" \/><\/a><\/p>\n","protected":false},"excerpt":{"rendered":"<p>El passat 31 d\u2019octubre els nens i nenes de 1r, 2n i 3r vam anar de sortida a Vilanova de Sau a una casa de col\u00f2nies. Vam fer moltes activitats de tardor, relacionades amb la Castanyada i ens ho vam passar d\u2019all\u00f2 m\u00e9s b\u00e9!<\/p>\n","protected":false},"author":1,"featured_media":0,"comment_status":"open","ping_status":"closed","sticky":false,"template":"","format":"standard","meta":{"site-sidebar-layout":"default","site-content-layout":"","ast-site-content-layout":"","site-content-style":"default","site-sidebar-style":"default","ast-global-header-display":"","ast-banner-title-visibility":"","ast-main-header-display":"","ast-hfb-above-header-display":"","ast-hfb-below-header-display":"","ast-hfb-mobile-header-display":"","site-post-title":"","ast-breadcrumbs-content":"","ast-featured-img":"","footer-sml-layout":"","theme-transparent-header-meta":"","adv-header-id-meta":"","stick-header-meta":"","header-above-stick-meta":"","header-main-stick-meta":"","header-below-stick-meta":"","astra-migrate-meta-layouts":"default","ast-page-background-enabled":"default","ast-page-background-meta":{"desktop":{"background-color":"var(--ast-global-color-4)","background-image":"","background-repeat":"repeat","background-position":"center center","background-size":"auto","background-attachment":"scroll","background-type":"","background-media":"","overlay-type":"","overlay-color":"","overlay-opacity":"","overlay-gradient":""},"tablet":{"background-color":"","background-image":"","background-repeat":"repeat","background-position":"center center","background-size":"auto","background-attachment":"scroll","background-type":"","background-media":"","overlay-type":"","overlay-color":"","overlay-opacity":"","overlay-gradient":""},"mobile":{"background-color":"","background-image":"","background-repeat":"repeat","background-position":"center center","background-size":"auto","background-attachment":"scroll","background-type":"","background-media":"","overlay-type":"","overlay-color":"","overlay-opacity":"","overlay-gradient":""}},"ast-content-background-meta":{"desktop":{"background-color":"var(--ast-global-color-5)","background-image":"","background-repeat":"repeat","background-position":"center center","background-size":"auto","background-attachment":"scroll","background-type":"","background-media":"","overlay-type":"","overlay-color":"","overlay-opacity":"","overlay-gradient":""},"tablet":{"background-color":"var(--ast-global-color-5)","background-image":"","background-repeat":"repeat","background-position":"center center","background-size":"auto","background-attachment":"scroll","background-type":"","background-media":"","overlay-type":"","overlay-color":"","overlay-opacity":"","overlay-gradient":""},"mobile":{"background-color":"var(--ast-global-color-5)","background-image":"","background-repeat":"repeat","background-position":"center center","background-size":"auto","background-attachment":"scroll","background-type":"","background-media":"","overlay-type":"","overlay-color":"","overlay-opacity":"","overlay-gradient":""}},"footnotes":""},"categories":[10],"tags":[],"class_list":["post-8024","post","type-post","status-publish","format-standard","hentry","category-1r"],"post_mailing_queue_ids":[],"_links":{"self":[{"href":"https:\/\/agora.xtec.cat\/ceip-joanmontllor\/wp-json\/wp\/v2\/posts\/8024","targetHints":{"allow":["GET"]}}],"collection":[{"href":"https:\/\/agora.xtec.cat\/ceip-joanmontllor\/wp-json\/wp\/v2\/posts"}],"about":[{"href":"https:\/\/agora.xtec.cat\/ceip-joanmontllor\/wp-json\/wp\/v2\/types\/post"}],"author":[{"embeddable":true,"href":"https:\/\/agora.xtec.cat\/ceip-joanmontllor\/wp-json\/wp\/v2\/users\/1"}],"replies":[{"embeddable":true,"href":"https:\/\/agora.xtec.cat\/ceip-joanmontllor\/wp-json\/wp\/v2\/comments?post=8024"}],"version-history":[{"count":1,"href":"https:\/\/agora.xtec.cat\/ceip-joanmontllor\/wp-json\/wp\/v2\/posts\/8024\/revisions"}],"predecessor-version":[{"id":8031,"href":"https:\/\/agora.xtec.cat\/ceip-joanmontllor\/wp-json\/wp\/v2\/posts\/8024\/revisions\/8031"}],"wp:attachment":[{"href":"https:\/\/agora.xtec.cat\/ceip-joanmontllor\/wp-json\/wp\/v2\/media?parent=8024"}],"wp:term":[{"taxonomy":"category","embeddable":true,"href":"https:\/\/agora.xtec.cat\/ceip-joanmontllor\/wp-json\/wp\/v2\/categories?post=8024"},{"taxonomy":"post_tag","embeddable":true,"href":"https:\/\/agora.xtec.cat\/ceip-joanmontllor\/wp-json\/wp\/v2\/tags?post=8024"}],"curies":[{"name":"wp","href":"https:\/\/api.w.org\/{rel}","templated":true}]}}