{"id":7234,"date":"2023-04-21T13:27:31","date_gmt":"2023-04-21T11:27:31","guid":{"rendered":"https:\/\/agora.xtec.cat\/ceip-joanmontllor\/?p=7234"},"modified":"2023-04-21T13:27:31","modified_gmt":"2023-04-21T11:27:31","slug":"vivim-una-setmana-molt-especial","status":"publish","type":"post","link":"https:\/\/agora.xtec.cat\/ceip-joanmontllor\/primaria\/1r\/vivim-una-setmana-molt-especial\/","title":{"rendered":"Vivim una setmana molt especial!"},"content":{"rendered":"<p>Aquesta setmana ha estat una setmana especial i diferent. Els nens i nenes de 1r i 2n han fet activitats, tallers i sortides i han gaudit molt!<\/p>\n<p>Vam comen\u00e7ar dilluns i dimarts fent tallers de Sant Jordi. Vam fer una rosa i un punt de llibre!<\/p>\n<p>Dimecres ens van convidar a la pla\u00e7a de la biblioteca a llegir els poemes i endevinalles que hav\u00edem fet i despr\u00e9s vam poder gaudir novament d&#8217;uns tallers de Sant Jordi que ens havien preparat: crear un punt de llibre, una xapa, un penjador per la porta i una postal. Tamb\u00e9 vam poder mirar contes a l&#8217;aire lliure!<\/p>\n<p>Finalment, dijous, vam anar de sortida tot el dia. Vam veure un assaig de circ a l&#8217;Estruch i despr\u00e9s vam anar a dinar i a jugar al Parc Catalunya. Va estar un dia molt divertit!<\/p>\n<p><a href=\"https:\/\/agora.xtec.cat\/ceip-joanmontllor\/wp-content\/uploads\/usu1258\/2023\/04\/1.png\"><img loading=\"lazy\" decoding=\"async\" class=\"alignnone  wp-image-7239\" src=\"https:\/\/agora.xtec.cat\/ceip-joanmontllor\/wp-content\/uploads\/usu1258\/2023\/04\/1-698x1024.png\" alt=\"\" width=\"354\" height=\"519\" srcset=\"https:\/\/agora.xtec.cat\/ceip-joanmontllor\/wp-content\/uploads\/usu1258\/2023\/04\/1-698x1024.png 698w, https:\/\/agora.xtec.cat\/ceip-joanmontllor\/wp-content\/uploads\/usu1258\/2023\/04\/1-205x300.png 205w, https:\/\/agora.xtec.cat\/ceip-joanmontllor\/wp-content\/uploads\/usu1258\/2023\/04\/1-768x1126.png 768w, https:\/\/agora.xtec.cat\/ceip-joanmontllor\/wp-content\/uploads\/usu1258\/2023\/04\/1-1047x1536.png 1047w, https:\/\/agora.xtec.cat\/ceip-joanmontllor\/wp-content\/uploads\/usu1258\/2023\/04\/1.png 1333w\" sizes=\"auto, (max-width: 354px) 100vw, 354px\" \/><\/a> <a href=\"https:\/\/agora.xtec.cat\/ceip-joanmontllor\/wp-content\/uploads\/usu1258\/2023\/04\/2.png\"><img loading=\"lazy\" decoding=\"async\" class=\"alignnone  wp-image-7240\" src=\"https:\/\/agora.xtec.cat\/ceip-joanmontllor\/wp-content\/uploads\/usu1258\/2023\/04\/2-703x1024.png\" alt=\"\" width=\"361\" height=\"526\" srcset=\"https:\/\/agora.xtec.cat\/ceip-joanmontllor\/wp-content\/uploads\/usu1258\/2023\/04\/2-703x1024.png 703w, https:\/\/agora.xtec.cat\/ceip-joanmontllor\/wp-content\/uploads\/usu1258\/2023\/04\/2-206x300.png 206w, https:\/\/agora.xtec.cat\/ceip-joanmontllor\/wp-content\/uploads\/usu1258\/2023\/04\/2-768x1119.png 768w, https:\/\/agora.xtec.cat\/ceip-joanmontllor\/wp-content\/uploads\/usu1258\/2023\/04\/2-1054x1536.png 1054w, https:\/\/agora.xtec.cat\/ceip-joanmontllor\/wp-content\/uploads\/usu1258\/2023\/04\/2.png 1337w\" sizes=\"auto, (max-width: 361px) 100vw, 361px\" \/><\/a> <a href=\"https:\/\/agora.xtec.cat\/ceip-joanmontllor\/wp-content\/uploads\/usu1258\/2023\/04\/3.png\"><img loading=\"lazy\" decoding=\"async\" class=\"wp-image-7241 aligncenter\" src=\"https:\/\/agora.xtec.cat\/ceip-joanmontllor\/wp-content\/uploads\/usu1258\/2023\/04\/3-656x1024.png\" alt=\"\" width=\"333\" height=\"520\" srcset=\"https:\/\/agora.xtec.cat\/ceip-joanmontllor\/wp-content\/uploads\/usu1258\/2023\/04\/3-656x1024.png 656w, https:\/\/agora.xtec.cat\/ceip-joanmontllor\/wp-content\/uploads\/usu1258\/2023\/04\/3-192x300.png 192w, https:\/\/agora.xtec.cat\/ceip-joanmontllor\/wp-content\/uploads\/usu1258\/2023\/04\/3-768x1199.png 768w, https:\/\/agora.xtec.cat\/ceip-joanmontllor\/wp-content\/uploads\/usu1258\/2023\/04\/3-984x1536.png 984w, https:\/\/agora.xtec.cat\/ceip-joanmontllor\/wp-content\/uploads\/usu1258\/2023\/04\/3.png 1255w\" sizes=\"auto, (max-width: 333px) 100vw, 333px\" \/><\/a><\/p>\n","protected":false},"excerpt":{"rendered":"<p>Aquesta setmana ha estat una setmana especial i diferent. Els nens i nenes de 1r i 2n han fet activitats, tallers i sortides i han gaudit molt! Vam comen\u00e7ar dilluns i dimarts fent tallers de Sant Jordi. Vam fer una rosa i un punt de llibre! Dimecres ens van convidar a la pla\u00e7a de la [&hellip;]<\/p>\n","protected":false},"author":1,"featured_media":0,"comment_status":"open","ping_status":"closed","sticky":false,"template":"","format":"standard","meta":{"site-sidebar-layout":"default","site-content-layout":"","ast-site-content-layout":"","site-content-style":"default","site-sidebar-style":"default","ast-global-header-display":"","ast-banner-title-visibility":"","ast-main-header-display":"","ast-hfb-above-header-display":"","ast-hfb-below-header-display":"","ast-hfb-mobile-header-display":"","site-post-title":"","ast-breadcrumbs-content":"","ast-featured-img":"","footer-sml-layout":"","theme-transparent-header-meta":"","adv-header-id-meta":"","stick-header-meta":"","header-above-stick-meta":"","header-main-stick-meta":"","header-below-stick-meta":"","astra-migrate-meta-layouts":"default","ast-page-background-enabled":"default","ast-page-background-meta":{"desktop":{"background-color":"var(--ast-global-color-4)","background-image":"","background-repeat":"repeat","background-position":"center center","background-size":"auto","background-attachment":"scroll","background-type":"","background-media":"","overlay-type":"","overlay-color":"","overlay-opacity":"","overlay-gradient":""},"tablet":{"background-color":"","background-image":"","background-repeat":"repeat","background-position":"center center","background-size":"auto","background-attachment":"scroll","background-type":"","background-media":"","overlay-type":"","overlay-color":"","overlay-opacity":"","overlay-gradient":""},"mobile":{"background-color":"","background-image":"","background-repeat":"repeat","background-position":"center center","background-size":"auto","background-attachment":"scroll","background-type":"","background-media":"","overlay-type":"","overlay-color":"","overlay-opacity":"","overlay-gradient":""}},"ast-content-background-meta":{"desktop":{"background-color":"var(--ast-global-color-5)","background-image":"","background-repeat":"repeat","background-position":"center center","background-size":"auto","background-attachment":"scroll","background-type":"","background-media":"","overlay-type":"","overlay-color":"","overlay-opacity":"","overlay-gradient":""},"tablet":{"background-color":"var(--ast-global-color-5)","background-image":"","background-repeat":"repeat","background-position":"center center","background-size":"auto","background-attachment":"scroll","background-type":"","background-media":"","overlay-type":"","overlay-color":"","overlay-opacity":"","overlay-gradient":""},"mobile":{"background-color":"var(--ast-global-color-5)","background-image":"","background-repeat":"repeat","background-position":"center center","background-size":"auto","background-attachment":"scroll","background-type":"","background-media":"","overlay-type":"","overlay-color":"","overlay-opacity":"","overlay-gradient":""}},"footnotes":""},"categories":[10],"tags":[],"class_list":["post-7234","post","type-post","status-publish","format-standard","hentry","category-1r"],"post_mailing_queue_ids":[],"_links":{"self":[{"href":"https:\/\/agora.xtec.cat\/ceip-joanmontllor\/wp-json\/wp\/v2\/posts\/7234","targetHints":{"allow":["GET"]}}],"collection":[{"href":"https:\/\/agora.xtec.cat\/ceip-joanmontllor\/wp-json\/wp\/v2\/posts"}],"about":[{"href":"https:\/\/agora.xtec.cat\/ceip-joanmontllor\/wp-json\/wp\/v2\/types\/post"}],"author":[{"embeddable":true,"href":"https:\/\/agora.xtec.cat\/ceip-joanmontllor\/wp-json\/wp\/v2\/users\/1"}],"replies":[{"embeddable":true,"href":"https:\/\/agora.xtec.cat\/ceip-joanmontllor\/wp-json\/wp\/v2\/comments?post=7234"}],"version-history":[{"count":1,"href":"https:\/\/agora.xtec.cat\/ceip-joanmontllor\/wp-json\/wp\/v2\/posts\/7234\/revisions"}],"predecessor-version":[{"id":7242,"href":"https:\/\/agora.xtec.cat\/ceip-joanmontllor\/wp-json\/wp\/v2\/posts\/7234\/revisions\/7242"}],"wp:attachment":[{"href":"https:\/\/agora.xtec.cat\/ceip-joanmontllor\/wp-json\/wp\/v2\/media?parent=7234"}],"wp:term":[{"taxonomy":"category","embeddable":true,"href":"https:\/\/agora.xtec.cat\/ceip-joanmontllor\/wp-json\/wp\/v2\/categories?post=7234"},{"taxonomy":"post_tag","embeddable":true,"href":"https:\/\/agora.xtec.cat\/ceip-joanmontllor\/wp-json\/wp\/v2\/tags?post=7234"}],"curies":[{"name":"wp","href":"https:\/\/api.w.org\/{rel}","templated":true}]}}