{"id":9549,"date":"2022-02-03T09:30:09","date_gmt":"2022-02-03T08:30:09","guid":{"rendered":"https:\/\/agora.xtec.cat\/ceip-joanmiro-barcelona\/?p=9549"},"modified":"2022-01-31T12:31:47","modified_gmt":"2022-01-31T11:31:47","slug":"p5-gaudeix-dun-espectacle-al-caixaforum","status":"publish","type":"post","link":"https:\/\/agora.xtec.cat\/ceip-joanmiro-barcelona\/general\/p5-gaudeix-dun-espectacle-al-caixaforum\/","title":{"rendered":"P5 gaudeix d&#8217;un espectacle al CaixaForum!"},"content":{"rendered":"<p><span style=\"font-weight: 400;\">El dilluns 24 de gener els nens i les nenes de les classes de P5, Cintes i Menta, vam anar al CaixaForum on hem gaudit al veure \u201cUn Bosc a la Paret\u201d, un espectacle basat en la m\u00fasica contempor\u00e0nia i els instruments de percussi\u00f3. Us deixem un petit v\u00eddeo com a mostra de les percussions inesperades que hem anat escoltant al llarg de l\u2019obra.<\/span><\/p>\n<p style=\"text-align: center;\">\n<p style=\"text-align: center;\"><iframe loading=\"lazy\" title=\"YouTube video player\" src=\"https:\/\/www.youtube.com\/embed\/l1uXG3EXiHM\" width=\"560\" height=\"315\" frameborder=\"0\" allowfullscreen=\"allowfullscreen\"><\/iframe><\/p>\n","protected":false},"excerpt":{"rendered":"<p>El dilluns 24 de gener els nens i les nenes de les classes de P5, Cintes i Menta, vam anar al CaixaForum on hem gaudit al veure \u201cUn Bosc a la Paret\u201d, un espectacle basat en la m\u00fasica contempor\u00e0nia i els instruments de percussi\u00f3. Us&hellip;  <a href=\"https:\/\/agora.xtec.cat\/ceip-joanmiro-barcelona\/general\/p5-gaudeix-dun-espectacle-al-caixaforum\/\" title=\"Read P5 gaudeix d&#8217;un espectacle al CaixaForum!\">Llegeix m\u00e9s\u00bb<\/a><\/p>\n","protected":false},"author":1,"featured_media":9546,"comment_status":"closed","ping_status":"closed","sticky":false,"template":"","format":"standard","meta":{"_bbp_topic_count":0,"_bbp_reply_count":0,"_bbp_total_topic_count":0,"_bbp_total_reply_count":0,"_bbp_voice_count":0,"_bbp_anonymous_reply_count":0,"_bbp_topic_count_hidden":0,"_bbp_reply_count_hidden":0,"_bbp_forum_subforum_count":0,"footnotes":""},"categories":[230,1,2,4],"tags":[],"class_list":["post-9549","post","type-post","status-publish","format-standard","has-post-thumbnail","hentry","category-quart","category-general","category-infantil","category-portada"],"post_mailing_queue_ids":[],"_links":{"self":[{"href":"https:\/\/agora.xtec.cat\/ceip-joanmiro-barcelona\/wp-json\/wp\/v2\/posts\/9549","targetHints":{"allow":["GET"]}}],"collection":[{"href":"https:\/\/agora.xtec.cat\/ceip-joanmiro-barcelona\/wp-json\/wp\/v2\/posts"}],"about":[{"href":"https:\/\/agora.xtec.cat\/ceip-joanmiro-barcelona\/wp-json\/wp\/v2\/types\/post"}],"author":[{"embeddable":true,"href":"https:\/\/agora.xtec.cat\/ceip-joanmiro-barcelona\/wp-json\/wp\/v2\/users\/1"}],"replies":[{"embeddable":true,"href":"https:\/\/agora.xtec.cat\/ceip-joanmiro-barcelona\/wp-json\/wp\/v2\/comments?post=9549"}],"version-history":[{"count":2,"href":"https:\/\/agora.xtec.cat\/ceip-joanmiro-barcelona\/wp-json\/wp\/v2\/posts\/9549\/revisions"}],"predecessor-version":[{"id":9566,"href":"https:\/\/agora.xtec.cat\/ceip-joanmiro-barcelona\/wp-json\/wp\/v2\/posts\/9549\/revisions\/9566"}],"wp:featuredmedia":[{"embeddable":true,"href":"https:\/\/agora.xtec.cat\/ceip-joanmiro-barcelona\/wp-json\/wp\/v2\/media\/9546"}],"wp:attachment":[{"href":"https:\/\/agora.xtec.cat\/ceip-joanmiro-barcelona\/wp-json\/wp\/v2\/media?parent=9549"}],"wp:term":[{"taxonomy":"category","embeddable":true,"href":"https:\/\/agora.xtec.cat\/ceip-joanmiro-barcelona\/wp-json\/wp\/v2\/categories?post=9549"},{"taxonomy":"post_tag","embeddable":true,"href":"https:\/\/agora.xtec.cat\/ceip-joanmiro-barcelona\/wp-json\/wp\/v2\/tags?post=9549"}],"curies":[{"name":"wp","href":"https:\/\/api.w.org\/{rel}","templated":true}]}}