{"id":9547,"date":"2022-02-02T09:00:32","date_gmt":"2022-02-02T08:00:32","guid":{"rendered":"https:\/\/agora.xtec.cat\/ceip-joanmiro-barcelona\/?p=9547"},"modified":"2022-01-31T12:29:57","modified_gmt":"2022-01-31T11:29:57","slug":"p5-va-al-teatre-romea","status":"publish","type":"post","link":"https:\/\/agora.xtec.cat\/ceip-joanmiro-barcelona\/general\/p5-va-al-teatre-romea\/","title":{"rendered":"P5 va al Teatre Romea!"},"content":{"rendered":"<p><span style=\"font-weight: 400;\">El divendres 21 de gener els nens i les nenes de les classes de P5, Cintes i Menta, hem anat al Teatre Romea a gaudir de l\u2019espectacle <em>Les aventures del Lle\u00f3 Vergony\u00f3s<\/em>. Un espectacle on la m\u00fasica, la hist\u00f2ria, l\u2019escenografia i els personatges estan molt ben treballats i cuidats fins a l\u2019\u00faltim detall. A la hist\u00f2ria un lle\u00f3 vergony\u00f3s es fa amic d\u2019un tigre poruc, d\u2019un cavall enfadat, d\u2019una hipop\u00f2tam trista i d\u2019una girafa. Els nens i les nenes s\u2019ho han passat d\u2019all\u00f2 m\u00e9s b\u00e9 participant en les can\u00e7ons de l\u2019espectacle i en el di\u00e0leg i preguntes als actors i actrius al finalitzar.<\/span><\/p>\n<p><a href=\"https:\/\/agora.xtec.cat\/ceip-joanmiro-barcelona\/wp-content\/uploads\/usu741\/2022\/01\/1-M-scaled.jpg\"><img loading=\"lazy\" decoding=\"async\" class=\"alignnone size-large wp-image-9545\" src=\"https:\/\/agora.xtec.cat\/ceip-joanmiro-barcelona\/wp-content\/uploads\/usu741\/2022\/01\/1-M-1024x768.jpg\" alt=\"\" width=\"1024\" height=\"768\" srcset=\"https:\/\/agora.xtec.cat\/ceip-joanmiro-barcelona\/wp-content\/uploads\/usu741\/2022\/01\/1-M-1024x768.jpg 1024w, https:\/\/agora.xtec.cat\/ceip-joanmiro-barcelona\/wp-content\/uploads\/usu741\/2022\/01\/1-M-300x225.jpg 300w, https:\/\/agora.xtec.cat\/ceip-joanmiro-barcelona\/wp-content\/uploads\/usu741\/2022\/01\/1-M-768x576.jpg 768w, https:\/\/agora.xtec.cat\/ceip-joanmiro-barcelona\/wp-content\/uploads\/usu741\/2022\/01\/1-M-1536x1152.jpg 1536w, https:\/\/agora.xtec.cat\/ceip-joanmiro-barcelona\/wp-content\/uploads\/usu741\/2022\/01\/1-M-2048x1536.jpg 2048w, https:\/\/agora.xtec.cat\/ceip-joanmiro-barcelona\/wp-content\/uploads\/usu741\/2022\/01\/1-M-200x150.jpg 200w\" sizes=\"auto, (max-width: 1024px) 100vw, 1024px\" \/><\/a><\/p>\n","protected":false},"excerpt":{"rendered":"<p>El divendres 21 de gener els nens i les nenes de les classes de P5, Cintes i Menta, hem anat al Teatre Romea a gaudir de l\u2019espectacle Les aventures del Lle\u00f3 Vergony\u00f3s. Un espectacle on la m\u00fasica, la hist\u00f2ria, l\u2019escenografia i els personatges estan molt&hellip;  <a href=\"https:\/\/agora.xtec.cat\/ceip-joanmiro-barcelona\/general\/p5-va-al-teatre-romea\/\" title=\"Read P5 va al Teatre Romea!\">Llegeix m\u00e9s\u00bb<\/a><\/p>\n","protected":false},"author":1,"featured_media":9545,"comment_status":"closed","ping_status":"closed","sticky":false,"template":"","format":"standard","meta":{"_bbp_topic_count":0,"_bbp_reply_count":0,"_bbp_total_topic_count":0,"_bbp_total_reply_count":0,"_bbp_voice_count":0,"_bbp_anonymous_reply_count":0,"_bbp_topic_count_hidden":0,"_bbp_reply_count_hidden":0,"_bbp_forum_subforum_count":0,"footnotes":""},"categories":[230,1,2,4],"tags":[],"class_list":["post-9547","post","type-post","status-publish","format-standard","has-post-thumbnail","hentry","category-quart","category-general","category-infantil","category-portada"],"post_mailing_queue_ids":[],"_links":{"self":[{"href":"https:\/\/agora.xtec.cat\/ceip-joanmiro-barcelona\/wp-json\/wp\/v2\/posts\/9547","targetHints":{"allow":["GET"]}}],"collection":[{"href":"https:\/\/agora.xtec.cat\/ceip-joanmiro-barcelona\/wp-json\/wp\/v2\/posts"}],"about":[{"href":"https:\/\/agora.xtec.cat\/ceip-joanmiro-barcelona\/wp-json\/wp\/v2\/types\/post"}],"author":[{"embeddable":true,"href":"https:\/\/agora.xtec.cat\/ceip-joanmiro-barcelona\/wp-json\/wp\/v2\/users\/1"}],"replies":[{"embeddable":true,"href":"https:\/\/agora.xtec.cat\/ceip-joanmiro-barcelona\/wp-json\/wp\/v2\/comments?post=9547"}],"version-history":[{"count":2,"href":"https:\/\/agora.xtec.cat\/ceip-joanmiro-barcelona\/wp-json\/wp\/v2\/posts\/9547\/revisions"}],"predecessor-version":[{"id":9565,"href":"https:\/\/agora.xtec.cat\/ceip-joanmiro-barcelona\/wp-json\/wp\/v2\/posts\/9547\/revisions\/9565"}],"wp:featuredmedia":[{"embeddable":true,"href":"https:\/\/agora.xtec.cat\/ceip-joanmiro-barcelona\/wp-json\/wp\/v2\/media\/9545"}],"wp:attachment":[{"href":"https:\/\/agora.xtec.cat\/ceip-joanmiro-barcelona\/wp-json\/wp\/v2\/media?parent=9547"}],"wp:term":[{"taxonomy":"category","embeddable":true,"href":"https:\/\/agora.xtec.cat\/ceip-joanmiro-barcelona\/wp-json\/wp\/v2\/categories?post=9547"},{"taxonomy":"post_tag","embeddable":true,"href":"https:\/\/agora.xtec.cat\/ceip-joanmiro-barcelona\/wp-json\/wp\/v2\/tags?post=9547"}],"curies":[{"name":"wp","href":"https:\/\/api.w.org\/{rel}","templated":true}]}}