{"id":9333,"date":"2021-11-15T16:39:27","date_gmt":"2021-11-15T15:39:27","guid":{"rendered":"https:\/\/agora.xtec.cat\/ceip-joanmiro-barcelona\/?p=9333"},"modified":"2021-11-19T15:46:55","modified_gmt":"2021-11-19T14:46:55","slug":"lescola-joan-miro-viatja-a-munchen","status":"publish","type":"post","link":"https:\/\/agora.xtec.cat\/ceip-joanmiro-barcelona\/general\/lescola-joan-miro-viatja-a-munchen\/","title":{"rendered":"L&#8217;Escola Joan Mir\u00f3 viatja a M\u00fcnchen"},"content":{"rendered":"<p>En el marc del projecte Erasmus +\u00a0<span class=\"hiddenSpellError\">COEDU<\/span>, el Centre de Recursos de l&#8217;Eixample i sis escoles del mateix districte, entre elles l&#8217;Escola Joan Mir\u00f3, hem realitzat la primera mobilitat a Munic. El viatge es va dur a terme els dies 20, 21, 22 i 23 d&#8217;octubre i tenia com a finalitat l&#8217;observaci\u00f3 de dos centres d&#8217;Educaci\u00f3 Infantil.<\/p>\n<p>El primer dia vam ser rebuts per la Renate Hildebrand-Pertler, directora d&#8217;una de les escoles que vam visitar durant la nostra estada. Despr\u00e9s de fer una volta per la ciutat de Munic, vam dirigir-nos cap a la primera \u201cKita\u201d, una escola bressol i d&#8217;educaci\u00f3 infantil. All\u00e0 vam con\u00e8ixer la Maria Jes\u00fas Cervero, coordinadora de mobilitats de Munic, i ens va fer una presentaci\u00f3 sobre el sistema educatiu de Baviera. Aquesta xerrada va servir per posar-nos en context i poder entendre millor la manera que tenen de treballar. En acabar, vam visitar un centre de nova creaci\u00f3 de formaci\u00f3 de professorat d\u2019educaci\u00f3 infantil. En el seg\u00fcent<a href=\"https:\/\/serveiseducatius.xtec.cat\/eixample\/general\/primer-dia-erasmus-coedu-a-munic\/\"> enlla\u00e7<\/a>, trobareu la not\u00edcia que va publicar del <span class=\"hiddenSpellError\">Centre de Recursos per al Professorat (CRP) en refer\u00e8ncia a<\/span>l primer dia.<\/p>\n<p>Pel que fa el segon i tercer dia, ens vam dividir en dos grups per poder visitar les diferents escoles que ens van acollir i dur a terme el <em>Jobshadowing<\/em>.\u00a0Per fer les observacions vam utilitzar el <a href=\"https:\/\/docs.google.com\/document\/d\/1rmflrxMmnpNc1mq8IBGVwihcRprfso921C1-QHfpl6Y\/edit?usp=sharing\">full d\u2019observaci\u00f3<\/a> que hem vam consensuar abans de la mobilitat i poder recollir de manera objectiva les experi\u00e8ncies.<\/p>\n<p>Una de les escoles que es van visitar va ser la Kita M\u00fcllerstra\u00dfe on la directora Dalia Emmada M\u00fcller i dues estudiants de la Universitat Aut\u00f2noma de Barcelona (UAB) en pr\u00e0ctiques ens van explicar el projecte de centre. Va ser molt interessant poder con\u00e8ixer el centre en profunditat i que les estudiants que han estudiat a la UAB i han treballat el curr\u00edculum en catal\u00e0 ens poguessin comparar la teoria apresa amb la pr\u00e0ctica que estaven vivint. Els infants de l\u2019escola estaven dividits en dos grups principals: de 0 a 3 i de 3 a 6, i cada grup tenia com a referent un grup de 3 adults.<\/p>\n<p>La segona escola que es va visitar va ser la Kita Ruppertstra\u00dfe, un centre de 3 a 6 anys amb un projecte d\u2019inclusi\u00f3 d\u2019infants amb diversitat funcional i cognitiva. En aquesta escola, diferents professionals externs de titularitat p\u00fablica atenen l\u2019alumnat, respectant la seva quotidianitat i fomentant la relaci\u00f3 amb els seus iguals. Durant el dia, vam formar part de l\u2019escola i vam poder interaccionar amb infants i mestres. Tamb\u00e9 vam entrevistar a la directora del centre i a una fam\u00edlia d\u2019origen espanyol instal\u00b7lada a Munic. Van compartir amb nosaltres la seva visi\u00f3 particular sobre la coeducaci\u00f3 i la inclusi\u00f3 a les escoles de Baviera.<\/p>\n<p>Podeu donar una ullada sobre la primera jornada a l\u2019<a href=\"https:\/\/serveiseducatius.xtec.cat\/eixample\/general\/primer-dia-erasmus-coedu-a-munic\/\" target=\"_blank\" rel=\"noopener\">enlla\u00e7<\/a>\u00a0del web del CRP de l\u2019Eixample.<\/p>\n<p>Una de les coses que m\u00e9s ens va impactar va ser la gran quantitat de recursos de qu\u00e8 disposen, no nom\u00e9s pel que fa a infraestructures sin\u00f3 tamb\u00e9 pel que fa a personal. La r\u00e0tio dels grups \u00e9s de 15 alumnes per 3 mestres a l\u2019aula, cosa que no nom\u00e9s genera un ambient dist\u00e8s i relaxat sin\u00f3 que tamb\u00e9 permet un acompanyament i una atenci\u00f3 a l\u2019infant molt m\u00e9s personalitzada. Tamb\u00e9 vam poder comprovar que l\u2019etapa de 0 a 6 anys \u00e9s una etapa tranquil\u00b7la, sense gaire est\u00edmuls decoratius o produccions a les parets. Els tempos s\u00f3n molt espaiats per tal de generar un aprenentatge \u00fanicament motor i d\u2019autonomia, i es procura alliberar els infants de pressi\u00f3 tot generant espais d\u2019autoconeixement i desenvolupament personal.<\/p>\n<p>Val a dir, que tot i que en perspectiva de g\u00e8nere les escoles catalanes estem m\u00e9s avan\u00e7ades, la inclusi\u00f3 d\u2019alumnat amb necessitats educatives especials o d\u2019origen i cultural \u00e9s m\u00e9s integradora, gr\u00e0cies en part, a aquesta difer\u00e8ncia de recursos ja esmentada.<\/p>\n<p>En acabar les visites a centres, vam fer una avaluaci\u00f3 de l\u2019experi\u00e8ncia juntament amb totes les persones col\u00b7laboradores de l&#8217;estada a Munic. Totes vam quedar molt satisfetes tot i que hagu\u00e9ssim desitjat visitar tamb\u00e9 centres de Prim\u00e0ria per veure com es fa extensiva aquesta educaci\u00f3. Podeu consultar aquesta jornada en l\u2019<a href=\"https:\/\/serveiseducatius.xtec.cat\/eixample\/portada\/arribem-al-final-de-la-mobilitat\/\">enlla\u00e7<\/a>\u00a0de la not\u00edcia del\u00a0<span class=\"hiddenSpellError\">CRP<\/span>.<\/p>\n<p>Val a dir que ha estat una molt bona experi\u00e8ncia, ja no nom\u00e9s per l&#8217;aprenentatge que hem pogut experimentar durant el viatge, sin\u00f3 que tamb\u00e9 pel lligam creat entre les mateixes escoles del districte.\u00a0Esperem que formar part d\u2019aquest projecte ens ajudi a seguir creixent professionalment, a ser m\u00e9s autocr\u00edtiques i a seguir creant xarxa amb les escoles del districte de l\u2019Eixample i d\u2019Europa.<\/p>\n<p>Us deixem amb un recull de fotografies.<\/p>\n\r\n\t<div class=\"slideshow_container slideshow_container_style-light\" style=\" \" data-slideshow-id=\"9361\" data-style-name=\"style-light\" data-style-version=\"2.3.1\" >\r\n\r\n\t\t\t\t\t<div class=\"slideshow_loading_icon\"><\/div>\r\n\t\t\r\n\t\t<div class=\"slideshow_content\" style=\"display: none;\">\r\n\r\n\t\t\t<div class=\"slideshow_view\">\r\n\t\t\t\t<div class=\"slideshow_slide slideshow_slide_image\">\r\n\t\t\t\t\t\t\t\t\t\t\t<img src=\"https:\/\/agora.xtec.cat\/ceip-joanmiro-barcelona\/wp-content\/uploads\/usu741\/2021\/11\/1636018195551_opt.jpg\" alt=\"1636018195551_opt\" width=\"400\" height=\"299\" \/>\r\n\t\t\t\t\t\t\t\t\t\t<div class=\"slideshow_description_box slideshow_transparent\">\r\n\t\t\t\t\t\t<div class=\"slideshow_title\">1636018195551_opt<\/div>\t\t\t\t\t\t\t\t\t\t\t<\/div>\r\n\t\t\t\t<\/div>\r\n\r\n\t\t\t\t\t\t<div style=\"clear: both;\"><\/div><\/div><div class=\"slideshow_view\">\r\n\t\t\t\t<div class=\"slideshow_slide slideshow_slide_image\">\r\n\t\t\t\t\t\t\t\t\t\t\t<img src=\"https:\/\/agora.xtec.cat\/ceip-joanmiro-barcelona\/wp-content\/uploads\/usu741\/2021\/11\/1636018195531_opt.jpg\" alt=\"1636018195531_opt\" width=\"400\" height=\"299\" \/>\r\n\t\t\t\t\t\t\t\t\t\t<div class=\"slideshow_description_box slideshow_transparent\">\r\n\t\t\t\t\t\t<div class=\"slideshow_title\">1636018195531_opt<\/div>\t\t\t\t\t\t\t\t\t\t\t<\/div>\r\n\t\t\t\t<\/div>\r\n\r\n\t\t\t\t\t\t<div style=\"clear: both;\"><\/div><\/div><div class=\"slideshow_view\">\r\n\t\t\t\t<div class=\"slideshow_slide slideshow_slide_image\">\r\n\t\t\t\t\t\t\t\t\t\t\t<img src=\"https:\/\/agora.xtec.cat\/ceip-joanmiro-barcelona\/wp-content\/uploads\/usu741\/2021\/11\/1635274968875.jpg\" alt=\"1635274968875\" width=\"500\" height=\"375\" \/>\r\n\t\t\t\t\t\t\t\t\t\t<div class=\"slideshow_description_box slideshow_transparent\">\r\n\t\t\t\t\t\t<div class=\"slideshow_title\">1635274968875<\/div>\t\t\t\t\t\t\t\t\t\t\t<\/div>\r\n\t\t\t\t<\/div>\r\n\r\n\t\t\t\t\t\t<div style=\"clear: both;\"><\/div><\/div><div class=\"slideshow_view\">\r\n\t\t\t\t<div class=\"slideshow_slide slideshow_slide_image\">\r\n\t\t\t\t\t\t\t\t\t\t\t<img src=\"https:\/\/agora.xtec.cat\/ceip-joanmiro-barcelona\/wp-content\/uploads\/usu741\/2021\/11\/1636018271115.jpg\" alt=\"1636018271115\" width=\"1600\" height=\"1200\" \/>\r\n\t\t\t\t\t\t\t\t\t\t<div class=\"slideshow_description_box slideshow_transparent\">\r\n\t\t\t\t\t\t<div class=\"slideshow_title\">1636018271115<\/div>\t\t\t\t\t\t\t\t\t\t\t<\/div>\r\n\t\t\t\t<\/div>\r\n\r\n\t\t\t\t\t\t<div style=\"clear: both;\"><\/div><\/div><div class=\"slideshow_view\">\r\n\t\t\t\t<div class=\"slideshow_slide slideshow_slide_image\">\r\n\t\t\t\t\t\t\t\t\t\t\t<img src=\"https:\/\/agora.xtec.cat\/ceip-joanmiro-barcelona\/wp-content\/uploads\/usu741\/2021\/11\/1636017680042_opt.jpg\" alt=\"1636017680042_opt\" width=\"400\" height=\"299\" \/>\r\n\t\t\t\t\t\t\t\t\t\t<div class=\"slideshow_description_box slideshow_transparent\">\r\n\t\t\t\t\t\t<div class=\"slideshow_title\">1636017680042_opt<\/div>\t\t\t\t\t\t\t\t\t\t\t<\/div>\r\n\t\t\t\t<\/div>\r\n\r\n\t\t\t\t\t\t<div style=\"clear: both;\"><\/div><\/div><div class=\"slideshow_view\">\r\n\t\t\t\t<div class=\"slideshow_slide slideshow_slide_image\">\r\n\t\t\t\t\t\t\t\t\t\t\t<img src=\"https:\/\/agora.xtec.cat\/ceip-joanmiro-barcelona\/wp-content\/uploads\/usu741\/2021\/11\/WhatsApp-Image-2021-10-21-at-5.10.18-PM.jpeg\" alt=\"WhatsApp-Image-2021-10-21-at-5.10.18-PM\" width=\"2000\" height=\"1125\" \/>\r\n\t\t\t\t\t\t\t\t\t\t<div class=\"slideshow_description_box slideshow_transparent\">\r\n\t\t\t\t\t\t<div class=\"slideshow_title\">WhatsApp-Image-2021-10-21-at-5.10.18-PM<\/div>\t\t\t\t\t\t\t\t\t\t\t<\/div>\r\n\t\t\t\t<\/div>\r\n\r\n\t\t\t\t\t\t<div style=\"clear: both;\"><\/div><\/div>\r\n\t\t<\/div>\r\n\r\n\t\t<div class=\"slideshow_controlPanel slideshow_transparent\" style=\"display: none;\"><ul><li class=\"slideshow_togglePlay\" data-play-text=\"Visualitza\" data-pause-text=\"Pausa\"><\/li><\/ul><\/div>\r\n\r\n\t\t<div class=\"slideshow_button slideshow_previous slideshow_transparent\" role=\"button\" data-previous-text=\"Anterior\" style=\"display: none;\"><\/div>\r\n\t\t<div class=\"slideshow_button slideshow_next slideshow_transparent\" role=\"button\" data-next-text=\"Seg\u00fcent\" style=\"display: none;\"><\/div>\r\n\r\n\t\t<div class=\"slideshow_pagination\" style=\"display: none;\" data-go-to-text=\"V\u00e9s a la diapositiva\"><div class=\"slideshow_pagination_center\"><\/div><\/div>\r\n\r\n\t\t<!-- WordPress Slideshow Version 2.3.1 -->\r\n\r\n\t\t\t<\/div>\r\n\r\n\n","protected":false},"excerpt":{"rendered":"<p>En el marc del projecte Erasmus +\u00a0COEDU, el Centre de Recursos de l&#8217;Eixample i sis escoles del mateix districte, entre elles l&#8217;Escola Joan Mir\u00f3, hem realitzat la primera mobilitat a Munic. El viatge es va dur a terme els dies 20, 21, 22 i 23 d&#8217;octubre i tenia com a finalitat l&#8217;observaci\u00f3 de dos centres d&#8217;Educaci\u00f3 Infantil.&hellip;  <a href=\"https:\/\/agora.xtec.cat\/ceip-joanmiro-barcelona\/general\/lescola-joan-miro-viatja-a-munchen\/\" title=\"Read L&#8217;Escola Joan Mir\u00f3 viatja a M\u00fcnchen\">Llegeix m\u00e9s\u00bb<\/a><\/p>\n","protected":false},"author":31,"featured_media":8537,"comment_status":"open","ping_status":"closed","sticky":false,"template":"","format":"standard","meta":{"_bbp_topic_count":0,"_bbp_reply_count":0,"_bbp_total_topic_count":0,"_bbp_total_reply_count":0,"_bbp_voice_count":0,"_bbp_anonymous_reply_count":0,"_bbp_topic_count_hidden":0,"_bbp_reply_count_hidden":0,"_bbp_forum_subforum_count":0,"footnotes":""},"categories":[1,4],"tags":[],"class_list":["post-9333","post","type-post","status-publish","format-standard","has-post-thumbnail","hentry","category-general","category-portada"],"post_mailing_queue_ids":[],"_links":{"self":[{"href":"https:\/\/agora.xtec.cat\/ceip-joanmiro-barcelona\/wp-json\/wp\/v2\/posts\/9333","targetHints":{"allow":["GET"]}}],"collection":[{"href":"https:\/\/agora.xtec.cat\/ceip-joanmiro-barcelona\/wp-json\/wp\/v2\/posts"}],"about":[{"href":"https:\/\/agora.xtec.cat\/ceip-joanmiro-barcelona\/wp-json\/wp\/v2\/types\/post"}],"author":[{"embeddable":true,"href":"https:\/\/agora.xtec.cat\/ceip-joanmiro-barcelona\/wp-json\/wp\/v2\/users\/31"}],"replies":[{"embeddable":true,"href":"https:\/\/agora.xtec.cat\/ceip-joanmiro-barcelona\/wp-json\/wp\/v2\/comments?post=9333"}],"version-history":[{"count":3,"href":"https:\/\/agora.xtec.cat\/ceip-joanmiro-barcelona\/wp-json\/wp\/v2\/posts\/9333\/revisions"}],"predecessor-version":[{"id":9363,"href":"https:\/\/agora.xtec.cat\/ceip-joanmiro-barcelona\/wp-json\/wp\/v2\/posts\/9333\/revisions\/9363"}],"wp:featuredmedia":[{"embeddable":true,"href":"https:\/\/agora.xtec.cat\/ceip-joanmiro-barcelona\/wp-json\/wp\/v2\/media\/8537"}],"wp:attachment":[{"href":"https:\/\/agora.xtec.cat\/ceip-joanmiro-barcelona\/wp-json\/wp\/v2\/media?parent=9333"}],"wp:term":[{"taxonomy":"category","embeddable":true,"href":"https:\/\/agora.xtec.cat\/ceip-joanmiro-barcelona\/wp-json\/wp\/v2\/categories?post=9333"},{"taxonomy":"post_tag","embeddable":true,"href":"https:\/\/agora.xtec.cat\/ceip-joanmiro-barcelona\/wp-json\/wp\/v2\/tags?post=9333"}],"curies":[{"name":"wp","href":"https:\/\/api.w.org\/{rel}","templated":true}]}}