{"id":9221,"date":"2021-11-08T13:40:22","date_gmt":"2021-11-08T12:40:22","guid":{"rendered":"https:\/\/agora.xtec.cat\/ceip-joanmiro-barcelona\/?p=9221"},"modified":"2021-11-14T14:34:49","modified_gmt":"2021-11-14T13:34:49","slug":"lalumnat-de-6e-participa-en-un-projecte-etwinning","status":"publish","type":"post","link":"https:\/\/agora.xtec.cat\/ceip-joanmiro-barcelona\/general\/lalumnat-de-6e-participa-en-un-projecte-etwinning\/","title":{"rendered":"L&#8217;alumnat de 6\u00e8 participa en un projecte eTwinning."},"content":{"rendered":"<p>L&#8217;alumnat de 6\u00e8 (Machu Picchu i Taj Mahal) participa en el projecte eTwinning.<\/p>\n<p>El programa <span class=\"hiddenSpellError\">eTwinning<\/span> ofereix la possibilitat de comunicar-nos, col\u00b7laborar i desenvolupar projectes amb altres centres escolars de pa\u00efsos europeus en llengua anglesa. Els nostres paisos s\u00f3n: GREECE, POLAND, TURKEY, FRANCE and ITALY.<\/p>\n<p>El nostre projecte s&#8217;anomena:<\/p>\n<p>&#8220;<span class=\"hiddenGrammarError\">WHAT&#8217;S<\/span> UP&#8221; a \u00a0virtual <span class=\"hiddenSpellError\">exchange<\/span>\u00a0<span class=\"hiddenSpellError\">between<\/span>\u00a0classes\u00a0<span class=\"hiddenSpellError\">from<\/span>\u00a0<span class=\"hiddenSpellError\">various<\/span>\u00a0countries\u00a0<span class=\"hiddenSpellError\">using<\/span>\u00a0<span class=\"hiddenSpellError\">foreign<\/span>\u00a0<span class=\"hiddenSpellError\">languages<\/span>\u00a0as\u00a0<span class=\"hiddenSpellError\">communication<\/span>\u00a0<span class=\"hiddenSpellError\">tools<\/span>; \u00e9s a dir, una interacci\u00f3 digital entre classes de diferents pa\u00efsos europeus en llengua anglesa com a mitj\u00e0 de comunicaci\u00f3.<span style=\"font-family: inherit; font-size: 1em;\">\u00a0<\/span><\/p>\n<p>Estem molt il\u00b7lusionats i il\u00b7lusionades de dur-ho a terme. Ja us anirem explicant com va.Podeu anar vistitant el nostre blog TAJ MAHAL\/MACHU PICCHU\/ ENGLISH.<\/p>\n<p>TAJ MAHAL and MACHU PICCHU.<\/p>\n<p>&nbsp;<\/p>\n<p>&nbsp;<\/p>\n<p><a href=\"https:\/\/agora.xtec.cat\/ceip-joanmiro-barcelona\/wp-content\/uploads\/usu741\/2021\/11\/IMG_20211108_123002-min-scaled.jpg\"><img loading=\"lazy\" decoding=\"async\" class=\"alignnone size-large wp-image-9223\" src=\"https:\/\/agora.xtec.cat\/ceip-joanmiro-barcelona\/wp-content\/uploads\/usu741\/2021\/11\/IMG_20211108_123002-min-1024x768.jpg\" alt=\"\" width=\"1024\" height=\"768\" srcset=\"https:\/\/agora.xtec.cat\/ceip-joanmiro-barcelona\/wp-content\/uploads\/usu741\/2021\/11\/IMG_20211108_123002-min-1024x768.jpg 1024w, https:\/\/agora.xtec.cat\/ceip-joanmiro-barcelona\/wp-content\/uploads\/usu741\/2021\/11\/IMG_20211108_123002-min-300x225.jpg 300w, https:\/\/agora.xtec.cat\/ceip-joanmiro-barcelona\/wp-content\/uploads\/usu741\/2021\/11\/IMG_20211108_123002-min-768x576.jpg 768w, https:\/\/agora.xtec.cat\/ceip-joanmiro-barcelona\/wp-content\/uploads\/usu741\/2021\/11\/IMG_20211108_123002-min-1536x1152.jpg 1536w, https:\/\/agora.xtec.cat\/ceip-joanmiro-barcelona\/wp-content\/uploads\/usu741\/2021\/11\/IMG_20211108_123002-min-2048x1536.jpg 2048w, https:\/\/agora.xtec.cat\/ceip-joanmiro-barcelona\/wp-content\/uploads\/usu741\/2021\/11\/IMG_20211108_123002-min-200x150.jpg 200w\" sizes=\"auto, (max-width: 1024px) 100vw, 1024px\" \/><\/a><a href=\"https:\/\/agora.xtec.cat\/ceip-joanmiro-barcelona\/wp-content\/uploads\/usu741\/2021\/11\/IMG_20211108_123607-min-scaled.jpg\"><img loading=\"lazy\" decoding=\"async\" class=\"alignnone size-large wp-image-9224\" src=\"https:\/\/agora.xtec.cat\/ceip-joanmiro-barcelona\/wp-content\/uploads\/usu741\/2021\/11\/IMG_20211108_123607-min-1024x768.jpg\" alt=\"\" width=\"1024\" height=\"768\" srcset=\"https:\/\/agora.xtec.cat\/ceip-joanmiro-barcelona\/wp-content\/uploads\/usu741\/2021\/11\/IMG_20211108_123607-min-1024x768.jpg 1024w, https:\/\/agora.xtec.cat\/ceip-joanmiro-barcelona\/wp-content\/uploads\/usu741\/2021\/11\/IMG_20211108_123607-min-300x225.jpg 300w, https:\/\/agora.xtec.cat\/ceip-joanmiro-barcelona\/wp-content\/uploads\/usu741\/2021\/11\/IMG_20211108_123607-min-768x576.jpg 768w, https:\/\/agora.xtec.cat\/ceip-joanmiro-barcelona\/wp-content\/uploads\/usu741\/2021\/11\/IMG_20211108_123607-min-1536x1152.jpg 1536w, https:\/\/agora.xtec.cat\/ceip-joanmiro-barcelona\/wp-content\/uploads\/usu741\/2021\/11\/IMG_20211108_123607-min-2048x1536.jpg 2048w, https:\/\/agora.xtec.cat\/ceip-joanmiro-barcelona\/wp-content\/uploads\/usu741\/2021\/11\/IMG_20211108_123607-min-200x150.jpg 200w\" sizes=\"auto, (max-width: 1024px) 100vw, 1024px\" \/><\/a><\/p>\n<p>&nbsp;<\/p>\n<p>&nbsp;<\/p>\n","protected":false},"excerpt":{"rendered":"<p>L&#8217;alumnat de 6\u00e8 participa en un projecte eTwinning.&hellip;  <a href=\"https:\/\/agora.xtec.cat\/ceip-joanmiro-barcelona\/general\/lalumnat-de-6e-participa-en-un-projecte-etwinning\/\" title=\"Read L&#8217;alumnat de 6\u00e8 participa en un projecte eTwinning.\">Llegeix m\u00e9s\u00bb<\/a><\/p>\n","protected":false},"author":1,"featured_media":9222,"comment_status":"open","ping_status":"closed","sticky":false,"template":"","format":"standard","meta":{"_bbp_topic_count":0,"_bbp_reply_count":0,"_bbp_total_topic_count":0,"_bbp_total_reply_count":0,"_bbp_voice_count":0,"_bbp_anonymous_reply_count":0,"_bbp_topic_count_hidden":0,"_bbp_reply_count_hidden":0,"_bbp_forum_subforum_count":0,"footnotes":""},"categories":[157,1,4,10],"tags":[108,185,186],"class_list":["post-9221","post","type-post","status-publish","format-standard","has-post-thumbnail","hentry","category-english","category-general","category-portada","category-promocio2022","tag-angles","tag-machu-picchu","tag-taj-mahal"],"post_mailing_queue_ids":[],"_links":{"self":[{"href":"https:\/\/agora.xtec.cat\/ceip-joanmiro-barcelona\/wp-json\/wp\/v2\/posts\/9221","targetHints":{"allow":["GET"]}}],"collection":[{"href":"https:\/\/agora.xtec.cat\/ceip-joanmiro-barcelona\/wp-json\/wp\/v2\/posts"}],"about":[{"href":"https:\/\/agora.xtec.cat\/ceip-joanmiro-barcelona\/wp-json\/wp\/v2\/types\/post"}],"author":[{"embeddable":true,"href":"https:\/\/agora.xtec.cat\/ceip-joanmiro-barcelona\/wp-json\/wp\/v2\/users\/1"}],"replies":[{"embeddable":true,"href":"https:\/\/agora.xtec.cat\/ceip-joanmiro-barcelona\/wp-json\/wp\/v2\/comments?post=9221"}],"version-history":[{"count":3,"href":"https:\/\/agora.xtec.cat\/ceip-joanmiro-barcelona\/wp-json\/wp\/v2\/posts\/9221\/revisions"}],"predecessor-version":[{"id":9305,"href":"https:\/\/agora.xtec.cat\/ceip-joanmiro-barcelona\/wp-json\/wp\/v2\/posts\/9221\/revisions\/9305"}],"wp:featuredmedia":[{"embeddable":true,"href":"https:\/\/agora.xtec.cat\/ceip-joanmiro-barcelona\/wp-json\/wp\/v2\/media\/9222"}],"wp:attachment":[{"href":"https:\/\/agora.xtec.cat\/ceip-joanmiro-barcelona\/wp-json\/wp\/v2\/media?parent=9221"}],"wp:term":[{"taxonomy":"category","embeddable":true,"href":"https:\/\/agora.xtec.cat\/ceip-joanmiro-barcelona\/wp-json\/wp\/v2\/categories?post=9221"},{"taxonomy":"post_tag","embeddable":true,"href":"https:\/\/agora.xtec.cat\/ceip-joanmiro-barcelona\/wp-json\/wp\/v2\/tags?post=9221"}],"curies":[{"name":"wp","href":"https:\/\/api.w.org\/{rel}","templated":true}]}}