{"id":8935,"date":"2021-06-17T09:15:57","date_gmt":"2021-06-17T07:15:57","guid":{"rendered":"http:\/\/agora.xtec.cat\/ceip-joanmiro-barcelona\/?p=8935"},"modified":"2021-06-18T10:09:03","modified_gmt":"2021-06-18T08:09:03","slug":"hem-vingut-a-obrir-finestres","status":"publish","type":"post","link":"https:\/\/agora.xtec.cat\/ceip-joanmiro-barcelona\/general\/hem-vingut-a-obrir-finestres\/","title":{"rendered":"Hem vingut a obrir finestres!"},"content":{"rendered":"<p>&nbsp;<\/p>\n<p><span style=\"font-weight: 400;\"><a href=\"https:\/\/agora.xtec.cat\/ceip-joanmiro-barcelona\/wp-content\/uploads\/usu741\/2021\/06\/reunio-consell-infants.jpg\"><img loading=\"lazy\" decoding=\"async\" class=\"wp-image-8945 alignright\" src=\"https:\/\/agora.xtec.cat\/ceip-joanmiro-barcelona\/wp-content\/uploads\/usu741\/2021\/06\/reunio-consell-infants-1024x768.jpg\" alt=\"\" width=\"378\" height=\"283\" srcset=\"https:\/\/agora.xtec.cat\/ceip-joanmiro-barcelona\/wp-content\/uploads\/usu741\/2021\/06\/reunio-consell-infants-1024x768.jpg 1024w, https:\/\/agora.xtec.cat\/ceip-joanmiro-barcelona\/wp-content\/uploads\/usu741\/2021\/06\/reunio-consell-infants-300x225.jpg 300w, https:\/\/agora.xtec.cat\/ceip-joanmiro-barcelona\/wp-content\/uploads\/usu741\/2021\/06\/reunio-consell-infants-768x576.jpg 768w, https:\/\/agora.xtec.cat\/ceip-joanmiro-barcelona\/wp-content\/uploads\/usu741\/2021\/06\/reunio-consell-infants-200x150.jpg 200w\" sizes=\"auto, (max-width: 378px) 100vw, 378px\" \/><\/a>Aquest curs, tot i la pand\u00e8mia, el Consell d\u2019Infants s\u2019ha reunit amb mesures de seguretat per tal de millorar l\u2019Escola. Al principi de curs ens vam queixar que voliem tancar les finestres, per\u00f2 per la COVID hav\u00edem de tenir-les obertes.<\/span><\/p>\n<p>&nbsp;<\/p>\n<p>&nbsp;<\/p>\n<p>&nbsp;<\/p>\n<p>&nbsp;<\/p>\n<p>&nbsp;<\/p>\n<p><span style=\"font-weight: 400;\"> <a href=\"https:\/\/agora.xtec.cat\/ceip-joanmiro-barcelona\/wp-content\/uploads\/usu741\/2021\/06\/son\u00f2metres.jpg\"><img loading=\"lazy\" decoding=\"async\" class=\"wp-image-8943 alignleft\" src=\"https:\/\/agora.xtec.cat\/ceip-joanmiro-barcelona\/wp-content\/uploads\/usu741\/2021\/06\/son\u00f2metres-768x1024.jpg\" alt=\"\" width=\"249\" height=\"332\" srcset=\"https:\/\/agora.xtec.cat\/ceip-joanmiro-barcelona\/wp-content\/uploads\/usu741\/2021\/06\/son\u00f2metres-768x1024.jpg 768w, https:\/\/agora.xtec.cat\/ceip-joanmiro-barcelona\/wp-content\/uploads\/usu741\/2021\/06\/son\u00f2metres-225x300.jpg 225w\" sizes=\"auto, (max-width: 249px) 100vw, 249px\" \/><\/a>Hem hagut de treballar amb molt de soroll pel tr\u00e0nsit del Carrer Enten\u00e7a i vam fer un estudi amb son\u00f2metres per veure quant de soroll hi havia i vam fer taules i gr\u00e0fiques.<\/span><\/p>\n<p>&nbsp;<\/p>\n<p>&nbsp;<\/p>\n<p>Consulteu l&#8217;estudi de la mesura del soroll del carrer Enten\u00e7a:<\/p>\n<p style=\"text-align: center;\"><strong><a href=\"https:\/\/agora.xtec.cat\/ceip-joanmiro-barcelona\/wp-content\/uploads\/usu741\/bp-attachments\/8938\/Treball-4t-Mesura-soroll-Enten\u00e7a-desembre.pdf\">Treball 4t Mesura soroll Enten\u00e7a desembre<\/a><\/strong><\/p>\n<p>&nbsp;<\/p>\n<p>&nbsp;<\/p>\n<p>&nbsp;<\/p>\n<p><span style=\"font-weight: 400;\"><img loading=\"lazy\" decoding=\"async\" class=\"alignright wp-image-8946\" src=\"https:\/\/agora.xtec.cat\/ceip-joanmiro-barcelona\/wp-content\/uploads\/usu741\/2021\/06\/pancarta-1024x768.jpg\" alt=\"\" width=\"459\" height=\"344\" srcset=\"https:\/\/agora.xtec.cat\/ceip-joanmiro-barcelona\/wp-content\/uploads\/usu741\/2021\/06\/pancarta-1024x768.jpg 1024w, https:\/\/agora.xtec.cat\/ceip-joanmiro-barcelona\/wp-content\/uploads\/usu741\/2021\/06\/pancarta-300x225.jpg 300w, https:\/\/agora.xtec.cat\/ceip-joanmiro-barcelona\/wp-content\/uploads\/usu741\/2021\/06\/pancarta-768x576.jpg 768w, https:\/\/agora.xtec.cat\/ceip-joanmiro-barcelona\/wp-content\/uploads\/usu741\/2021\/06\/pancarta-200x150.jpg 200w, https:\/\/agora.xtec.cat\/ceip-joanmiro-barcelona\/wp-content\/uploads\/usu741\/2021\/06\/pancarta.jpg 2000w\" sizes=\"auto, (max-width: 459px) 100vw, 459px\" \/>Despr\u00e9s, vam acordar fer una carta a l\u2019Ajuntament demanant la supressi\u00f3 d\u2019un carril del Carrer Enten\u00e7a, per\u00f2 sembla que per les obres de pla\u00e7a Espanya encara no el poden suprimir. Tamb\u00e9, vam decidir entre totes les assemblees un esl\u00f2gan<strong> \u201cFinestres obertes, carrers tranquils\u201d<\/strong> i vam fer una pancarta. <\/span><\/p>\n<p>&nbsp;<\/p>\n<p>&nbsp;<\/p>\n<p>&nbsp;<\/p>\n<p>&nbsp;<\/p>\n<p>&nbsp;<\/p>\n<p>&nbsp;<\/p>\n<p><span style=\"font-weight: 400;\">Hem realitzat una exposici\u00f3 de dibuixos de com ens agradaria que fos el Carrer Enten\u00e7a en un futur.<a href=\"https:\/\/agora.xtec.cat\/ceip-joanmiro-barcelona\/wp-content\/uploads\/usu741\/2021\/06\/dibuixem-el-futur.jpg\"><img loading=\"lazy\" decoding=\"async\" class=\"wp-image-8947 alignleft\" src=\"https:\/\/agora.xtec.cat\/ceip-joanmiro-barcelona\/wp-content\/uploads\/usu741\/2021\/06\/dibuixem-el-futur-1024x768.jpg\" alt=\"\" width=\"674\" height=\"506\" srcset=\"https:\/\/agora.xtec.cat\/ceip-joanmiro-barcelona\/wp-content\/uploads\/usu741\/2021\/06\/dibuixem-el-futur-1024x768.jpg 1024w, https:\/\/agora.xtec.cat\/ceip-joanmiro-barcelona\/wp-content\/uploads\/usu741\/2021\/06\/dibuixem-el-futur-300x225.jpg 300w, https:\/\/agora.xtec.cat\/ceip-joanmiro-barcelona\/wp-content\/uploads\/usu741\/2021\/06\/dibuixem-el-futur-768x576.jpg 768w, https:\/\/agora.xtec.cat\/ceip-joanmiro-barcelona\/wp-content\/uploads\/usu741\/2021\/06\/dibuixem-el-futur-200x150.jpg 200w\" sizes=\"auto, (max-width: 674px) 100vw, 674px\" \/><\/a><\/span><\/p>\n<p><a href=\"https:\/\/agora.xtec.cat\/ceip-joanmiro-barcelona\/wp-content\/uploads\/usu741\/2021\/06\/carril-bici.jpg\"><img loading=\"lazy\" decoding=\"async\" class=\"wp-image-8948 alignright\" src=\"https:\/\/agora.xtec.cat\/ceip-joanmiro-barcelona\/wp-content\/uploads\/usu741\/2021\/06\/carril-bici-768x1024.jpg\" alt=\"\" width=\"331\" height=\"442\" srcset=\"https:\/\/agora.xtec.cat\/ceip-joanmiro-barcelona\/wp-content\/uploads\/usu741\/2021\/06\/carril-bici-768x1024.jpg 768w, https:\/\/agora.xtec.cat\/ceip-joanmiro-barcelona\/wp-content\/uploads\/usu741\/2021\/06\/carril-bici-225x300.jpg 225w\" sizes=\"auto, (max-width: 331px) 100vw, 331px\" \/><\/a><\/p>\n<p>&nbsp;<\/p>\n<p>&nbsp;<\/p>\n<p>&nbsp;<\/p>\n<p>La majoria dels infants demanen un carril bici per al Carrer Enten\u00e7a<\/p>\n<p>&nbsp;<\/p>\n<p>&nbsp;<\/p>\n<p>&nbsp;<\/p>\n<p>&nbsp;<\/p>\n<p>&nbsp;<\/p>\n<p>&nbsp;<\/p>\n<p>&nbsp;<\/p>\n<p><span style=\"font-weight: 400;\">A m\u00e9s a m\u00e9s, ens hem inventat una lletra d\u2019una can\u00e7\u00f3 i la seva coreografia per a reivindicar un carrer lliure de soroll i m\u00e9s pacificat.\u00a0<\/span><\/p>\n<p>L&#8217;alumnat i el professorat de l&#8217;Escola Joan Mir\u00f3 protagonitzen el videoclip &#8220;Hem vingut a obrir finestres&#8221; Aqu\u00ed teniu la lletra i la coreografia creada per l&#8217;alumnat de l&#8217;Escola amb el suport de l&#8217;equip docent.<\/p>\n<p><strong>HEM VINGUT A OBRIR FINESTRES<\/strong><\/p>\n<p>INTRO (x1) Ooh&#8230;<br \/>\n<em>ESTROFA A1<\/em><br \/>\nMira quina situaci\u00f3 tenim<br \/>\nAmb els motors funcionant<br \/>\nno podem obrir finestres.<br \/>\nMira que no podem treballar<br \/>\nescoltant aquest soroll<br \/>\nvolem aprendre en harmonia.<br \/>\nAmunt!<br \/>\n<em>ESTROFA B1<\/em><br \/>\nI si els vehicles baixen la velocitat<br \/>\nm\u00e9s carrils bici al nostre voltant<br \/>\nEl soroll intentar rebaixar<br \/>\nper aix\u00ed poder estudiar.<br \/>\nL\u2019escola Joan Mir\u00f3,<br \/>\nvol escoltar millor,<br \/>\ni aquesta lluita tindr\u00e0 un gran final<br \/>\nHem vingut a obrir les finestres<br \/>\nper poder respirar !<br \/>\n<em>TORNADA (x2)<\/em><br \/>\nHi ha molt soroll<br \/>\ni no aguantarem<br \/>\ndurant molt m\u00e9s de temps.<br \/>\nOoh (x2)<br \/>\n<em>ESTROFA A2<\/em><br \/>\nSaps que amb la contaminaci\u00f3<br \/>\nfem encara un m\u00f3n pitjor<br \/>\nNosaltres volem millorar-lo.<br \/>\nAutobusos, cotxes pareu ja Ens<br \/>\nesteu dificultant<br \/>\nvolem aprendre en harmonia<br \/>\n<em>ESTROFA B2<\/em><br \/>\nI si els vehicles baixen la velocitat<br \/>\nm\u00e9s carrils bici al nostre voltant El<br \/>\nsoroll intentar rebaixar<br \/>\nper aix\u00ed poder estudiar.<br \/>\nL\u2019escola Joan Mir\u00f3,<br \/>\nvol escoltar millor,<br \/>\ni aquesta lluita tindr\u00e0 un gran final<br \/>\nHem vingut a obrir les finestres per<br \/>\npoder respirar!<br \/>\n<em>TORNADA (x2)<\/em><br \/>\n<em>ESTROFA C1 (x2)<\/em><br \/>\nHem tingut tant soroll<br \/>\nque estem molt cansats de treballar<br \/>\nsense poder escoltar<br \/>\n<em>ESTROFA C2 (x2)<\/em><br \/>\nNo volem tant soroll<br \/>\nde cl\u00e0xons, ni cotxes, ni camions<br \/>\nprou contaminaci\u00f3.<br \/>\n<em>TORNADA (x2) FINAL Ooh (x2)<\/em><\/p>\n<p><iframe loading=\"lazy\" title=\"Hem vingut a obrir finestres\" width=\"500\" height=\"281\" src=\"https:\/\/www.youtube.com\/embed\/N2aF6KLaD20?feature=oembed\" frameborder=\"0\" allow=\"accelerometer; autoplay; clipboard-write; encrypted-media; gyroscope; picture-in-picture; web-share\" referrerpolicy=\"strict-origin-when-cross-origin\" allowfullscreen><\/iframe><\/p>\n<p>&nbsp;<\/p>\n<blockquote><p><span style=\"font-weight: 400;\">El curs vinent, seguirem treballant per millorar la Nostra escola, la Joan Mir\u00f3. <em><strong>Finestres obertes, carrers tranquils!<\/strong><\/em><\/span><\/p><\/blockquote>\n","protected":false},"excerpt":{"rendered":"<p><iframe loading=\"lazy\" width=\"560\" height=\"315\" src=\"https:\/\/www.youtube.com\/embed\/N2aF6KLaD20\" title=\"YouTube video player\" frameborder=\"0\" allow=\"accelerometer; autoplay; clipboard-write; encrypted-media; gyroscope; picture-in-picture\" allowfullscreen><\/iframe> El Consell d&#8217;infants fa un rep\u00e0s de les accions portades a terme durant aquest curs per a millorar l&#8217;Escola. Entre d&#8217;altres s&#8217;ha fet un estudi del soroll del carrer Enten\u00e7a, s&#8217;ha decidit un esl\u00f2gan i una pancarta i una can\u00e7\u00f3 i una coreografia creada per l&#8217;alumnat.&hellip;  <a href=\"https:\/\/agora.xtec.cat\/ceip-joanmiro-barcelona\/general\/hem-vingut-a-obrir-finestres\/\" title=\"Read Hem vingut a obrir finestres!\">Llegeix m\u00e9s\u00bb<\/a><\/p>\n","protected":false},"author":31,"featured_media":0,"comment_status":"open","ping_status":"closed","sticky":false,"template":"","format":"standard","meta":{"_bbp_topic_count":0,"_bbp_reply_count":0,"_bbp_total_topic_count":0,"_bbp_total_reply_count":0,"_bbp_voice_count":0,"_bbp_anonymous_reply_count":0,"_bbp_topic_count_hidden":0,"_bbp_reply_count_hidden":0,"_bbp_forum_subforum_count":0,"footnotes":""},"categories":[229,230,177,150,153,1,2,4,5,11,10,9,8,30],"tags":[],"class_list":["post-8935","post","type-post","status-publish","format-standard","hentry","category-tercer","category-quart","category-cinque","category-sise","category-conselldinfants","category-general","category-infantil","category-portada","category-primaria","category-promocio2021","category-promocio2022","category-promocio2023","category-promocio2024","category-valors"],"post_mailing_queue_ids":[],"_links":{"self":[{"href":"https:\/\/agora.xtec.cat\/ceip-joanmiro-barcelona\/wp-json\/wp\/v2\/posts\/8935","targetHints":{"allow":["GET"]}}],"collection":[{"href":"https:\/\/agora.xtec.cat\/ceip-joanmiro-barcelona\/wp-json\/wp\/v2\/posts"}],"about":[{"href":"https:\/\/agora.xtec.cat\/ceip-joanmiro-barcelona\/wp-json\/wp\/v2\/types\/post"}],"author":[{"embeddable":true,"href":"https:\/\/agora.xtec.cat\/ceip-joanmiro-barcelona\/wp-json\/wp\/v2\/users\/31"}],"replies":[{"embeddable":true,"href":"https:\/\/agora.xtec.cat\/ceip-joanmiro-barcelona\/wp-json\/wp\/v2\/comments?post=8935"}],"version-history":[{"count":3,"href":"https:\/\/agora.xtec.cat\/ceip-joanmiro-barcelona\/wp-json\/wp\/v2\/posts\/8935\/revisions"}],"predecessor-version":[{"id":8950,"href":"https:\/\/agora.xtec.cat\/ceip-joanmiro-barcelona\/wp-json\/wp\/v2\/posts\/8935\/revisions\/8950"}],"wp:attachment":[{"href":"https:\/\/agora.xtec.cat\/ceip-joanmiro-barcelona\/wp-json\/wp\/v2\/media?parent=8935"}],"wp:term":[{"taxonomy":"category","embeddable":true,"href":"https:\/\/agora.xtec.cat\/ceip-joanmiro-barcelona\/wp-json\/wp\/v2\/categories?post=8935"},{"taxonomy":"post_tag","embeddable":true,"href":"https:\/\/agora.xtec.cat\/ceip-joanmiro-barcelona\/wp-json\/wp\/v2\/tags?post=8935"}],"curies":[{"name":"wp","href":"https:\/\/api.w.org\/{rel}","templated":true}]}}