{"id":8689,"date":"2021-04-26T17:08:54","date_gmt":"2021-04-26T15:08:54","guid":{"rendered":"http:\/\/agora.xtec.cat\/ceip-joanmiro-barcelona\/?p=8689"},"modified":"2021-04-26T17:09:40","modified_gmt":"2021-04-26T15:09:40","slug":"p4-p4-us-volem-explicar-un-conte-per-la-setmana-cultural","status":"publish","type":"post","link":"https:\/\/agora.xtec.cat\/ceip-joanmiro-barcelona\/general\/p4-p4-us-volem-explicar-un-conte-per-la-setmana-cultural\/","title":{"rendered":"P4 us volem explicar un conte per la Setmana Cultural"},"content":{"rendered":"<p><span style=\"font-weight: 400;\">Hola fam\u00edlies,<\/span><\/p>\n<p><span style=\"font-weight: 400;\">L\u2019activitat que us presentem a continuaci\u00f3 \u00e9s el nostre treball literari que hem estat elaborant durant diverses setmanes per presentar a la setmana cultural de l\u2019escola. Aquesta producci\u00f3 liter\u00e0ria \u00e9s un <\/span><b>conte<\/b><span style=\"font-weight: 400;\"> elaborat de manera col.lectiva entre totes les cabretes. Va consistir en:<\/span><\/p>\n<ul>\n<li style=\"font-weight: 400;\"><span style=\"font-weight: 400;\">Primer, ens vam inventar el conte utilitzant molt la nostra imaginaci\u00f3: vam decidir quins personatges vol\u00edem que sortissin i els seus noms, els escenaris on passaria tot, i finalment la hist\u00f2ria.<\/span><\/li>\n<li style=\"font-weight: 400;\"><span style=\"font-weight: 400;\">Segon, vam dibuixar i pintar els escenaris i els personatges utilitzant diferents t\u00e8cniques pl\u00e0stiques.<\/span><\/li>\n<li style=\"font-weight: 400;\"><span style=\"font-weight: 400;\">Tercer, vam escriure algunes paraules significatives del conte.<\/span><\/li>\n<li style=\"font-weight: 400;\"><span style=\"font-weight: 400;\">Despr\u00e9s, vam fer el muntatge del conte.<\/span><\/li>\n<li style=\"font-weight: 400;\"><span style=\"font-weight: 400;\">I per \u00faltim, vam posar veu a la nostra meravellosa obra liter\u00e0ria!<\/span><\/li>\n<\/ul>\n<p><span style=\"font-weight: 400;\">Com veieu, ha sigut una activitat molt significativa i globalitzada per tots els infants a trav\u00e9s de la qual hem treballat molts aspectes: llenguatge oral i escrit, llenguatge pl\u00e0stic, llenguatge matem\u00e0tic&#8230; En ser una activitat tan completa, ha perm\u00e8s que tots i totes participessin segons els seus interessos.\u00a0<\/span><\/p>\n<p><span style=\"font-weight: 400;\">Esperem que gaudiu d\u2019aquest super regal!<\/span><\/p>\n<p>https:\/\/youtu.be\/e11PueTypTQ<\/p>\n<p>https:\/\/youtu.be\/zj6a6m7Ulvc<\/p>\n","protected":false},"excerpt":{"rendered":"<p><iframe loading=\"lazy\" width=\"560\" height=\"315\" src=\"https:\/\/www.youtube.com\/embed\/e11PueTypTQ\" title=\"YouTube video player\" frameborder=\"0\" allow=\"accelerometer; autoplay; clipboard-write; encrypted-media; gyroscope; picture-in-picture\" allowfullscreen><\/iframe>&hellip;  <a href=\"https:\/\/agora.xtec.cat\/ceip-joanmiro-barcelona\/general\/p4-p4-us-volem-explicar-un-conte-per-la-setmana-cultural\/\" title=\"Read P4 us volem explicar un conte per la Setmana Cultural\">Llegeix m\u00e9s\u00bb<\/a><\/p>\n","protected":false},"author":1,"featured_media":0,"comment_status":"open","ping_status":"closed","sticky":false,"template":"","format":"standard","meta":{"_bbp_topic_count":0,"_bbp_reply_count":0,"_bbp_total_topic_count":0,"_bbp_total_reply_count":0,"_bbp_voice_count":0,"_bbp_anonymous_reply_count":0,"_bbp_topic_count_hidden":0,"_bbp_reply_count_hidden":0,"_bbp_forum_subforum_count":0,"footnotes":""},"categories":[230,1,4],"tags":[219,220,198],"class_list":["post-8689","post","type-post","status-publish","format-standard","hentry","category-quart","category-general","category-portada","tag-cabretes","tag-llops","tag-llops-i-cabretes"],"post_mailing_queue_ids":[],"_links":{"self":[{"href":"https:\/\/agora.xtec.cat\/ceip-joanmiro-barcelona\/wp-json\/wp\/v2\/posts\/8689","targetHints":{"allow":["GET"]}}],"collection":[{"href":"https:\/\/agora.xtec.cat\/ceip-joanmiro-barcelona\/wp-json\/wp\/v2\/posts"}],"about":[{"href":"https:\/\/agora.xtec.cat\/ceip-joanmiro-barcelona\/wp-json\/wp\/v2\/types\/post"}],"author":[{"embeddable":true,"href":"https:\/\/agora.xtec.cat\/ceip-joanmiro-barcelona\/wp-json\/wp\/v2\/users\/1"}],"replies":[{"embeddable":true,"href":"https:\/\/agora.xtec.cat\/ceip-joanmiro-barcelona\/wp-json\/wp\/v2\/comments?post=8689"}],"version-history":[{"count":4,"href":"https:\/\/agora.xtec.cat\/ceip-joanmiro-barcelona\/wp-json\/wp\/v2\/posts\/8689\/revisions"}],"predecessor-version":[{"id":8697,"href":"https:\/\/agora.xtec.cat\/ceip-joanmiro-barcelona\/wp-json\/wp\/v2\/posts\/8689\/revisions\/8697"}],"wp:attachment":[{"href":"https:\/\/agora.xtec.cat\/ceip-joanmiro-barcelona\/wp-json\/wp\/v2\/media?parent=8689"}],"wp:term":[{"taxonomy":"category","embeddable":true,"href":"https:\/\/agora.xtec.cat\/ceip-joanmiro-barcelona\/wp-json\/wp\/v2\/categories?post=8689"},{"taxonomy":"post_tag","embeddable":true,"href":"https:\/\/agora.xtec.cat\/ceip-joanmiro-barcelona\/wp-json\/wp\/v2\/tags?post=8689"}],"curies":[{"name":"wp","href":"https:\/\/api.w.org\/{rel}","templated":true}]}}