{"id":8552,"date":"2021-03-12T08:57:28","date_gmt":"2021-03-12T07:57:28","guid":{"rendered":"http:\/\/agora.xtec.cat\/ceip-joanmiro-barcelona\/?p=8552"},"modified":"2021-04-30T12:17:10","modified_gmt":"2021-04-30T10:17:10","slug":"la-nostra-collaboracio-amb-el-projecte-erasmus-coedu","status":"publish","type":"post","link":"https:\/\/agora.xtec.cat\/ceip-joanmiro-barcelona\/general\/la-nostra-collaboracio-amb-el-projecte-erasmus-coedu\/","title":{"rendered":"La nostra col\u00b7laboraci\u00f3 amb el projecte Erasmus + COEDU"},"content":{"rendered":"<p>Us presentem el v\u00eddeo de difusi\u00f3 del projecte Erasmus + COEDU. En aquest v\u00eddeo expliquem quina ha estat la nostra traject\u00f2ria i com treballem a l&#8217;Escola la coeducaci\u00f3.<\/p>\n<p><iframe loading=\"lazy\" title=\"Presentaci\u00f3 Erasmus COEDU - Escola Joan Mir\u00f3\" width=\"500\" height=\"281\" src=\"https:\/\/www.youtube.com\/embed\/bRSFCVvyOIQ?feature=oembed\" frameborder=\"0\" allow=\"accelerometer; autoplay; clipboard-write; encrypted-media; gyroscope; picture-in-picture; web-share\" referrerpolicy=\"strict-origin-when-cross-origin\" allowfullscreen><\/iframe><\/p>\n","protected":false},"excerpt":{"rendered":"<p><iframe loading=\"lazy\" width=\"560\" height=\"315\" src=\"https:\/\/www.youtube.com\/embed\/bRSFCVvyOIQ\" frameborder=\"0\" allow=\"accelerometer; autoplay; clipboard-write; encrypted-media; gyroscope; picture-in-picture\" allowfullscreen><\/iframe>&hellip;  <a href=\"https:\/\/agora.xtec.cat\/ceip-joanmiro-barcelona\/general\/la-nostra-collaboracio-amb-el-projecte-erasmus-coedu\/\" title=\"Read La nostra col\u00b7laboraci\u00f3 amb el projecte Erasmus + COEDU\">Llegeix m\u00e9s\u00bb<\/a><\/p>\n","protected":false},"author":31,"featured_media":0,"comment_status":"open","ping_status":"closed","sticky":false,"template":"","format":"standard","meta":{"_bbp_topic_count":0,"_bbp_reply_count":0,"_bbp_total_topic_count":0,"_bbp_total_reply_count":0,"_bbp_voice_count":0,"_bbp_anonymous_reply_count":0,"_bbp_topic_count_hidden":0,"_bbp_reply_count_hidden":0,"_bbp_forum_subforum_count":0,"footnotes":""},"categories":[229,230,177,150,1,2,4,5,123,11,10,9,8,30],"tags":[],"class_list":["post-8552","post","type-post","status-publish","format-standard","hentry","category-tercer","category-quart","category-cinque","category-sise","category-general","category-infantil","category-portada","category-primaria","category-projectepati","category-promocio2021","category-promocio2022","category-promocio2023","category-promocio2024","category-valors"],"post_mailing_queue_ids":[],"_links":{"self":[{"href":"https:\/\/agora.xtec.cat\/ceip-joanmiro-barcelona\/wp-json\/wp\/v2\/posts\/8552","targetHints":{"allow":["GET"]}}],"collection":[{"href":"https:\/\/agora.xtec.cat\/ceip-joanmiro-barcelona\/wp-json\/wp\/v2\/posts"}],"about":[{"href":"https:\/\/agora.xtec.cat\/ceip-joanmiro-barcelona\/wp-json\/wp\/v2\/types\/post"}],"author":[{"embeddable":true,"href":"https:\/\/agora.xtec.cat\/ceip-joanmiro-barcelona\/wp-json\/wp\/v2\/users\/31"}],"replies":[{"embeddable":true,"href":"https:\/\/agora.xtec.cat\/ceip-joanmiro-barcelona\/wp-json\/wp\/v2\/comments?post=8552"}],"version-history":[{"count":1,"href":"https:\/\/agora.xtec.cat\/ceip-joanmiro-barcelona\/wp-json\/wp\/v2\/posts\/8552\/revisions"}],"predecessor-version":[{"id":8554,"href":"https:\/\/agora.xtec.cat\/ceip-joanmiro-barcelona\/wp-json\/wp\/v2\/posts\/8552\/revisions\/8554"}],"wp:attachment":[{"href":"https:\/\/agora.xtec.cat\/ceip-joanmiro-barcelona\/wp-json\/wp\/v2\/media?parent=8552"}],"wp:term":[{"taxonomy":"category","embeddable":true,"href":"https:\/\/agora.xtec.cat\/ceip-joanmiro-barcelona\/wp-json\/wp\/v2\/categories?post=8552"},{"taxonomy":"post_tag","embeddable":true,"href":"https:\/\/agora.xtec.cat\/ceip-joanmiro-barcelona\/wp-json\/wp\/v2\/tags?post=8552"}],"curies":[{"name":"wp","href":"https:\/\/api.w.org\/{rel}","templated":true}]}}