{"id":827,"date":"2016-10-24T13:48:05","date_gmt":"2016-10-24T11:48:05","guid":{"rendered":"http:\/\/agora.xtec.cat\/ceip-joanmiro-barcelona\/?p=827"},"modified":"2016-10-24T13:48:05","modified_gmt":"2016-10-24T11:48:05","slug":"la-tardor-a-fons-mari","status":"publish","type":"post","link":"https:\/\/agora.xtec.cat\/ceip-joanmiro-barcelona\/primaria\/la-tardor-a-fons-mari\/","title":{"rendered":"La tardor a Fons Mar\u00ed"},"content":{"rendered":"<p>Avui els nens i nenes de la classe Fons Mar\u00ed hem observat diferents fruits t\u00edpics de la tardor.<\/p>\n<p>&nbsp;<\/p>\n<p><a href=\"http:\/\/agora.xtec.cat\/ceip-joanmiro-barcelona\/wp-content\/uploads\/usu741\/2016\/10\/2110793989_81791c686c.jpg\"><img loading=\"lazy\" decoding=\"async\" class=\"alignnone wp-image-838\" src=\"http:\/\/agora.xtec.cat\/ceip-joanmiro-barcelona\/wp-content\/uploads\/usu741\/2016\/10\/2110793989_81791c686c.jpg\" alt=\"2110793989_81791c686c\" width=\"254\" height=\"169\" srcset=\"https:\/\/agora.xtec.cat\/ceip-joanmiro-barcelona\/wp-content\/uploads\/usu741\/2016\/10\/2110793989_81791c686c.jpg 500w, https:\/\/agora.xtec.cat\/ceip-joanmiro-barcelona\/wp-content\/uploads\/usu741\/2016\/10\/2110793989_81791c686c-300x200.jpg 300w\" sizes=\"auto, (max-width: 254px) 100vw, 254px\" \/><\/a> <a href=\"http:\/\/agora.xtec.cat\/ceip-joanmiro-barcelona\/wp-content\/uploads\/usu741\/2016\/10\/aglans-dol\u00e7os.jpg\"><img loading=\"lazy\" decoding=\"async\" class=\"alignnone wp-image-839\" src=\"http:\/\/agora.xtec.cat\/ceip-joanmiro-barcelona\/wp-content\/uploads\/usu741\/2016\/10\/aglans-dol\u00e7os.jpg\" alt=\"aglans-dolcos\" width=\"252\" height=\"168\" srcset=\"https:\/\/agora.xtec.cat\/ceip-joanmiro-barcelona\/wp-content\/uploads\/usu741\/2016\/10\/aglans-dol\u00e7os.jpg 400w, https:\/\/agora.xtec.cat\/ceip-joanmiro-barcelona\/wp-content\/uploads\/usu741\/2016\/10\/aglans-dol\u00e7os-300x200.jpg 300w\" sizes=\"auto, (max-width: 252px) 100vw, 252px\" \/><\/a> <a href=\"http:\/\/agora.xtec.cat\/ceip-joanmiro-barcelona\/wp-content\/uploads\/usu741\/2016\/10\/bolets_pag_28903_1.jpg\"><img loading=\"lazy\" decoding=\"async\" class=\"alignnone wp-image-840\" src=\"http:\/\/agora.xtec.cat\/ceip-joanmiro-barcelona\/wp-content\/uploads\/usu741\/2016\/10\/bolets_pag_28903_1.jpg\" alt=\"bolets_pag_28903_1\" width=\"234\" height=\"166\" srcset=\"https:\/\/agora.xtec.cat\/ceip-joanmiro-barcelona\/wp-content\/uploads\/usu741\/2016\/10\/bolets_pag_28903_1.jpg 400w, https:\/\/agora.xtec.cat\/ceip-joanmiro-barcelona\/wp-content\/uploads\/usu741\/2016\/10\/bolets_pag_28903_1-300x213.jpg 300w\" sizes=\"auto, (max-width: 234px) 100vw, 234px\" \/><\/a><\/p>\n","protected":false},"excerpt":{"rendered":"<p>Avui els nens i nenes de la classe Fons Mar\u00ed hem observat diferents fruits t\u00edpics de la tardor.<br \/>\n&nbsp;<br \/>\n<a href=\"http:\/\/agora.xtec.cat\/ceip-joanmiro-barcelona\/wp-content\/uploads\/usu741\/2016\/10\/2110793989_81791c686c.jpg\"><\/a> <a href=\"http:\/\/agora.xtec.cat\/ceip-joanmiro-barcelona\/wp-content\/uploads\/usu741\/2016\/10\/aglans-dol\u00e7os.jpg\"><\/a> <a href=\"http:\/\/agora.xtec.cat\/ceip-joanmiro-barcelona\/wp-content\/uploads\/usu741\/2016\/10\/bolets_pag_28903_1.jpg\"><\/a><\/p>\n","protected":false},"author":1,"featured_media":840,"comment_status":"open","ping_status":"open","sticky":false,"template":"","format":"standard","meta":{"_bbp_topic_count":0,"_bbp_reply_count":0,"_bbp_total_topic_count":0,"_bbp_total_reply_count":0,"_bbp_voice_count":0,"_bbp_anonymous_reply_count":0,"_bbp_topic_count_hidden":0,"_bbp_reply_count_hidden":0,"_bbp_forum_subforum_count":0,"footnotes":""},"categories":[5,11],"tags":[82],"class_list":["post-827","post","type-post","status-publish","format-standard","has-post-thumbnail","hentry","category-primaria","category-promocio2021","tag-fons-mari"],"post_mailing_queue_ids":[],"_links":{"self":[{"href":"https:\/\/agora.xtec.cat\/ceip-joanmiro-barcelona\/wp-json\/wp\/v2\/posts\/827","targetHints":{"allow":["GET"]}}],"collection":[{"href":"https:\/\/agora.xtec.cat\/ceip-joanmiro-barcelona\/wp-json\/wp\/v2\/posts"}],"about":[{"href":"https:\/\/agora.xtec.cat\/ceip-joanmiro-barcelona\/wp-json\/wp\/v2\/types\/post"}],"author":[{"embeddable":true,"href":"https:\/\/agora.xtec.cat\/ceip-joanmiro-barcelona\/wp-json\/wp\/v2\/users\/1"}],"replies":[{"embeddable":true,"href":"https:\/\/agora.xtec.cat\/ceip-joanmiro-barcelona\/wp-json\/wp\/v2\/comments?post=827"}],"version-history":[{"count":1,"href":"https:\/\/agora.xtec.cat\/ceip-joanmiro-barcelona\/wp-json\/wp\/v2\/posts\/827\/revisions"}],"predecessor-version":[{"id":844,"href":"https:\/\/agora.xtec.cat\/ceip-joanmiro-barcelona\/wp-json\/wp\/v2\/posts\/827\/revisions\/844"}],"wp:featuredmedia":[{"embeddable":true,"href":"https:\/\/agora.xtec.cat\/ceip-joanmiro-barcelona\/wp-json\/wp\/v2\/media\/840"}],"wp:attachment":[{"href":"https:\/\/agora.xtec.cat\/ceip-joanmiro-barcelona\/wp-json\/wp\/v2\/media?parent=827"}],"wp:term":[{"taxonomy":"category","embeddable":true,"href":"https:\/\/agora.xtec.cat\/ceip-joanmiro-barcelona\/wp-json\/wp\/v2\/categories?post=827"},{"taxonomy":"post_tag","embeddable":true,"href":"https:\/\/agora.xtec.cat\/ceip-joanmiro-barcelona\/wp-json\/wp\/v2\/tags?post=827"}],"curies":[{"name":"wp","href":"https:\/\/api.w.org\/{rel}","templated":true}]}}