{"id":7856,"date":"2020-11-24T08:17:01","date_gmt":"2020-11-24T07:17:01","guid":{"rendered":"http:\/\/agora.xtec.cat\/ceip-joanmiro-barcelona\/?p=7856"},"modified":"2020-11-24T08:48:07","modified_gmt":"2020-11-24T07:48:07","slug":"iniciem-el-projecte-erasmusco-edu-a-lescola","status":"publish","type":"post","link":"https:\/\/agora.xtec.cat\/ceip-joanmiro-barcelona\/general\/iniciem-el-projecte-erasmusco-edu-a-lescola\/","title":{"rendered":"Iniciem el projecte Erasmus+CO-EDU a l&#8217;Escola"},"content":{"rendered":"<p>&nbsp;<\/p>\n<p style=\"text-align: left;\">Durant els seg\u00fcents anys, l&#8217;Escola Joan Mir\u00f3 participar\u00e0, juntament amb el CRP i altre centres de l&#8217;Eixample, en el projecte Erasmus + K101- CO-EDU. Aquest projecte t\u00e9 com a objectiu con\u00e8ixer i transferir experi\u00e8ncies coeducatives per Europa que reverteixin al districte.<\/p>\n<p style=\"text-align: left;\">Podeu trobar m\u00e9s informaci\u00f3 sobre aquest projecte en el seg\u00fcent <a href=\"https:\/\/agora.xtec.cat\/ceip-joanmiro-barcelona\/lescola\/projectes-descola\/erasmus-co-edu\/\">enlla\u00e7<\/a>.<\/p>\n<p style=\"text-align: center;\"><a href=\"https:\/\/agora.xtec.cat\/ceip-joanmiro-barcelona\/lescola\/projectes-descola\/erasmus-co-edu\/\"><img loading=\"lazy\" decoding=\"async\" class=\"wp-image-7857 aligncenter\" src=\"https:\/\/agora.xtec.cat\/ceip-joanmiro-barcelona\/wp-content\/uploads\/usu741\/2020\/10\/Reliable-I.T.-Service-1.png\" alt=\"\" width=\"410\" height=\"246\" srcset=\"https:\/\/agora.xtec.cat\/ceip-joanmiro-barcelona\/wp-content\/uploads\/usu741\/2020\/10\/Reliable-I.T.-Service-1.png 1000w, https:\/\/agora.xtec.cat\/ceip-joanmiro-barcelona\/wp-content\/uploads\/usu741\/2020\/10\/Reliable-I.T.-Service-1-300x180.png 300w, https:\/\/agora.xtec.cat\/ceip-joanmiro-barcelona\/wp-content\/uploads\/usu741\/2020\/10\/Reliable-I.T.-Service-1-768x461.png 768w\" sizes=\"auto, (max-width: 410px) 100vw, 410px\" \/><\/a><\/p>\n<p style=\"text-align: center;\"><iframe loading=\"lazy\" title=\"ERASMUS+ 2014 2020\" width=\"500\" height=\"281\" src=\"https:\/\/www.youtube.com\/embed\/IMOMZVd5huA?feature=oembed\" frameborder=\"0\" allow=\"accelerometer; autoplay; clipboard-write; encrypted-media; gyroscope; picture-in-picture; web-share\" referrerpolicy=\"strict-origin-when-cross-origin\" allowfullscreen><\/iframe><\/p>\n<p>&nbsp;<\/p>\n","protected":false},"excerpt":{"rendered":"<p>Durant els seg\u00fcents anys, l&#8217;Escola Joan Mir\u00f3 participar\u00e0, juntament amb el CRP i altre centres de l&#8217;Eixample, en el projecte Erasmus + K101- CO-EDU. Aquest projecte consisteix en con\u00e8ixer i transferir experi\u00e8ncies coeducatives per Europa que reverteixin al districte.&hellip;  <a href=\"https:\/\/agora.xtec.cat\/ceip-joanmiro-barcelona\/general\/iniciem-el-projecte-erasmusco-edu-a-lescola\/\" title=\"Read Iniciem el projecte Erasmus+CO-EDU a l&#8217;Escola\">Llegeix m\u00e9s\u00bb<\/a><\/p>\n","protected":false},"author":31,"featured_media":7857,"comment_status":"open","ping_status":"closed","sticky":false,"template":"","format":"standard","meta":{"_bbp_topic_count":0,"_bbp_reply_count":0,"_bbp_total_topic_count":0,"_bbp_total_reply_count":0,"_bbp_voice_count":0,"_bbp_anonymous_reply_count":0,"_bbp_topic_count_hidden":0,"_bbp_reply_count_hidden":0,"_bbp_forum_subforum_count":0,"footnotes":""},"categories":[229,230,177,150,157,1,2,4,5,11,10,9,8],"tags":[235],"class_list":["post-7856","post","type-post","status-publish","format-standard","has-post-thumbnail","hentry","category-tercer","category-quart","category-cinque","category-sise","category-english","category-general","category-infantil","category-portada","category-primaria","category-promocio2021","category-promocio2022","category-promocio2023","category-promocio2024","tag-erasmus"],"post_mailing_queue_ids":[],"_links":{"self":[{"href":"https:\/\/agora.xtec.cat\/ceip-joanmiro-barcelona\/wp-json\/wp\/v2\/posts\/7856","targetHints":{"allow":["GET"]}}],"collection":[{"href":"https:\/\/agora.xtec.cat\/ceip-joanmiro-barcelona\/wp-json\/wp\/v2\/posts"}],"about":[{"href":"https:\/\/agora.xtec.cat\/ceip-joanmiro-barcelona\/wp-json\/wp\/v2\/types\/post"}],"author":[{"embeddable":true,"href":"https:\/\/agora.xtec.cat\/ceip-joanmiro-barcelona\/wp-json\/wp\/v2\/users\/31"}],"replies":[{"embeddable":true,"href":"https:\/\/agora.xtec.cat\/ceip-joanmiro-barcelona\/wp-json\/wp\/v2\/comments?post=7856"}],"version-history":[{"count":4,"href":"https:\/\/agora.xtec.cat\/ceip-joanmiro-barcelona\/wp-json\/wp\/v2\/posts\/7856\/revisions"}],"predecessor-version":[{"id":8018,"href":"https:\/\/agora.xtec.cat\/ceip-joanmiro-barcelona\/wp-json\/wp\/v2\/posts\/7856\/revisions\/8018"}],"wp:featuredmedia":[{"embeddable":true,"href":"https:\/\/agora.xtec.cat\/ceip-joanmiro-barcelona\/wp-json\/wp\/v2\/media\/7857"}],"wp:attachment":[{"href":"https:\/\/agora.xtec.cat\/ceip-joanmiro-barcelona\/wp-json\/wp\/v2\/media?parent=7856"}],"wp:term":[{"taxonomy":"category","embeddable":true,"href":"https:\/\/agora.xtec.cat\/ceip-joanmiro-barcelona\/wp-json\/wp\/v2\/categories?post=7856"},{"taxonomy":"post_tag","embeddable":true,"href":"https:\/\/agora.xtec.cat\/ceip-joanmiro-barcelona\/wp-json\/wp\/v2\/tags?post=7856"}],"curies":[{"name":"wp","href":"https:\/\/api.w.org\/{rel}","templated":true}]}}