{"id":783,"date":"2016-10-20T19:27:05","date_gmt":"2016-10-20T18:27:05","guid":{"rendered":"http:\/\/agora.xtec.cat\/ceip-joanmiro-barcelona\/?p=783"},"modified":"2016-10-24T14:07:11","modified_gmt":"2016-10-24T12:07:11","slug":"el-parlament","status":"publish","type":"post","link":"https:\/\/agora.xtec.cat\/ceip-joanmiro-barcelona\/primaria\/el-parlament\/","title":{"rendered":"El Parlament"},"content":{"rendered":"<p>Hola fam\u00edlies,<\/p>\n<p>Suposem que ja sabeu que aquest darrer dimarts vam poder realitzar una activitat molt divertida al Parlament de Catalunya. Despr\u00e9s d&#8217;un mes treballant aquesta unitat a classe, creant grups parlamentaris i elaborant propostes per a una Catalunya millor, vam poder simular una sessi\u00f3 d&#8217;investidura, vam triar el president i vice-presidents de la mesa del parlament i finalment vam poder triar els diferents consellers de la Generalitat; tota una experi\u00e8ncia!<\/p>\n<p>A m\u00e9s, no nom\u00e9s vam tenir l&#8217;oportunitat de veure el funcionament del parlament, sin\u00f3 que tamb\u00e9 vam poder veure la diputada Anna Gabriel, amb la qual vam poder intercanviar quatre paraules.<\/p>\n<p>Les mestres de 6\u00e8<\/p>\n<p><a href=\"http:\/\/agora.xtec.cat\/ceip-joanmiro-barcelona\/wp-content\/uploads\/usu741\/2016\/10\/Mallorca-5.jpg\"><img loading=\"lazy\" decoding=\"async\" class=\"alignnone size-full wp-image-793\" src=\"http:\/\/agora.xtec.cat\/ceip-joanmiro-barcelona\/wp-content\/uploads\/usu741\/2016\/10\/Mallorca-5.jpg\" alt=\"mallorca-5\" width=\"960\" height=\"718\" srcset=\"https:\/\/agora.xtec.cat\/ceip-joanmiro-barcelona\/wp-content\/uploads\/usu741\/2016\/10\/Mallorca-5.jpg 960w, https:\/\/agora.xtec.cat\/ceip-joanmiro-barcelona\/wp-content\/uploads\/usu741\/2016\/10\/Mallorca-5-300x224.jpg 300w, https:\/\/agora.xtec.cat\/ceip-joanmiro-barcelona\/wp-content\/uploads\/usu741\/2016\/10\/Mallorca-5-768x574.jpg 768w, https:\/\/agora.xtec.cat\/ceip-joanmiro-barcelona\/wp-content\/uploads\/usu741\/2016\/10\/Mallorca-5-200x150.jpg 200w\" sizes=\"auto, (max-width: 960px) 100vw, 960px\" \/><\/a><\/p>\n<p><a href=\"http:\/\/agora.xtec.cat\/ceip-joanmiro-barcelona\/wp-content\/uploads\/usu741\/2016\/10\/Mallorca-3.jpg\"><img loading=\"lazy\" decoding=\"async\" class=\"alignnone size-full wp-image-791\" src=\"http:\/\/agora.xtec.cat\/ceip-joanmiro-barcelona\/wp-content\/uploads\/usu741\/2016\/10\/Mallorca-3.jpg\" alt=\"mallorca-3\" width=\"960\" height=\"718\" srcset=\"https:\/\/agora.xtec.cat\/ceip-joanmiro-barcelona\/wp-content\/uploads\/usu741\/2016\/10\/Mallorca-3.jpg 960w, https:\/\/agora.xtec.cat\/ceip-joanmiro-barcelona\/wp-content\/uploads\/usu741\/2016\/10\/Mallorca-3-300x224.jpg 300w, https:\/\/agora.xtec.cat\/ceip-joanmiro-barcelona\/wp-content\/uploads\/usu741\/2016\/10\/Mallorca-3-768x574.jpg 768w, https:\/\/agora.xtec.cat\/ceip-joanmiro-barcelona\/wp-content\/uploads\/usu741\/2016\/10\/Mallorca-3-200x150.jpg 200w\" sizes=\"auto, (max-width: 960px) 100vw, 960px\" \/><\/a> <a href=\"http:\/\/agora.xtec.cat\/ceip-joanmiro-barcelona\/wp-content\/uploads\/usu741\/2016\/10\/Mallorca-2.jpg\"><img loading=\"lazy\" decoding=\"async\" class=\"alignnone size-full wp-image-790\" src=\"http:\/\/agora.xtec.cat\/ceip-joanmiro-barcelona\/wp-content\/uploads\/usu741\/2016\/10\/Mallorca-2.jpg\" alt=\"mallorca-2\" width=\"960\" height=\"720\" srcset=\"https:\/\/agora.xtec.cat\/ceip-joanmiro-barcelona\/wp-content\/uploads\/usu741\/2016\/10\/Mallorca-2.jpg 960w, https:\/\/agora.xtec.cat\/ceip-joanmiro-barcelona\/wp-content\/uploads\/usu741\/2016\/10\/Mallorca-2-300x225.jpg 300w, https:\/\/agora.xtec.cat\/ceip-joanmiro-barcelona\/wp-content\/uploads\/usu741\/2016\/10\/Mallorca-2-768x576.jpg 768w, https:\/\/agora.xtec.cat\/ceip-joanmiro-barcelona\/wp-content\/uploads\/usu741\/2016\/10\/Mallorca-2-200x150.jpg 200w\" sizes=\"auto, (max-width: 960px) 100vw, 960px\" \/><\/a> <a href=\"http:\/\/agora.xtec.cat\/ceip-joanmiro-barcelona\/wp-content\/uploads\/usu741\/2016\/10\/Mallorca-1.jpg\"><img loading=\"lazy\" decoding=\"async\" class=\"alignnone size-full wp-image-789\" src=\"http:\/\/agora.xtec.cat\/ceip-joanmiro-barcelona\/wp-content\/uploads\/usu741\/2016\/10\/Mallorca-1.jpg\" alt=\"mallorca-1\" width=\"960\" height=\"720\" srcset=\"https:\/\/agora.xtec.cat\/ceip-joanmiro-barcelona\/wp-content\/uploads\/usu741\/2016\/10\/Mallorca-1.jpg 960w, https:\/\/agora.xtec.cat\/ceip-joanmiro-barcelona\/wp-content\/uploads\/usu741\/2016\/10\/Mallorca-1-300x225.jpg 300w, https:\/\/agora.xtec.cat\/ceip-joanmiro-barcelona\/wp-content\/uploads\/usu741\/2016\/10\/Mallorca-1-768x576.jpg 768w, https:\/\/agora.xtec.cat\/ceip-joanmiro-barcelona\/wp-content\/uploads\/usu741\/2016\/10\/Mallorca-1-200x150.jpg 200w\" sizes=\"auto, (max-width: 960px) 100vw, 960px\" \/><\/a> <a href=\"http:\/\/agora.xtec.cat\/ceip-joanmiro-barcelona\/wp-content\/uploads\/usu741\/2016\/10\/Eivissa-5.jpg\"><img loading=\"lazy\" decoding=\"async\" class=\"alignnone size-full wp-image-788\" src=\"http:\/\/agora.xtec.cat\/ceip-joanmiro-barcelona\/wp-content\/uploads\/usu741\/2016\/10\/Eivissa-5.jpg\" alt=\"eivissa-5\" width=\"960\" height=\"720\" srcset=\"https:\/\/agora.xtec.cat\/ceip-joanmiro-barcelona\/wp-content\/uploads\/usu741\/2016\/10\/Eivissa-5.jpg 960w, https:\/\/agora.xtec.cat\/ceip-joanmiro-barcelona\/wp-content\/uploads\/usu741\/2016\/10\/Eivissa-5-300x225.jpg 300w, https:\/\/agora.xtec.cat\/ceip-joanmiro-barcelona\/wp-content\/uploads\/usu741\/2016\/10\/Eivissa-5-768x576.jpg 768w, https:\/\/agora.xtec.cat\/ceip-joanmiro-barcelona\/wp-content\/uploads\/usu741\/2016\/10\/Eivissa-5-200x150.jpg 200w\" sizes=\"auto, (max-width: 960px) 100vw, 960px\" \/><\/a> <a href=\"http:\/\/agora.xtec.cat\/ceip-joanmiro-barcelona\/wp-content\/uploads\/usu741\/2016\/10\/Eivissa-4.jpg\"><img loading=\"lazy\" decoding=\"async\" class=\"alignnone size-full wp-image-787\" src=\"http:\/\/agora.xtec.cat\/ceip-joanmiro-barcelona\/wp-content\/uploads\/usu741\/2016\/10\/Eivissa-4.jpg\" alt=\"eivissa-4\" width=\"960\" height=\"707\" srcset=\"https:\/\/agora.xtec.cat\/ceip-joanmiro-barcelona\/wp-content\/uploads\/usu741\/2016\/10\/Eivissa-4.jpg 960w, https:\/\/agora.xtec.cat\/ceip-joanmiro-barcelona\/wp-content\/uploads\/usu741\/2016\/10\/Eivissa-4-300x221.jpg 300w, https:\/\/agora.xtec.cat\/ceip-joanmiro-barcelona\/wp-content\/uploads\/usu741\/2016\/10\/Eivissa-4-768x566.jpg 768w\" sizes=\"auto, (max-width: 960px) 100vw, 960px\" \/><\/a> <a href=\"http:\/\/agora.xtec.cat\/ceip-joanmiro-barcelona\/wp-content\/uploads\/usu741\/2016\/10\/Eivissa-3.jpg\"><img loading=\"lazy\" decoding=\"async\" class=\"alignnone size-full wp-image-786\" src=\"http:\/\/agora.xtec.cat\/ceip-joanmiro-barcelona\/wp-content\/uploads\/usu741\/2016\/10\/Eivissa-3.jpg\" alt=\"eivissa-3\" width=\"960\" height=\"718\" srcset=\"https:\/\/agora.xtec.cat\/ceip-joanmiro-barcelona\/wp-content\/uploads\/usu741\/2016\/10\/Eivissa-3.jpg 960w, https:\/\/agora.xtec.cat\/ceip-joanmiro-barcelona\/wp-content\/uploads\/usu741\/2016\/10\/Eivissa-3-300x224.jpg 300w, https:\/\/agora.xtec.cat\/ceip-joanmiro-barcelona\/wp-content\/uploads\/usu741\/2016\/10\/Eivissa-3-768x574.jpg 768w, https:\/\/agora.xtec.cat\/ceip-joanmiro-barcelona\/wp-content\/uploads\/usu741\/2016\/10\/Eivissa-3-200x150.jpg 200w\" sizes=\"auto, (max-width: 960px) 100vw, 960px\" \/><\/a> <a href=\"http:\/\/agora.xtec.cat\/ceip-joanmiro-barcelona\/wp-content\/uploads\/usu741\/2016\/10\/Eivissa-2.jpg\"><img loading=\"lazy\" decoding=\"async\" class=\"alignnone size-full wp-image-785\" src=\"http:\/\/agora.xtec.cat\/ceip-joanmiro-barcelona\/wp-content\/uploads\/usu741\/2016\/10\/Eivissa-2.jpg\" alt=\"eivissa-2\" width=\"960\" height=\"708\" srcset=\"https:\/\/agora.xtec.cat\/ceip-joanmiro-barcelona\/wp-content\/uploads\/usu741\/2016\/10\/Eivissa-2.jpg 960w, https:\/\/agora.xtec.cat\/ceip-joanmiro-barcelona\/wp-content\/uploads\/usu741\/2016\/10\/Eivissa-2-300x221.jpg 300w, https:\/\/agora.xtec.cat\/ceip-joanmiro-barcelona\/wp-content\/uploads\/usu741\/2016\/10\/Eivissa-2-768x566.jpg 768w\" sizes=\"auto, (max-width: 960px) 100vw, 960px\" \/><\/a> <a href=\"http:\/\/agora.xtec.cat\/ceip-joanmiro-barcelona\/wp-content\/uploads\/usu741\/2016\/10\/Eivissa-1.jpg\"><img loading=\"lazy\" decoding=\"async\" class=\"alignnone size-full wp-image-784\" src=\"http:\/\/agora.xtec.cat\/ceip-joanmiro-barcelona\/wp-content\/uploads\/usu741\/2016\/10\/Eivissa-1.jpg\" alt=\"eivissa-1\" width=\"960\" height=\"720\" srcset=\"https:\/\/agora.xtec.cat\/ceip-joanmiro-barcelona\/wp-content\/uploads\/usu741\/2016\/10\/Eivissa-1.jpg 960w, https:\/\/agora.xtec.cat\/ceip-joanmiro-barcelona\/wp-content\/uploads\/usu741\/2016\/10\/Eivissa-1-300x225.jpg 300w, https:\/\/agora.xtec.cat\/ceip-joanmiro-barcelona\/wp-content\/uploads\/usu741\/2016\/10\/Eivissa-1-768x576.jpg 768w, https:\/\/agora.xtec.cat\/ceip-joanmiro-barcelona\/wp-content\/uploads\/usu741\/2016\/10\/Eivissa-1-200x150.jpg 200w\" sizes=\"auto, (max-width: 960px) 100vw, 960px\" \/><\/a><\/p>\n","protected":false},"excerpt":{"rendered":"<p>Hola fam\u00edlies,<\/p>\n<p>Suposem que ja sabeu que aquest darrer dimarts vam poder realitzar una activitat molt divertida al Parlament de Catalunya. Despr\u00e9s d&#8217;un mes treballant aquesta unitat a classe, creant grups parlamentaris i elaborant propostes per a una Catalunya millor, vam poder simular una sessi\u00f3 d&#8217;investidura, vam triar el president i vice-presidents de la mesa del parlament i finalment vam poder triar els diferents consellers de la Generalitat; tota una experi\u00e8ncia!&hellip;  <a href=\"https:\/\/agora.xtec.cat\/ceip-joanmiro-barcelona\/primaria\/el-parlament\/\" title=\"Read El Parlament\">Llegeix m\u00e9s\u00bb<\/a><\/p>\n","protected":false},"author":31,"featured_media":793,"comment_status":"open","ping_status":"open","sticky":false,"template":"","format":"standard","meta":{"_bbp_topic_count":0,"_bbp_reply_count":0,"_bbp_total_topic_count":0,"_bbp_total_reply_count":0,"_bbp_voice_count":0,"_bbp_anonymous_reply_count":0,"_bbp_topic_count_hidden":0,"_bbp_reply_count_hidden":0,"_bbp_forum_subforum_count":0,"footnotes":""},"categories":[5],"tags":[101,100],"class_list":["post-783","post","type-post","status-publish","format-standard","has-post-thumbnail","hentry","category-primaria","tag-eivissa","tag-mallorca"],"post_mailing_queue_ids":[],"_links":{"self":[{"href":"https:\/\/agora.xtec.cat\/ceip-joanmiro-barcelona\/wp-json\/wp\/v2\/posts\/783","targetHints":{"allow":["GET"]}}],"collection":[{"href":"https:\/\/agora.xtec.cat\/ceip-joanmiro-barcelona\/wp-json\/wp\/v2\/posts"}],"about":[{"href":"https:\/\/agora.xtec.cat\/ceip-joanmiro-barcelona\/wp-json\/wp\/v2\/types\/post"}],"author":[{"embeddable":true,"href":"https:\/\/agora.xtec.cat\/ceip-joanmiro-barcelona\/wp-json\/wp\/v2\/users\/31"}],"replies":[{"embeddable":true,"href":"https:\/\/agora.xtec.cat\/ceip-joanmiro-barcelona\/wp-json\/wp\/v2\/comments?post=783"}],"version-history":[{"count":2,"href":"https:\/\/agora.xtec.cat\/ceip-joanmiro-barcelona\/wp-json\/wp\/v2\/posts\/783\/revisions"}],"predecessor-version":[{"id":798,"href":"https:\/\/agora.xtec.cat\/ceip-joanmiro-barcelona\/wp-json\/wp\/v2\/posts\/783\/revisions\/798"}],"wp:featuredmedia":[{"embeddable":true,"href":"https:\/\/agora.xtec.cat\/ceip-joanmiro-barcelona\/wp-json\/wp\/v2\/media\/793"}],"wp:attachment":[{"href":"https:\/\/agora.xtec.cat\/ceip-joanmiro-barcelona\/wp-json\/wp\/v2\/media?parent=783"}],"wp:term":[{"taxonomy":"category","embeddable":true,"href":"https:\/\/agora.xtec.cat\/ceip-joanmiro-barcelona\/wp-json\/wp\/v2\/categories?post=783"},{"taxonomy":"post_tag","embeddable":true,"href":"https:\/\/agora.xtec.cat\/ceip-joanmiro-barcelona\/wp-json\/wp\/v2\/tags?post=783"}],"curies":[{"name":"wp","href":"https:\/\/api.w.org\/{rel}","templated":true}]}}