{"id":7828,"date":"2020-10-16T08:55:48","date_gmt":"2020-10-16T06:55:48","guid":{"rendered":"http:\/\/agora.xtec.cat\/ceip-joanmiro-barcelona\/?p=7828"},"modified":"2020-10-16T09:03:19","modified_gmt":"2020-10-16T07:03:19","slug":"festa-major","status":"publish","type":"post","link":"https:\/\/agora.xtec.cat\/ceip-joanmiro-barcelona\/general\/festa-major\/","title":{"rendered":"Educaci\u00f3 Infantil celebra la Festa Major"},"content":{"rendered":"<p><span style=\"font-weight: 400;\">Com cada any, <\/span><span style=\"font-weight: 400;\">l\u2019Escola<\/span><span style=\"font-weight: 400;\"> tamb\u00e9 ha volgut celebrar la Festa <\/span><span style=\"font-weight: 400;\">Major del Barri. Els nens i les nenes de P3, P4 i P5 hem fet una gran festa al pati amb els nostres gegants, l\u2019Estel i la Lluna, i els capgrossos Banyeta i N\u00e0pies. Cadasc\u00fa a la nostra rotllana hem esmorzat coca i xocolata i hem pogut ballar al so de la m\u00fasica que sonava. Ha estat una gran festa!\u00a0<\/span><\/p>\n\r\n\t<div class=\"slideshow_container slideshow_container_style-light\" style=\" \" data-slideshow-id=\"7820\" data-style-name=\"style-light\" data-style-version=\"2.3.1\" >\r\n\r\n\t\t\t\t\t<div class=\"slideshow_loading_icon\"><\/div>\r\n\t\t\r\n\t\t<div class=\"slideshow_content\" style=\"display: none;\">\r\n\r\n\t\t\t<div class=\"slideshow_view\">\r\n\t\t\t\t<div class=\"slideshow_slide slideshow_slide_image\">\r\n\t\t\t\t\t\t\t\t\t\t\t<img src=\"https:\/\/agora.xtec.cat\/ceip-joanmiro-barcelona\/wp-content\/uploads\/usu741\/2020\/10\/abelles-min.jpg\" alt=\"abelles-min\" width=\"3648\" height=\"2736\" \/>\r\n\t\t\t\t\t\t\t\t\t\t<div class=\"slideshow_description_box slideshow_transparent\">\r\n\t\t\t\t\t\t<div class=\"slideshow_title\">abelles-min<\/div>\t\t\t\t\t\t\t\t\t\t\t<\/div>\r\n\t\t\t\t<\/div>\r\n\r\n\t\t\t\t\t\t<div style=\"clear: both;\"><\/div><\/div><div class=\"slideshow_view\">\r\n\t\t\t\t<div class=\"slideshow_slide slideshow_slide_image\">\r\n\t\t\t\t\t\t\t\t\t\t\t<img src=\"https:\/\/agora.xtec.cat\/ceip-joanmiro-barcelona\/wp-content\/uploads\/usu741\/2020\/10\/cabretes-min.jpg\" alt=\"cabretes-min\" width=\"4608\" height=\"3456\" \/>\r\n\t\t\t\t\t\t\t\t\t\t<div class=\"slideshow_description_box slideshow_transparent\">\r\n\t\t\t\t\t\t<div class=\"slideshow_title\">cabretes-min<\/div>\t\t\t\t\t\t\t\t\t\t\t<\/div>\r\n\t\t\t\t<\/div>\r\n\r\n\t\t\t\t\t\t<div style=\"clear: both;\"><\/div><\/div><div class=\"slideshow_view\">\r\n\t\t\t\t<div class=\"slideshow_slide slideshow_slide_image\">\r\n\t\t\t\t\t\t\t\t\t\t\t<img src=\"https:\/\/agora.xtec.cat\/ceip-joanmiro-barcelona\/wp-content\/uploads\/usu741\/2020\/10\/E-min.jpg\" alt=\"E-min\" width=\"4032\" height=\"3024\" \/>\r\n\t\t\t\t\t\t\t\t\t\t<div class=\"slideshow_description_box slideshow_transparent\">\r\n\t\t\t\t\t\t<div class=\"slideshow_title\">E-min<\/div>\t\t\t\t\t\t\t\t\t\t\t<\/div>\r\n\t\t\t\t<\/div>\r\n\r\n\t\t\t\t\t\t<div style=\"clear: both;\"><\/div><\/div><div class=\"slideshow_view\">\r\n\t\t\t\t<div class=\"slideshow_slide slideshow_slide_image\">\r\n\t\t\t\t\t\t\t\t\t\t\t<img src=\"https:\/\/agora.xtec.cat\/ceip-joanmiro-barcelona\/wp-content\/uploads\/usu741\/2020\/10\/formigues-min.jpg\" alt=\"formigues-min\" width=\"4160\" height=\"3120\" \/>\r\n\t\t\t\t\t\t\t\t\t\t<div class=\"slideshow_description_box slideshow_transparent\">\r\n\t\t\t\t\t\t<div class=\"slideshow_title\">formigues-min<\/div>\t\t\t\t\t\t\t\t\t\t\t<\/div>\r\n\t\t\t\t<\/div>\r\n\r\n\t\t\t\t\t\t<div style=\"clear: both;\"><\/div><\/div><div class=\"slideshow_view\">\r\n\t\t\t\t<div class=\"slideshow_slide slideshow_slide_image\">\r\n\t\t\t\t\t\t\t\t\t\t\t<img src=\"https:\/\/agora.xtec.cat\/ceip-joanmiro-barcelona\/wp-content\/uploads\/usu741\/2020\/10\/G3-min.jpg\" alt=\"G3-min\" width=\"2700\" height=\"2025\" \/>\r\n\t\t\t\t\t\t\t\t\t\t<div class=\"slideshow_description_box slideshow_transparent\">\r\n\t\t\t\t\t\t<div class=\"slideshow_title\">G3-min<\/div>\t\t\t\t\t\t\t\t\t\t\t<\/div>\r\n\t\t\t\t<\/div>\r\n\r\n\t\t\t\t\t\t<div style=\"clear: both;\"><\/div><\/div><div class=\"slideshow_view\">\r\n\t\t\t\t<div class=\"slideshow_slide slideshow_slide_image\">\r\n\t\t\t\t\t\t\t\t\t\t\t<img src=\"https:\/\/agora.xtec.cat\/ceip-joanmiro-barcelona\/wp-content\/uploads\/usu741\/2020\/10\/llops-min.jpg\" alt=\"llops-min\" width=\"3248\" height=\"2285\" \/>\r\n\t\t\t\t\t\t\t\t\t\t<div class=\"slideshow_description_box slideshow_transparent\">\r\n\t\t\t\t\t\t<div class=\"slideshow_title\">llops-min<\/div>\t\t\t\t\t\t\t\t\t\t\t<\/div>\r\n\t\t\t\t<\/div>\r\n\r\n\t\t\t\t\t\t<div style=\"clear: both;\"><\/div><\/div><div class=\"slideshow_view\">\r\n\t\t\t\t<div class=\"slideshow_slide slideshow_slide_image\">\r\n\t\t\t\t\t\t\t\t\t\t\t<img src=\"https:\/\/agora.xtec.cat\/ceip-joanmiro-barcelona\/wp-content\/uploads\/usu741\/2020\/10\/R-min.jpg\" alt=\"R-min\" width=\"3180\" height=\"2035\" \/>\r\n\t\t\t\t\t\t\t\t\t\t<div class=\"slideshow_description_box slideshow_transparent\">\r\n\t\t\t\t\t\t<div class=\"slideshow_title\">R-min<\/div>\t\t\t\t\t\t\t\t\t\t\t<\/div>\r\n\t\t\t\t<\/div>\r\n\r\n\t\t\t\t\t\t<div style=\"clear: both;\"><\/div><\/div>\r\n\t\t<\/div>\r\n\r\n\t\t<div class=\"slideshow_controlPanel slideshow_transparent\" style=\"display: none;\"><ul><li class=\"slideshow_togglePlay\" data-play-text=\"Visualitza\" data-pause-text=\"Pausa\"><\/li><\/ul><\/div>\r\n\r\n\t\t<div class=\"slideshow_button slideshow_previous slideshow_transparent\" role=\"button\" data-previous-text=\"Anterior\" style=\"display: none;\"><\/div>\r\n\t\t<div class=\"slideshow_button slideshow_next slideshow_transparent\" role=\"button\" data-next-text=\"Seg\u00fcent\" style=\"display: none;\"><\/div>\r\n\r\n\t\t<div class=\"slideshow_pagination\" style=\"display: none;\" data-go-to-text=\"V\u00e9s a la diapositiva\"><div class=\"slideshow_pagination_center\"><\/div><\/div>\r\n\r\n\t\t<!-- WordPress Slideshow Version 2.3.1 -->\r\n\r\n\t\t\t<\/div>\r\n\r\n\n","protected":false},"excerpt":{"rendered":"<p>Com cada any, l\u2019Escola tamb\u00e9 ha volgut celebrar la Festa Major del Barri. Els nens i les nenes de P3, P4 i P5 hem fet una gran festa al pati amb els nostres gegants, l\u2019Estel i la Lluna, i els capgrossos Banyeta i N\u00e0pies. Cadasc\u00fa&hellip;  <a href=\"https:\/\/agora.xtec.cat\/ceip-joanmiro-barcelona\/general\/festa-major\/\" title=\"Read Educaci\u00f3 Infantil celebra la Festa Major\">Llegeix m\u00e9s\u00bb<\/a><\/p>\n","protected":false},"author":1,"featured_media":7822,"comment_status":"closed","ping_status":"closed","sticky":false,"template":"","format":"standard","meta":{"_bbp_topic_count":0,"_bbp_reply_count":0,"_bbp_total_topic_count":0,"_bbp_total_reply_count":0,"_bbp_voice_count":0,"_bbp_anonymous_reply_count":0,"_bbp_topic_count_hidden":0,"_bbp_reply_count_hidden":0,"_bbp_forum_subforum_count":0,"footnotes":""},"categories":[229,230,177,1,2,4],"tags":[],"class_list":["post-7828","post","type-post","status-publish","format-standard","has-post-thumbnail","hentry","category-tercer","category-quart","category-cinque","category-general","category-infantil","category-portada"],"post_mailing_queue_ids":[],"_links":{"self":[{"href":"https:\/\/agora.xtec.cat\/ceip-joanmiro-barcelona\/wp-json\/wp\/v2\/posts\/7828","targetHints":{"allow":["GET"]}}],"collection":[{"href":"https:\/\/agora.xtec.cat\/ceip-joanmiro-barcelona\/wp-json\/wp\/v2\/posts"}],"about":[{"href":"https:\/\/agora.xtec.cat\/ceip-joanmiro-barcelona\/wp-json\/wp\/v2\/types\/post"}],"author":[{"embeddable":true,"href":"https:\/\/agora.xtec.cat\/ceip-joanmiro-barcelona\/wp-json\/wp\/v2\/users\/1"}],"replies":[{"embeddable":true,"href":"https:\/\/agora.xtec.cat\/ceip-joanmiro-barcelona\/wp-json\/wp\/v2\/comments?post=7828"}],"version-history":[{"count":3,"href":"https:\/\/agora.xtec.cat\/ceip-joanmiro-barcelona\/wp-json\/wp\/v2\/posts\/7828\/revisions"}],"predecessor-version":[{"id":7851,"href":"https:\/\/agora.xtec.cat\/ceip-joanmiro-barcelona\/wp-json\/wp\/v2\/posts\/7828\/revisions\/7851"}],"wp:featuredmedia":[{"embeddable":true,"href":"https:\/\/agora.xtec.cat\/ceip-joanmiro-barcelona\/wp-json\/wp\/v2\/media\/7822"}],"wp:attachment":[{"href":"https:\/\/agora.xtec.cat\/ceip-joanmiro-barcelona\/wp-json\/wp\/v2\/media?parent=7828"}],"wp:term":[{"taxonomy":"category","embeddable":true,"href":"https:\/\/agora.xtec.cat\/ceip-joanmiro-barcelona\/wp-json\/wp\/v2\/categories?post=7828"},{"taxonomy":"post_tag","embeddable":true,"href":"https:\/\/agora.xtec.cat\/ceip-joanmiro-barcelona\/wp-json\/wp\/v2\/tags?post=7828"}],"curies":[{"name":"wp","href":"https:\/\/api.w.org\/{rel}","templated":true}]}}